{"id":37091,"date":"2024-09-14T13:08:41","date_gmt":"2024-09-14T13:08:41","guid":{"rendered":"https:\/\/tvbrazilusa.com\/2024\/09\/14\/veja-em-quais-casos-a-aspirina-e-indicada-para-uso-diario\/"},"modified":"2024-09-14T13:08:41","modified_gmt":"2024-09-14T13:08:41","slug":"veja-em-quais-casos-a-aspirina-e-indicada-para-uso-diario","status":"publish","type":"post","link":"https:\/\/tvbrazilusa.com\/pt\/2024\/09\/14\/veja-em-quais-casos-a-aspirina-e-indicada-para-uso-diario\/","title":{"rendered":"Veja em quais casos a aspirina \u00e9 indicada para uso di\u00e1rio"},"content":{"rendered":"<p> <script async src=\"https:\/\/pagead2.googlesyndication.com\/pagead\/js\/adsbygoogle.js?client=ca-pub-8864793242727901\"\r\n     crossorigin=\"anonymous\"><\/script><br \/>\n<\/p>\n<div id=\"taboola-read-more\" style=\"display:block; width:100%\">\n<p>A aspirina \u00e9 um medicamento popular utilizado para tratar dor, inflama\u00e7\u00e3o e febre. Al\u00e9m disso, o rem\u00e9dio \u00e9 popularmente utilizado de forma profil\u00e1tica contra doen\u00e7as card\u00edacas. Por\u00e9m, desde 2019, esse medicamento n\u00e3o \u00e9 mais recomendado para homens com mais de 50 anos e mulheres com mais de 60, segundo o American College of Cardiology (ACC) ou Col\u00e9gio Americano de Cardiologia, em tradu\u00e7\u00e3o livre, e a Associa\u00e7\u00e3o Americana de Cardiologia.<\/p>\n<p>Nesse contexto, o cardiologista Dr. Jeremy Londou publicou um v\u00eddeo em seu TikTok na \u00faltima quarta-feira (11), explicando que, realmente, nem todo mundo deve tomar aspirinas como forma preventiva. Por\u00e9m, h\u00e1 dois grupos espec\u00edficos que devem tomar doses do rem\u00e9dio diariamente. Texto tamb\u00e9m possui informa\u00e7\u00f5es do New York Post.<\/p>\n<p><strong>Quem deve tomar duas aspirinas por dia?<\/strong><\/p>\n<p>O cardiologista Dr. Jeremy London explica que h\u00e1 dois tipos de pacientes que se beneficiam por tomar aspirina todo dia. O primeiro s\u00e3o as pessoas que tiveram algum ataque card\u00edaco ou derrame:<\/p>\n<p>\u2014 Desde que [essas pessoas] n\u00e3o tenham hist\u00f3rico de complica\u00e7\u00f5es de sangramento, eles devem tomar de 75 a 100 mg de aspirina por dia \u2014, explica.<\/p>\n<p>O m\u00e9dico tamb\u00e9m explica que o segundo grupo de pessoas que podem ter algum benef\u00edcio pela dose di\u00e1ria de aspirina s\u00e3o pessoas que n\u00e3o tiveram ataque card\u00edaco, mas est\u00e3o entre 40 e 70 anos de idade.<\/p>\n<p>\u2014 Se voc\u00ea se enquadra nessa [segunda] categoria, e tem um risco progressivo de eventos cardiovasculares, voc\u00ea pode considerar a terapia [profil\u00e1tica] com aspirina \u2014, complementa.<\/p>\n<p>No entanto, para pessoas com 70 anos ou mais, o cardiologista explica que os riscos de desconforto gastrointestinal e sangramento associados \u00e0 aspirina superam os benef\u00edcios de tom\u00e1-la para prevenir eventos cardiovasculares. Por isso, n\u00e3o recomenda que pessoas acima de 70 anos tome o rem\u00e9dio.<\/p>\n<p>Essa recomenda\u00e7\u00e3o tamb\u00e9m est\u00e3o alinhadas com o Dr. Roger Blumenthal, especialisa do American Heart Association (Associa\u00e7\u00e3o Americana de Cardiologia, em tradu\u00e7\u00e3o livre).<\/p>\n<p>\u2014 Tomar aspirina [todos os dias] n\u00e3o \u00e9 mais recomendado para pessoas que nunca tiveram um evento card\u00edaco. \u00c9 recomendado apenas para pessoas que os profissionais de sa\u00fade acham que t\u00eam um risco significativo e alto o suficiente para merecer continuar a tom\u00e1-la \u2014, complementa.<\/p>\n<p>Embora haja custos e benef\u00edcios a serem considerados na terapia com aspirina, uma nova pesquisa do Mass General Brigham descobriu que tomar duas aspirinas por semana pode ajudar a reduzir o risco de c\u00e2ncer colorretal em adultos que vivem estilos de vida pouco saud\u00e1veis.<\/p>\n<p>Independende de qual grupo voc\u00ea possa estar classificado, nunca tome um rem\u00e9dio sem consultar seu m\u00e9dico, que far\u00e1 a recomenda\u00e7\u00e3o adequada para seu organismo e condi\u00e7\u00e3o m\u00e9dica.<\/p>\n<p><strong>Efeitos da aspirina, conforme fabricante<\/strong><\/p>\n<p>De acordo com a bula da aspirina, o rem\u00e9dio pode ter as segundas rea\u00e7\u00f5es e efeitos colaterais:<\/p>\n<p>\u201cDist\u00farbios do trato gastrintestinal como m\u00e1 digest\u00e3o (dispepsia), dor gastrintestinal e abdominal, raramente inflama\u00e7\u00e3o gastrintestinal, \u00falcera gastrintestinal, podendo levar, mas muito raramente, a \u00falcera gastrintestinal com hemorragia e perfura\u00e7\u00e3o, com os respectivos sinais e sintomas laboratoriais e cl\u00ednicos; doen\u00e7a do diafragma intestinal, caracterizada por m\u00faltiplos finos septos (diafragmas) e que podem levar a obstru\u00e7\u00e3o intestinal, com frequ\u00eancia desconhecida (especialmente no tratamento de longo prazo);<\/p>\n<p>Aumento do risco de sangramento devido a seu efeito inibit\u00f3rio sobre a agrega\u00e7\u00e3o plaquet\u00e1ria, como hemorragia intra e p\u00f3s-operat\u00f3ria, hematomas, sangramento nasal (epistaxe), sangramento urogenital (pela urina e genitais) e sangramento gengival;<\/p>\n<p>Foram raros a muito raros os relatos de sangramentos graves, como hemorragia do trato gastrintestinal e hemorragia cerebral (especialmente em pacientes com press\u00e3o alta n\u00e3o controlada e\/ ou em uso concomitante de agentes anti-hemost\u00e1ticos), que em casos isolados podem ter potencial risco de morte;<\/p>\n<p>Anemia p\u00f3s-hemorr\u00e1gica\/ anemia por defici\u00eancia de ferro (por exemplo, sangramento oculto), a longo ou curto prazo (cr\u00f4nica ou aguda), apresentando sintomas como fraqueza (astenia), palidez e diminui\u00e7\u00e3o da circula\u00e7\u00e3o sangu\u00ednea (hipoperfus\u00e3o);<\/p>\n<p>Rea\u00e7\u00f5es al\u00e9rgicas (hipersensibilidade) como doen\u00e7a respirat\u00f3ria exacerbada por aspirina, rea\u00e7\u00f5es leves a moderadas que potencialmente afetam a pele, o trato respirat\u00f3rio, o trato gastrintestinal e o sistema cardiovascular, com sintomas tais como erup\u00e7\u00f5es na pele (rash cut\u00e2neo), urtic\u00e1ria, incha\u00e7o (edema), coceira (prurido), rinite, congest\u00e3o nasal, altera\u00e7\u00f5es cardio- respirat\u00f3rias e, muito raramente, rea\u00e7\u00f5es graves, como choque anafil\u00e1tico;<\/p>\n<p>Mau funcionamento tempor\u00e1rio do f\u00edgado tem sido relatado muito raramente (disfun\u00e7\u00e3o hep\u00e1tica transit\u00f3ria com aumento das transaminases hep\u00e1ticas);<\/p>\n<p>Zumbidos (tinitos) e tonturas, que podem ser indicativos de sobredose;<\/p>\n<p>Destrui\u00e7\u00e3o\/rompimento das c\u00e9lulas sangu\u00edneas (hem\u00f3lise) e anemia hemol\u00edtica em pacientes que sofrem de defici\u00eancia grave de glicose-6-fosfato desidrogenase (G6PD);<\/p>\n<p>Comprometimento dos rins e altera\u00e7\u00e3o da fun\u00e7\u00e3o dos rins (insufici\u00eancia renal aguda).<\/p>\n<p>O \u00e1cido acetilsalic\u00edlico pode causar a s\u00edndrome de Reye, uma rara, mas grave rea\u00e7\u00e3o que se apresenta como dist\u00farbio da consci\u00eancia, comportamento anormal ou v\u00f4mitos, em crian\u00e7as com doen\u00e7a viral (veja item \u201c4. O que devo saber antes de usar este medicamento?\u201d).\u201d<\/p>\n<p>Fonte:\u00a0nsctotal<\/p>\n<\/p><\/div>\n<p><br \/>\n<br \/><a href=\"https:\/\/diariodobrasilnoticias.com.br\/noticia\/veja-em-quais-casos-a-aspirina-e-indicada-para-uso-diario-66e584b108d07\">Source link <\/a><\/p>","protected":false},"excerpt":{"rendered":"<p>A aspirina \u00e9 um medicamento popular utilizado para tratar dor, inflama\u00e7\u00e3o e febre. Al\u00e9m disso, o rem\u00e9dio \u00e9 popularmente utilizado de forma profil\u00e1tica contra doen\u00e7as card\u00edacas. Por\u00e9m, desde 2019, esse&hellip;<\/p>","protected":false},"author":1,"featured_media":37092,"comment_status":"closed","ping_status":"open","sticky":false,"template":"","format":"standard","meta":{"content-type":"","footnotes":""},"categories":[16],"tags":[123,2448,5313,1267],"class_list":["post-37091","post","type-post","status-publish","format-standard","has-post-thumbnail","hentry","category-noticias","tag-brasil","tag-diario","tag-noticia","tag-noticias"],"_links":{"self":[{"href":"https:\/\/tvbrazilusa.com\/pt\/wp-json\/wp\/v2\/posts\/37091","targetHints":{"allow":["GET"]}}],"collection":[{"href":"https:\/\/tvbrazilusa.com\/pt\/wp-json\/wp\/v2\/posts"}],"about":[{"href":"https:\/\/tvbrazilusa.com\/pt\/wp-json\/wp\/v2\/types\/post"}],"author":[{"embeddable":true,"href":"https:\/\/tvbrazilusa.com\/pt\/wp-json\/wp\/v2\/users\/1"}],"replies":[{"embeddable":true,"href":"https:\/\/tvbrazilusa.com\/pt\/wp-json\/wp\/v2\/comments?post=37091"}],"version-history":[{"count":1,"href":"https:\/\/tvbrazilusa.com\/pt\/wp-json\/wp\/v2\/posts\/37091\/revisions"}],"predecessor-version":[{"id":37093,"href":"https:\/\/tvbrazilusa.com\/pt\/wp-json\/wp\/v2\/posts\/37091\/revisions\/37093"}],"wp:featuredmedia":[{"embeddable":true,"href":"https:\/\/tvbrazilusa.com\/pt\/wp-json\/wp\/v2\/media\/37092"}],"wp:attachment":[{"href":"https:\/\/tvbrazilusa.com\/pt\/wp-json\/wp\/v2\/media?parent=37091"}],"wp:term":[{"taxonomy":"category","embeddable":true,"href":"https:\/\/tvbrazilusa.com\/pt\/wp-json\/wp\/v2\/categories?post=37091"},{"taxonomy":"post_tag","embeddable":true,"href":"https:\/\/tvbrazilusa.com\/pt\/wp-json\/wp\/v2\/tags?post=37091"}],"curies":[{"name":"wp","href":"https:\/\/api.w.org\/{rel}","templated":true}]}}