{"id":37112,"date":"2024-09-14T14:00:38","date_gmt":"2024-09-14T14:00:38","guid":{"rendered":"https:\/\/tvbrazilusa.com\/2024\/09\/14\/assedio-universidade-vai-rever-vinculo-com-o-professor-e-agora-ex-ministro-silvio-almeida\/"},"modified":"2024-09-14T14:00:39","modified_gmt":"2024-09-14T14:00:39","slug":"assedio-universidade-vai-rever-vinculo-com-o-professor-e-agora-ex-ministro-silvio-almeida","status":"publish","type":"post","link":"https:\/\/tvbrazilusa.com\/pt\/2024\/09\/14\/assedio-universidade-vai-rever-vinculo-com-o-professor-e-agora-ex-ministro-silvio-almeida\/","title":{"rendered":"Ass\u00e9dio: Universidade vai rever v\u00ednculo com o professor e agora ex-ministro Silvio Almeida"},"content":{"rendered":"<p> <script async src=\"https:\/\/pagead2.googlesyndication.com\/pagead\/js\/adsbygoogle.js?client=ca-pub-8864793242727901\"\r\n     crossorigin=\"anonymous\"><\/script><br \/>\n<\/p>\n<div id=\"taboola-read-more\" style=\"display:block; width:100%\">\n<p>A Universidade Presbiteriana Mackenzie, uma das maiores institui\u00e7\u00f5es de ensino privado do Brasil, reavaliar\u00e1 o v\u00ednculo com o ex-ministro dos Direitos Humanos e Cidadania Silvio Almeida. Ele foi demitido do governo Lula ap\u00f3s ser alvo de den\u00fancias de ass\u00e9dio sexual. O jurista faz parte do corpo docente de gradua\u00e7\u00e3o e p\u00f3s-gradua\u00e7\u00e3o stricto sensu no Campus Higien\u00f3polis, em S\u00e3o Paulo (SP).<\/p>\n<p>Procurada pela coluna, a Mackenzie informou que o \u201cprofessor Silvio Almeida n\u00e3o est\u00e1 no exerc\u00edcio de suas atividades docentes neste semestre\u201d e que escutar\u00e1 o ex-ministro ap\u00f3s o fim das atividades deste ciclo, que ser\u00e1 encerrado no fim do ano. Somente ap\u00f3s ouvi-lo sobre as acusa\u00e7\u00f5es de ass\u00e9dio, a Universidade tomar\u00e1 uma decis\u00e3o.<\/p>\n<p>Al\u00e9m da Mackenzie, Silvio Almeida foi professor titular na Funda\u00e7\u00e3o Getulio Vargas, na Universidade S\u00e3o Judas e na na Universidade Zumbi dos Palmares. Tamb\u00e9m lecionou como visitante na Universidade de Columbia, em Nova York, e na Universidade de Duke, ambas nos Estados Unidos.<\/p>\n<p>Ele \u00e9 graduado em filosofia pela Universidade de S\u00e3o Paulo (USP) e em direito econ\u00f4mico pela pr\u00f3pria Mackenzie, onde tamb\u00e9m fez p\u00f3s-gradua\u00e7\u00e3o e mestrado em direito pol\u00edtico. Al\u00e9m disso, o ex-ministro tem doutorado e p\u00f3s-doutorado em direito pela USP.<\/p>\n<p><strong>As den\u00fancias contra Silvio Almeida<\/strong><\/p>\n<p>Considerado um dos ministros da ala ideol\u00f3gica do governo Lula, Silvio Almeida foi alvo de den\u00fancias de ass\u00e9dio sexual, reveladas pelo colunista Guilherme Amado, do Metr\u00f3poles. Uma das supostas v\u00edtimas \u00e9 a ministra de Igualdade Racial, Anielle Franco. O caso levou \u00e0 sua demiss\u00e3o em 6 de setembro, um dia ap\u00f3s o caso ser revelado.<\/p>\n<p>A escolhida para comandar o MDHC foi Maca\u00e9 Evaristo. Ela passa pelo processo de transi\u00e7\u00e3o, acompanhada pela ministra interina, Esther Dweck, que tamb\u00e9m comanda o Minist\u00e9rio da Gest\u00e3o e Inova\u00e7\u00e3o.<\/p>\n<p>Fonte: Metr\u00f3poles<\/p>\n<\/p><\/div>\n<p><br \/>\n<br \/><a href=\"https:\/\/diariodobrasilnoticias.com.br\/noticia\/assedio-universidade-vai-rever-vinculo-com-o-professor-e-agora-ex-ministro-silvio-almeida-66e592c21d0b1\">Source link <\/a><\/p>","protected":false},"excerpt":{"rendered":"<p>A Universidade Presbiteriana Mackenzie, uma das maiores institui\u00e7\u00f5es de ensino privado do Brasil, reavaliar\u00e1 o v\u00ednculo com o ex-ministro dos Direitos Humanos e Cidadania Silvio Almeida. Ele foi demitido do&hellip;<\/p>","protected":false},"author":1,"featured_media":37113,"comment_status":"closed","ping_status":"open","sticky":false,"template":"","format":"standard","meta":{"content-type":"","footnotes":""},"categories":[16],"tags":[123,2448,5313,1267],"class_list":["post-37112","post","type-post","status-publish","format-standard","has-post-thumbnail","hentry","category-noticias","tag-brasil","tag-diario","tag-noticia","tag-noticias"],"_links":{"self":[{"href":"https:\/\/tvbrazilusa.com\/pt\/wp-json\/wp\/v2\/posts\/37112","targetHints":{"allow":["GET"]}}],"collection":[{"href":"https:\/\/tvbrazilusa.com\/pt\/wp-json\/wp\/v2\/posts"}],"about":[{"href":"https:\/\/tvbrazilusa.com\/pt\/wp-json\/wp\/v2\/types\/post"}],"author":[{"embeddable":true,"href":"https:\/\/tvbrazilusa.com\/pt\/wp-json\/wp\/v2\/users\/1"}],"replies":[{"embeddable":true,"href":"https:\/\/tvbrazilusa.com\/pt\/wp-json\/wp\/v2\/comments?post=37112"}],"version-history":[{"count":1,"href":"https:\/\/tvbrazilusa.com\/pt\/wp-json\/wp\/v2\/posts\/37112\/revisions"}],"predecessor-version":[{"id":37114,"href":"https:\/\/tvbrazilusa.com\/pt\/wp-json\/wp\/v2\/posts\/37112\/revisions\/37114"}],"wp:featuredmedia":[{"embeddable":true,"href":"https:\/\/tvbrazilusa.com\/pt\/wp-json\/wp\/v2\/media\/37113"}],"wp:attachment":[{"href":"https:\/\/tvbrazilusa.com\/pt\/wp-json\/wp\/v2\/media?parent=37112"}],"wp:term":[{"taxonomy":"category","embeddable":true,"href":"https:\/\/tvbrazilusa.com\/pt\/wp-json\/wp\/v2\/categories?post=37112"},{"taxonomy":"post_tag","embeddable":true,"href":"https:\/\/tvbrazilusa.com\/pt\/wp-json\/wp\/v2\/tags?post=37112"}],"curies":[{"name":"wp","href":"https:\/\/api.w.org\/{rel}","templated":true}]}}