{"id":37127,"date":"2024-09-14T14:43:00","date_gmt":"2024-09-14T14:43:00","guid":{"rendered":"https:\/\/tvbrazilusa.com\/2024\/09\/14\/o-40o-aniversario-do-principe-harry-marca-o-momento-em-que-o-patife-real-chega-a-meia-idade\/"},"modified":"2024-09-14T14:45:08","modified_gmt":"2024-09-14T14:45:08","slug":"o-40o-aniversario-do-principe-harry-marca-o-momento-em-que-o-patife-real-chega-a-meia-idade","status":"publish","type":"post","link":"https:\/\/tvbrazilusa.com\/pt\/2024\/09\/14\/o-40o-aniversario-do-principe-harry-marca-o-momento-em-que-o-patife-real-chega-a-meia-idade\/","title":{"rendered":"O 40\u00ba anivers\u00e1rio do pr\u00edncipe Harry marca o momento em que o patife real chega \u00e0 meia-idade"},"content":{"rendered":"<p> <script async src=\"https:\/\/pagead2.googlesyndication.com\/pagead\/js\/adsbygoogle.js?client=ca-pub-8864793242727901\"\r\n     crossorigin=\"anonymous\"><\/script><br \/>\n<\/p>\n<div id=\"\">\n<header class=\"m-article-header m-article-header--standard\">\n\t\t\t\t\t\t\t\t\t\t\t\t<span id=\"article-header-primary-term\"><br \/>\n\t\t\t\t\t\t\t\t<a class=\"a-term a-term--primary\" href=\"https:\/\/www.boston.com\/tag\/celebs\/\"><\/p>\n<p>\t\t\t\t\t\t\t\tCelebridades\t\t\t\t\t\t\t\t<\/a><br \/>\n\t\t\t\t\t\t\t<\/span><\/p>\n<h2 class=\"m-article-header__sub-headline\">Agora, o jovem revoltado est\u00e1 completando 40 anos, o que lhe d\u00e1 a oportunidade de refletir sobre o passado ou de olhar para o futuro, pensando no que ainda pode ser alcan\u00e7ado.<\/h2>\n<figure class=\"a-photo m-article-header__photo\"><figcaption class=\"a-photo__caption\">\n<p>\tO pr\u00edncipe brit\u00e2nico Harry, duque de Sussex, acena durante a corrida de F\u00f3rmula 1 do Grande Pr\u00eamio dos EUA no Circuito das Am\u00e9ricas, em 22 de outubro de 2023, em Austin, Texas. (AP Photo\/Nick Didlick, arquivo)<em> <\/em>\t<\/figcaption><\/figure>\n<div class=\"m-article-header__meta\">\n<div class=\"m-article-header__byline\">\n<p class=\"m-article-header__author\">\n<p>\t\t\t\t\t\t\t\tPor DANICA KIRKA, Associated Press\t\t\t\t\t\t\t<\/p>\n<p>\t\t\t\t\t\t    \t\t\t\t\t\t\t<time class=\"m-article-header__date\"><\/p>\n<p>        \t\t\t\t\t\t\t14 de setembro de 2024 | 10:43 AM    \t\t\t\t\t\t\t<\/time><\/p><\/div>\n<\/p><\/div>\n<\/header>\n<p>LONDRES (AP) \u2014 O pr\u00edncipe Harry sempre foi algo diferente.<\/p>\n<p>Desde o momento em que apareceu pela primeira vez em p\u00fablico, aconchegado nos bra\u00e7os da Princesa Diana do lado de fora do hospital de Londres onde nasceu em 1984, Harry era o sujeito ruivo que mostrava a l\u00edngua para os fot\u00f3grafos. Ele se tornou um adolescente barulhento que foi duramente criticado por usar um uniforme nazista em uma festa \u00e0 fantasia, e depois um jovem que desistiu das armadilhas da vida real e se mudou para o sul da Calif\u00f3rnia com sua esposa americana.<\/p>\n<figure class=\"wp-block-image size-full\"><img loading=\"lazy\" decoding=\"async\" width=\"1024\" height=\"662\" src=\"https:\/\/bdc2020.o0bc.com\/wp-content\/uploads\/2024\/09\/AP24246656647009-66e59cb99d8db.jpg\" alt=\"\" class=\"wp-image-31696322\" srcset=\"https:\/\/bdc2020.o0bc.com\/wp-content\/uploads\/2024\/09\/AP24246656647009-66e59cb99d8db.jpg?width=200 200w, https:\/\/bdc2020.o0bc.com\/wp-content\/uploads\/2024\/09\/AP24246656647009-66e59cb99d8db.jpg?width=300 300w, https:\/\/bdc2020.o0bc.com\/wp-content\/uploads\/2024\/09\/AP24246656647009-66e59cb99d8db.jpg?width=400 400w, https:\/\/bdc2020.o0bc.com\/wp-content\/uploads\/2024\/09\/AP24246656647009-66e59cb99d8db.jpg?width=500 500w, https:\/\/bdc2020.o0bc.com\/wp-content\/uploads\/2024\/09\/AP24246656647009-66e59cb99d8db.jpg?width=600 600w, https:\/\/bdc2020.o0bc.com\/wp-content\/uploads\/2024\/09\/AP24246656647009-66e59cb99d8db.jpg?width=700 700w, https:\/\/bdc2020.o0bc.com\/wp-content\/uploads\/2024\/09\/AP24246656647009-66e59cb99d8db.jpg?width=800 800w, https:\/\/bdc2020.o0bc.com\/wp-content\/uploads\/2024\/09\/AP24246656647009-66e59cb99d8db.jpg?width=900 900w\" sizes=\"auto, (max-width: 1024px) 100vw, 1024px\"\/><figcaption class=\"wp-element-caption\">O pr\u00edncipe e a princesa de Gales, o pr\u00edncipe Charles e a princesa Diana, deixam o Hospital St. Mary em Paddington, Londres, em 16 de setembro de 1984, com seu novo filho, o pr\u00edncipe Harry, que nasceu em 15 de setembro. (Foto AP, arquivo)<\/figcaption><\/figure>\n<p>Em meio a tudo isso, havia uma sensa\u00e7\u00e3o de que Harry estava se rebelando contra um acidente de nascimento que o tornou, no c\u00e1lculo severo da Casa de Windsor, apenas &#8220;o reserva&#8221;. Como o segundo filho do homem que agora \u00e9 o Rei Carlos III, ele foi criado como um pr\u00edncipe, mas n\u00e3o herdaria o trono a menos que seu irm\u00e3o William sofresse algum dano.<\/p>\n<p>Agora, o jovem revoltado est\u00e1 completando 40 anos, a metade da vida de muitas pessoas, o que lhe d\u00e1 a chance de refletir sobre o passado ou ansiar pelo que ainda pode ser alcan\u00e7ado.<\/p>\n<figure class=\"wp-block-image size-full\"><img loading=\"lazy\" decoding=\"async\" width=\"662\" height=\"1024\" src=\"https:\/\/bdc2020.o0bc.com\/wp-content\/uploads\/2024\/09\/AP24246656837618-66e59cd7ac87c.jpg\" alt=\"\" class=\"wp-image-31696331\" srcset=\"https:\/\/bdc2020.o0bc.com\/wp-content\/uploads\/2024\/09\/AP24246656837618-66e59cd7ac87c.jpg?width=200 200w, https:\/\/bdc2020.o0bc.com\/wp-content\/uploads\/2024\/09\/AP24246656837618-66e59cd7ac87c.jpg?width=300 300w, https:\/\/bdc2020.o0bc.com\/wp-content\/uploads\/2024\/09\/AP24246656837618-66e59cd7ac87c.jpg?width=400 400w, https:\/\/bdc2020.o0bc.com\/wp-content\/uploads\/2024\/09\/AP24246656837618-66e59cd7ac87c.jpg?width=500 500w, https:\/\/bdc2020.o0bc.com\/wp-content\/uploads\/2024\/09\/AP24246656837618-66e59cd7ac87c.jpg?width=600 600w, https:\/\/bdc2020.o0bc.com\/wp-content\/uploads\/2024\/09\/AP24246656837618-66e59cd7ac87c.jpg?width=700 700w, https:\/\/bdc2020.o0bc.com\/wp-content\/uploads\/2024\/09\/AP24246656837618-66e59cd7ac87c.jpg?width=800 800w, https:\/\/bdc2020.o0bc.com\/wp-content\/uploads\/2024\/09\/AP24246656837618-66e59cd7ac87c.jpg?width=900 900w\" sizes=\"auto, (max-width: 662px) 100vw, 662px\"\/><figcaption class=\"wp-element-caption\">A princesa de Gales segura o filho, o pr\u00edncipe Harry, enquanto as fam\u00edlias reais posam para fot\u00f3grafos no Pal\u00e1cio Real, em Maiorca, Espanha, em 9 de agosto de 1987. (AP Photo\/John Redman, arquivo)<\/figcaption><\/figure>\n<p>Nos \u00faltimos quatro anos, Harry se concentrou principalmente no passado, ganhando milh\u00f5es de d\u00f3lares ao expor suas queixas em um livro de mem\u00f3rias de enorme sucesso e em uma s\u00e9rie documental da Netflix. Mas ele enfrenta a probabilidade de que a aura real t\u00e3o cr\u00edtica para sua imagem possa estar desaparecendo, disse Sally Bedell Smith, autora de \u201cCharles: The Passions and Paradoxes of an Improbable Life\u201d.<\/p>\n<p>&#8220;Ele est\u00e1 em uma esp\u00e9cie de encruzilhada&#8221;, disse Smith \u00e0 The Associated Press. &#8220;E ele parece estar lutando com a forma como quer prosseguir.&#8221;<\/p>\n<p>Nem sempre foi assim.<\/p>\n<p>Seis anos atr\u00e1s, Harry e sua esposa estavam entre os membros mais populares da realeza, um jovem casal glamoroso que refletia a face multicultural da Gr\u00e3-Bretanha moderna e era esperado que ajudasse a revitalizar a monarquia.<\/p>\n<figure class=\"wp-block-image size-full\"><img loading=\"lazy\" decoding=\"async\" width=\"608\" height=\"1024\" src=\"https:\/\/bdc2020.o0bc.com\/wp-content\/uploads\/2024\/09\/AP24246656085224-66e59cf4ee4ba.jpg\" alt=\"\" class=\"wp-image-31696344\" srcset=\"https:\/\/bdc2020.o0bc.com\/wp-content\/uploads\/2024\/09\/AP24246656085224-66e59cf4ee4ba.jpg?width=200 200w, https:\/\/bdc2020.o0bc.com\/wp-content\/uploads\/2024\/09\/AP24246656085224-66e59cf4ee4ba.jpg?width=300 300w, https:\/\/bdc2020.o0bc.com\/wp-content\/uploads\/2024\/09\/AP24246656085224-66e59cf4ee4ba.jpg?width=400 400w, https:\/\/bdc2020.o0bc.com\/wp-content\/uploads\/2024\/09\/AP24246656085224-66e59cf4ee4ba.jpg?width=500 500w, https:\/\/bdc2020.o0bc.com\/wp-content\/uploads\/2024\/09\/AP24246656085224-66e59cf4ee4ba.jpg?width=600 600w, https:\/\/bdc2020.o0bc.com\/wp-content\/uploads\/2024\/09\/AP24246656085224-66e59cf4ee4ba.jpg?width=700 700w, https:\/\/bdc2020.o0bc.com\/wp-content\/uploads\/2024\/09\/AP24246656085224-66e59cf4ee4ba.jpg?width=800 800w, https:\/\/bdc2020.o0bc.com\/wp-content\/uploads\/2024\/09\/AP24246656085224-66e59cf4ee4ba.jpg?width=900 900w\" sizes=\"auto, (max-width: 608px) 100vw, 608px\"\/><figcaption class=\"wp-element-caption\">O pr\u00edncipe Charles, o pr\u00edncipe de Gales, e seus filhos, o pr\u00edncipe William (\u00e0 esquerda), e o pr\u00edncipe Harry, aguardam o caix\u00e3o da princesa Diana ser carregado em um carro funer\u00e1rio do lado de fora da Abadia de Westminster, em Londres, em 6 de setembro de 1997. (John Gaps III\/Pool Photo via AP, arquivo)<\/figcaption><\/figure>\n<p>O casamento deles em 19 de maio de 2018 uniu um neto da Rainha Elizabeth II com a ex-Meghan Markle, uma atriz americana mesti\u00e7a que estrelou por sete anos o drama de televis\u00e3o americano &#8220;Suits&#8221;. George Clooney, Serena Williams e Elton John compareceram ao casamento no Castelo de Windsor, ap\u00f3s o qual o casal ficou formalmente conhecido como Duque e Duquesa de Sussex.<\/p>\n<p>Mas o otimismo rapidamente desapareceu em meio a alega\u00e7\u00f5es de que a m\u00eddia sensacionalista brit\u00e2nica e at\u00e9 mesmo membros da fam\u00edlia real trataram Meghan injustamente por causa do racismo.<\/p>\n<p>Em janeiro de 2020, as press\u00f5es da vida na gaiola dourada se tornaram demais, e o casal anunciou que estava desistindo dos deveres reais e se mudando para a Am\u00e9rica, onde esperavam se tornar &#8220;financeiramente independentes&#8221;. Eles assinaram acordos lucrativos com a Netflix e o Spotify enquanto se estabeleciam no rico enclave de Montecito, perto de Santa Barbara, Calif\u00f3rnia.<\/p>\n<figure class=\"wp-block-image size-full\"><img loading=\"lazy\" decoding=\"async\" width=\"1024\" height=\"893\" src=\"https:\/\/bdc2020.o0bc.com\/wp-content\/uploads\/2024\/09\/AP24246656369819-66e59d2b2c071.jpg\" alt=\"\" class=\"wp-image-31696357\" srcset=\"https:\/\/bdc2020.o0bc.com\/wp-content\/uploads\/2024\/09\/AP24246656369819-66e59d2b2c071.jpg?width=200 200w, https:\/\/bdc2020.o0bc.com\/wp-content\/uploads\/2024\/09\/AP24246656369819-66e59d2b2c071.jpg?width=300 300w, https:\/\/bdc2020.o0bc.com\/wp-content\/uploads\/2024\/09\/AP24246656369819-66e59d2b2c071.jpg?width=400 400w, https:\/\/bdc2020.o0bc.com\/wp-content\/uploads\/2024\/09\/AP24246656369819-66e59d2b2c071.jpg?width=500 500w, https:\/\/bdc2020.o0bc.com\/wp-content\/uploads\/2024\/09\/AP24246656369819-66e59d2b2c071.jpg?width=600 600w, https:\/\/bdc2020.o0bc.com\/wp-content\/uploads\/2024\/09\/AP24246656369819-66e59d2b2c071.jpg?width=700 700w, https:\/\/bdc2020.o0bc.com\/wp-content\/uploads\/2024\/09\/AP24246656369819-66e59d2b2c071.jpg?width=800 800w, https:\/\/bdc2020.o0bc.com\/wp-content\/uploads\/2024\/09\/AP24246656369819-66e59d2b2c071.jpg?width=900 900w\" sizes=\"auto, (max-width: 1024px) 100vw, 1024px\"\/><figcaption class=\"wp-element-caption\">O pr\u00edncipe brit\u00e2nico Harry, 18, d\u00e1 um soco no ar ao deixar o Eton College em seu \u00faltimo dia na principal escola p\u00fablica onde foi aluno por cinco anos, em Windsor, Inglaterra, em 12 de junho de 2003. (AP Photo\/Dave Caulkin, Arquivo)<\/figcaption><\/figure>\n<p>Desde ent\u00e3o, Harry perdeu poucas oportunidades de expor sua alma, mais notavelmente em suas mem\u00f3rias, apropriadamente intituladas \u201cSpare\u201d.<\/p>\n<p>No livro escrito por um ghostwriter, Harry relatou sua tristeza pela morte da Princesa Diana, uma briga com o Pr\u00edncipe William e seu desconforto com a vida na sombra real de seu irm\u00e3o mais velho. De relatos de uso de coca\u00edna e perda de virgindade a rixas familiares cruas, o livro estava cheio de alega\u00e7\u00f5es condenat\u00f3rias sobre a fam\u00edlia real.<\/p>\n<p>Entre as mais t\u00f3xicas estava a descri\u00e7\u00e3o de Harry de como alguns membros da fam\u00edlia vazaram informa\u00e7\u00f5es pouco lisonjeiras sobre outros membros da realeza em troca de uma cobertura positiva sobre si mesmos. O pr\u00edncipe destacou a segunda esposa de seu pai, a rainha Camilla, acusando-a de alimentar conversas privadas para a m\u00eddia enquanto ela buscava reabilitar uma imagem manchada por seu papel na separa\u00e7\u00e3o do casamento de Charles com Diana.<\/p>\n<figure class=\"wp-block-image size-full\"><img loading=\"lazy\" decoding=\"async\" width=\"1024\" height=\"787\" src=\"https:\/\/bdc2020.o0bc.com\/wp-content\/uploads\/2024\/09\/AP24246656347764-66e59d4bd5535.jpg\" alt=\"\" class=\"wp-image-31696366\" srcset=\"https:\/\/bdc2020.o0bc.com\/wp-content\/uploads\/2024\/09\/AP24246656347764-66e59d4bd5535.jpg?width=200 200w, https:\/\/bdc2020.o0bc.com\/wp-content\/uploads\/2024\/09\/AP24246656347764-66e59d4bd5535.jpg?width=300 300w, https:\/\/bdc2020.o0bc.com\/wp-content\/uploads\/2024\/09\/AP24246656347764-66e59d4bd5535.jpg?width=400 400w, https:\/\/bdc2020.o0bc.com\/wp-content\/uploads\/2024\/09\/AP24246656347764-66e59d4bd5535.jpg?width=500 500w, https:\/\/bdc2020.o0bc.com\/wp-content\/uploads\/2024\/09\/AP24246656347764-66e59d4bd5535.jpg?width=600 600w, https:\/\/bdc2020.o0bc.com\/wp-content\/uploads\/2024\/09\/AP24246656347764-66e59d4bd5535.jpg?width=700 700w, https:\/\/bdc2020.o0bc.com\/wp-content\/uploads\/2024\/09\/AP24246656347764-66e59d4bd5535.jpg?width=800 800w, https:\/\/bdc2020.o0bc.com\/wp-content\/uploads\/2024\/09\/AP24246656347764-66e59d4bd5535.jpg?width=900 900w\" sizes=\"auto, (max-width: 1024px) 100vw, 1024px\"\/><figcaption class=\"wp-element-caption\">O pr\u00edncipe brit\u00e2nico Harry, segundo da direita, sorri enquanto sua av\u00f3, a rainha Elizabeth II, inspeciona o desfile dos soberanos na Royal Military Academy em Sandhurst, Inglaterra, quarta-feira, 12 de abril de 2006. (AP Photo\/Dylan Martinez, pool, arquivo)<\/figcaption><\/figure>\n<p>As alega\u00e7\u00f5es eram t\u00e3o venenosas que h\u00e1 pouca chance de ele retornar ao servi\u00e7o p\u00fablico, disse Smith.<\/p>\n<p>&#8220;Ele criticou a fam\u00edlia real de uma forma t\u00e3o poderosa e prejudicial. Voc\u00ea n\u00e3o pode desdizer essas coisas&#8221;, ela disse. &#8220;E voc\u00ea n\u00e3o pode desver coisas como Meghan naquela s\u00e9rie da Netflix fazendo uma rever\u00eancia de brincadeira. \u00c9 um gesto t\u00e3o humilhante para a rainha.&#8221;<\/p>\n<p>Harry, que concordou em n\u00e3o usar o t\u00edtulo honor\u00edfico SAR, ou &#8220;sua alteza real&#8221;, depois de se afastar dos deveres reais da linha de frente, agora \u00e9 o quinto na linha de sucess\u00e3o ao trono brit\u00e2nico, atr\u00e1s de seu irm\u00e3o e dos tr\u00eas filhos de William.<\/p>\n<p>Embora tenha crescido em um pal\u00e1cio e supostamente herde milh\u00f5es de libras (d\u00f3lares) em seu anivers\u00e1rio de 40 anos de um fundo criado por sua bisav\u00f3, a psic\u00f3loga do desenvolvimento aplicado Deborah Heiser acredita que, em muitos aspectos, Harry \u00e9 como o resto de n\u00f3s.<\/p>\n<figure class=\"wp-block-image size-full\"><img loading=\"lazy\" decoding=\"async\" width=\"1024\" height=\"773\" src=\"https:\/\/bdc2020.o0bc.com\/wp-content\/uploads\/2024\/09\/AP24191290210876-66e59d65773ae.jpg\" alt=\"\" class=\"wp-image-31696372\" srcset=\"https:\/\/bdc2020.o0bc.com\/wp-content\/uploads\/2024\/09\/AP24191290210876-66e59d65773ae.jpg?width=200 200w, https:\/\/bdc2020.o0bc.com\/wp-content\/uploads\/2024\/09\/AP24191290210876-66e59d65773ae.jpg?width=300 300w, https:\/\/bdc2020.o0bc.com\/wp-content\/uploads\/2024\/09\/AP24191290210876-66e59d65773ae.jpg?width=400 400w, https:\/\/bdc2020.o0bc.com\/wp-content\/uploads\/2024\/09\/AP24191290210876-66e59d65773ae.jpg?width=500 500w, https:\/\/bdc2020.o0bc.com\/wp-content\/uploads\/2024\/09\/AP24191290210876-66e59d65773ae.jpg?width=600 600w, https:\/\/bdc2020.o0bc.com\/wp-content\/uploads\/2024\/09\/AP24191290210876-66e59d65773ae.jpg?width=700 700w, https:\/\/bdc2020.o0bc.com\/wp-content\/uploads\/2024\/09\/AP24191290210876-66e59d65773ae.jpg?width=800 800w, https:\/\/bdc2020.o0bc.com\/wp-content\/uploads\/2024\/09\/AP24191290210876-66e59d65773ae.jpg?width=900 900w\" sizes=\"auto, (max-width: 1024px) 100vw, 1024px\"\/><figcaption class=\"wp-element-caption\">A princesa Anne da Gr\u00e3-Bretanha, \u00e0 esquerda, entrega ao pr\u00edncipe Harry sua medalha de campanha, em Windsor, Inglaterra, segunda-feira, 5 de maio de 2008. O pr\u00edncipe de 23 anos, conhecido como Tenente Wales, est\u00e1 entre os cerca de 160 membros da Household Cavalry que serviram no Afeganist\u00e3o neste inverno para receber a condecora\u00e7\u00e3o. (AP Photo\/John Stillwell, pool)<\/figcaption><\/figure>\n<p>Como qualquer pessoa que est\u00e1 chegando aos 40, ele provavelmente aprendeu algumas li\u00e7\u00f5es e tem uma boa ideia de quem s\u00e3o seus verdadeiros amigos, e isso o ajudar\u00e1 a planejar a pr\u00f3xima fase de sua vida, disse Heiser, que escreve um blog chamado &#8220;The Right Side of 40&#8221; para a Psychology Today.<\/p>\n<p>&#8220;Ele teve uma demonstra\u00e7\u00e3o muito p\u00fablica do que muitas pessoas passaram&#8221;, disse Heiser. &#8220;Quero dizer, a maioria das pessoas n\u00e3o s\u00e3o pr\u00edncipes, mas&#8230; eles t\u00eam todos os tipos de problemas dentro de suas fam\u00edlias. Ele n\u00e3o est\u00e1 sozinho. \u00c9 por isso que ele \u00e9 t\u00e3o identific\u00e1vel.&#8221;<\/p>\n<p>\u00c9 claro que a hist\u00f3ria de Harry n\u00e3o \u00e9 apenas sobre o drama dentro da Casa de Windsor.<\/p>\n<p>Se quiser escrever um novo cap\u00edtulo, Harry pode aproveitar seus 10 anos de servi\u00e7o no Ex\u00e9rcito Brit\u00e2nico. Antes de se aposentar como capit\u00e3o em 2015, o pr\u00edncipe ganhou suas asas como piloto de helic\u00f3ptero, serviu duas vezes no Afeganist\u00e3o e se livrou da reputa\u00e7\u00e3o de festeiro de sua juventude.<\/p>\n<figure class=\"wp-block-image size-full\"><img loading=\"lazy\" decoding=\"async\" width=\"1024\" height=\"670\" src=\"https:\/\/bdc2020.o0bc.com\/wp-content\/uploads\/2024\/09\/AP24246656316227-66e59d7b90e4a.jpg\" alt=\"\" class=\"wp-image-31696378\" srcset=\"https:\/\/bdc2020.o0bc.com\/wp-content\/uploads\/2024\/09\/AP24246656316227-66e59d7b90e4a.jpg?width=200 200w, https:\/\/bdc2020.o0bc.com\/wp-content\/uploads\/2024\/09\/AP24246656316227-66e59d7b90e4a.jpg?width=300 300w, https:\/\/bdc2020.o0bc.com\/wp-content\/uploads\/2024\/09\/AP24246656316227-66e59d7b90e4a.jpg?width=400 400w, https:\/\/bdc2020.o0bc.com\/wp-content\/uploads\/2024\/09\/AP24246656316227-66e59d7b90e4a.jpg?width=500 500w, https:\/\/bdc2020.o0bc.com\/wp-content\/uploads\/2024\/09\/AP24246656316227-66e59d7b90e4a.jpg?width=600 600w, https:\/\/bdc2020.o0bc.com\/wp-content\/uploads\/2024\/09\/AP24246656316227-66e59d7b90e4a.jpg?width=700 700w, https:\/\/bdc2020.o0bc.com\/wp-content\/uploads\/2024\/09\/AP24246656316227-66e59d7b90e4a.jpg?width=800 800w, https:\/\/bdc2020.o0bc.com\/wp-content\/uploads\/2024\/09\/AP24246656316227-66e59d7b90e4a.jpg?width=900 900w\" sizes=\"auto, (max-width: 1024px) 100vw, 1024px\"\/><figcaption class=\"wp-element-caption\">O pr\u00edncipe brit\u00e2nico Harry, no centro, joga uma partida de v\u00f4lei sentado durante o lan\u00e7amento dos Jogos Invictus para guerreiros feridos na arena Copper Box no Parque Ol\u00edmpico Rainha Elizabeth, em Londres, quinta-feira, 6 de mar\u00e7o de 2014. (AP Photo\/Sang Tan, arquivo)<\/figcaption><\/figure>\n<p>Harry tamb\u00e9m recebeu elogios por criar os Jogos Invictus em 2014, uma competi\u00e7\u00e3o no estilo paral\u00edmpico para inspirar e ajudar na reabilita\u00e7\u00e3o de militares e veteranos doentes e feridos.<\/p>\n<p><a href=\"https:\/\/www.boston.com\/culture\/celebs\/2023\/05\/17\/prince-harry-meghan-new-york-city-car-chase\/\">Harry e Meghan<\/a> viraram manchetes este ano com suas duas viagens internacionais para promover sa\u00fade mental e seguran\u00e7a na internet. Enquanto alguns na m\u00eddia brit\u00e2nica os criticaram por aceitar tratamento real na Nig\u00e9ria e na Col\u00f4mbia, o casal disse que visitou a convite de autoridades locais.<\/p>\n<figure class=\"wp-block-image size-full\"><img loading=\"lazy\" decoding=\"async\" width=\"1024\" height=\"735\" src=\"https:\/\/bdc2020.o0bc.com\/wp-content\/uploads\/2024\/09\/AP24247747642220-66e59d951018e.jpg\" alt=\"\" class=\"wp-image-31696386\" srcset=\"https:\/\/bdc2020.o0bc.com\/wp-content\/uploads\/2024\/09\/AP24247747642220-66e59d951018e.jpg?width=200 200w, https:\/\/bdc2020.o0bc.com\/wp-content\/uploads\/2024\/09\/AP24247747642220-66e59d951018e.jpg?width=300 300w, https:\/\/bdc2020.o0bc.com\/wp-content\/uploads\/2024\/09\/AP24247747642220-66e59d951018e.jpg?width=400 400w, https:\/\/bdc2020.o0bc.com\/wp-content\/uploads\/2024\/09\/AP24247747642220-66e59d951018e.jpg?width=500 500w, https:\/\/bdc2020.o0bc.com\/wp-content\/uploads\/2024\/09\/AP24247747642220-66e59d951018e.jpg?width=600 600w, https:\/\/bdc2020.o0bc.com\/wp-content\/uploads\/2024\/09\/AP24247747642220-66e59d951018e.jpg?width=700 700w, https:\/\/bdc2020.o0bc.com\/wp-content\/uploads\/2024\/09\/AP24247747642220-66e59d951018e.jpg?width=800 800w, https:\/\/bdc2020.o0bc.com\/wp-content\/uploads\/2024\/09\/AP24247747642220-66e59d951018e.jpg?width=900 900w\" sizes=\"auto, (max-width: 1024px) 100vw, 1024px\"\/><figcaption class=\"wp-element-caption\">O pr\u00edncipe brit\u00e2nico Harry e sua noiva Meghan Markle posam para fot\u00f3grafos durante uma sess\u00e3o de fotos no terreno do Pal\u00e1cio de Kensington, em Londres, segunda-feira, 27 de novembro de 2017. (AP Photo\/Matt Dunham, arquivo)<\/figcaption><\/figure>\n<p>As perspectivas de reconcilia\u00e7\u00e3o n\u00e3o s\u00e3o claras, embora Harry tenha corrido para casa para ver seu pai depois que Charles <a href=\"https:\/\/www.boston.com\/news\/world-news\/2024\/02\/06\/king-charles-iiis-illness-lays-bare-pressures-at-buckingham-palace\/\">diagn\u00f3stico de c\u00e2ncer<\/a>. E no que pode ser visto como um ramo de oliveira provis\u00f3rio, a edi\u00e7\u00e3o de bolso de \u201cSpare\u201d programada para outubro n\u00e3o tem acr\u00e9scimos \u2014 ent\u00e3o nada de novo para agitar a panela.<\/p>\n<p>Mas claramente neste ponto, Harry est\u00e1 pensando em sua fam\u00edlia na Calif\u00f3rnia. Ele contou \u00e0 BBC sobre a import\u00e2ncia de seus dois filhos pequenos, Archie e Lilibet.<\/p>\n<p>\u201cSer pai \u00e9 uma das maiores alegrias da vida e s\u00f3 me deixou mais motivado e comprometido em tornar este mundo um lugar melhor\u201d, disse o pr\u00edncipe em uma declara\u00e7\u00e3o divulgada por seu porta-voz.<\/p>\n<figure class=\"wp-block-image size-full\"><img loading=\"lazy\" decoding=\"async\" width=\"1024\" height=\"682\" src=\"https:\/\/bdc2020.o0bc.com\/wp-content\/uploads\/2024\/09\/AP24246656732940-66e59daa4e845.jpg\" alt=\"\" class=\"wp-image-31696393\" srcset=\"https:\/\/bdc2020.o0bc.com\/wp-content\/uploads\/2024\/09\/AP24246656732940-66e59daa4e845.jpg?width=200 200w, https:\/\/bdc2020.o0bc.com\/wp-content\/uploads\/2024\/09\/AP24246656732940-66e59daa4e845.jpg?width=300 300w, https:\/\/bdc2020.o0bc.com\/wp-content\/uploads\/2024\/09\/AP24246656732940-66e59daa4e845.jpg?width=400 400w, https:\/\/bdc2020.o0bc.com\/wp-content\/uploads\/2024\/09\/AP24246656732940-66e59daa4e845.jpg?width=500 500w, https:\/\/bdc2020.o0bc.com\/wp-content\/uploads\/2024\/09\/AP24246656732940-66e59daa4e845.jpg?width=600 600w, https:\/\/bdc2020.o0bc.com\/wp-content\/uploads\/2024\/09\/AP24246656732940-66e59daa4e845.jpg?width=700 700w, https:\/\/bdc2020.o0bc.com\/wp-content\/uploads\/2024\/09\/AP24246656732940-66e59daa4e845.jpg?width=800 800w, https:\/\/bdc2020.o0bc.com\/wp-content\/uploads\/2024\/09\/AP24246656732940-66e59daa4e845.jpg?width=900 900w\" sizes=\"auto, (max-width: 1024px) 100vw, 1024px\"\/><figcaption class=\"wp-element-caption\">O pr\u00edncipe brit\u00e2nico Harry, o duque de Sussex, encontra membros do p\u00fablico ao chegar para uma visita ao Barton Neighbourhood Centre em Oxford, Inglaterra, ter\u00e7a-feira, 14 de maio de 2019. O centro \u00e9 um centro para moradores locais que abriga um consult\u00f3rio m\u00e9dico, banco de alimentos, caf\u00e9 e clube juvenil. (AP Photo\/Kirsty Wigglesworth, Pool, File)<\/figcaption><\/figure>\n<\/p><\/div>\n<p><script>\n\t\tvar consent=\"grant\";\n\t\t\/* The above code is parsing the JSON data from the local storage and storing it in a variable. *\/\n\t\t\t\t\tconst onetrustStorageConsent = JSON.parse(localStorage.getItem( 'consent_one_trust_bdc' ) );\n\t\t\tif ( ( onetrustStorageConsent !== null ) ) {\n\t\t\t\t\/* Checking to see if the user has consented to the use of cookies.\n\t\t\t\t* If they have not, it is deleting the cookie.\n\t\t\t\t* This will comment for now, until further notice.\n\t\t\t\t*\/\n\t\t\t\t\/\/if ( onetrustStorageConsent.C0002 === false ) {\n\t\t\t\t\/\/\tdocument.cookie=\"_fbp=;expires=Thu, 01 Jan 2010 00:00:00 UTC; path=\/; domain=.boston.com\";\n\t\t\t\t\/\/}\n\t\t\t\t\/* Checking if the user has given consent for the cookie C0002.\n\t\t\t\t* If the user has given consent, the variable consent will be set to 'grant'.\n\t\t\t\t* If the user has not given consent,the variable consent will be set to 'revoke'.\n\t\t\t\t* Documentation https:\/\/developers.facebook.com\/docs\/meta-pixel\/implementation\/gdpr\n\t\t\t\t*\/\n\t\t\t\tif ( onetrustStorageConsent.C0002 !== true ) {\n\t\t\t\t\tconsent=\"revoke\";\n\t\t\t\t}\n\t\t\t}\n\t\t\t\t!function(f,b,e,v,n,t,s)\n\t\t{if(f.fbq)return;n=f.fbq=function(){n.callMethod?\n\t\tn.callMethod.apply(n,arguments):n.queue.push(arguments)};\n\t\tif(!f._fbq)f._fbq=n;n.push=n;n.loaded=!0;n.version='2.0';\n\t\tn.queue=[];t=b.createElement(e);t.async=!0;\n\t\tt.src=v;s=b.getElementsByTagName(e)[0];\n\t\ts.parentNode.insertBefore(t,s)}(window, document,'script',\n\t\t'https:\/\/connect.facebook.net\/en_US\/fbevents.js');\n\t\tfbq('consent', consent);\n\t\tfbq('init', '989222871864976');\n\t\tfbq('track', 'PageView');\n\t<\/script><script type=\"module\">\n\t\tvar consent=\"grant\";\n\t\t\/* The above code is parsing the JSON data from the local storage and storing it in a variable. *\/\n\t\t\tconst onetrustStorageConsent = JSON.parse(localStorage.getItem( 'consent_one_trust_bdc' ) );\n\t\t\t\/* Checking to see if the user has consented to the use of cookies.\n\t\t\t* If they have not, it is deleting the cookie.\n\t\t\t* This will comment for now, until further notice.\n\t\t\t*\/\n\t\t\t\/\/if ( onetrustStorageConsent.C0002 === false ) {\n\t\t\t\/\/\tdocument.cookie=\"_fbp=;expires=Thu, 01 Jan 2010 00:00:00 UTC; path=\/; domain=.boston.com\";\n\t\t\t\/\/}\n\t\t\t\/* Checking if the user has given consent for the cookie C0002.\n\t\t\t* If the user has given consent, the variable consent will be set to 'grant'.\n\t\t\t* If the user has not given consent,the variable consent will be set to 'revoke'.\n\t\t\t* Documentation https:\/\/developers.facebook.com\/docs\/meta-pixel\/implementation\/gdpr\n\t\t\t*\/\n\t\t\tif ( ( onetrustStorageConsent !== null ) && (onetrustStorageConsent.C0002 !== true ) ) {\n\t\t\t\tconsent=\"revoke\";\n\t\t\t}\n\t\t\t\t!function(f,b,e,v,n,t,s){if(f.fbq)return;n=f.fbq=function()\n\t\t{n.callMethod? n.callMethod.apply(n,arguments):n.queue.push(arguments)}\n\t\t;if(!f._fbq)f._fbq=n;\n\t\tn.push=n;n.loaded=!0;n.version='2.0';n.queue=[];t=b.createElement(e);t.async=!0;\n\t\tt.src=v;s=b.getElementsByTagName(e)[0];s.parentNode.insertBefore(t,s)}(window,\n\t\tdocument,'script','https:\/\/connect.facebook.net\/en_US\/fbevents.js');\n\t\tfbq('consent', consent);\n\t\tfbq('init', '813236348753005');\n\t\tfbq('track', \"PageView\");\n\t<\/script><br \/>\n<br \/><br \/>\n<br \/><a href=\"https:\/\/www.boston.com\/culture\/celebs\/2024\/09\/14\/prince-harrys-40th-birthday-marks-the-moment-the-royal-scamp-moves-to-middle-age\/\">Source link <\/a><\/p>","protected":false},"excerpt":{"rendered":"<p>Celebridades Agora, o jovem revoltado est\u00e1 completando 40 anos, o que lhe d\u00e1 a oportunidade de refletir sobre o passado ou de olhar para o futuro, pensando no que ainda&hellip;<\/p>","protected":false},"author":1,"featured_media":37128,"comment_status":"closed","ping_status":"open","sticky":false,"template":"","format":"standard","meta":{"content-type":"","footnotes":""},"categories":[1],"tags":[],"class_list":["post-37127","post","type-post","status-publish","format-standard","has-post-thumbnail","hentry","category-uncategorized"],"_links":{"self":[{"href":"https:\/\/tvbrazilusa.com\/pt\/wp-json\/wp\/v2\/posts\/37127","targetHints":{"allow":["GET"]}}],"collection":[{"href":"https:\/\/tvbrazilusa.com\/pt\/wp-json\/wp\/v2\/posts"}],"about":[{"href":"https:\/\/tvbrazilusa.com\/pt\/wp-json\/wp\/v2\/types\/post"}],"author":[{"embeddable":true,"href":"https:\/\/tvbrazilusa.com\/pt\/wp-json\/wp\/v2\/users\/1"}],"replies":[{"embeddable":true,"href":"https:\/\/tvbrazilusa.com\/pt\/wp-json\/wp\/v2\/comments?post=37127"}],"version-history":[{"count":1,"href":"https:\/\/tvbrazilusa.com\/pt\/wp-json\/wp\/v2\/posts\/37127\/revisions"}],"predecessor-version":[{"id":37129,"href":"https:\/\/tvbrazilusa.com\/pt\/wp-json\/wp\/v2\/posts\/37127\/revisions\/37129"}],"wp:featuredmedia":[{"embeddable":true,"href":"https:\/\/tvbrazilusa.com\/pt\/wp-json\/wp\/v2\/media\/37128"}],"wp:attachment":[{"href":"https:\/\/tvbrazilusa.com\/pt\/wp-json\/wp\/v2\/media?parent=37127"}],"wp:term":[{"taxonomy":"category","embeddable":true,"href":"https:\/\/tvbrazilusa.com\/pt\/wp-json\/wp\/v2\/categories?post=37127"},{"taxonomy":"post_tag","embeddable":true,"href":"https:\/\/tvbrazilusa.com\/pt\/wp-json\/wp\/v2\/tags?post=37127"}],"curies":[{"name":"wp","href":"https:\/\/api.w.org\/{rel}","templated":true}]}}