{"id":37136,"date":"2024-09-14T15:00:01","date_gmt":"2024-09-14T15:00:01","guid":{"rendered":"https:\/\/tvbrazilusa.com\/2024\/09\/14\/processo-de-bullying-e-resolvido-por-us-200-mil-em-escola-de-nova-jersey-onde-outro-aluno-morreu-por-suicidio\/"},"modified":"2024-09-14T15:04:14","modified_gmt":"2024-09-14T15:04:14","slug":"processo-de-bullying-e-resolvido-por-us-200-mil-em-escola-de-nova-jersey-onde-outro-aluno-morreu-por-suicidio","status":"publish","type":"post","link":"https:\/\/tvbrazilusa.com\/pt\/2024\/09\/14\/processo-de-bullying-e-resolvido-por-us-200-mil-em-escola-de-nova-jersey-onde-outro-aluno-morreu-por-suicidio\/","title":{"rendered":"Processo de bullying \u00e9 resolvido por US$ 200 mil em escola de Nova Jersey onde outro aluno morreu por suic\u00eddio"},"content":{"rendered":"<script async src=\"https:\/\/pagead2.googlesyndication.com\/pagead\/js\/adsbygoogle.js?client=ca-pub-8864793242727901\"\r\n     crossorigin=\"anonymous\"><\/script>\n<div>\n<p class=\"article__paragraph article__paragraph--left\" id=\"UX375PO3R5FYLKKW7GGZROZKZY\">O Distrito Escolar Regional Central, onde <a href=\"https:\/\/www.nj.com\/ocean\/2023\/02\/family-of-bullied-14-year-old-nj-student-who-died-by-suicide-filing-intent-to-sue.html\" target=\"_blank\" title=\"https:\/\/www.nj.com\/ocean\/2023\/02\/family-of-bullied-14-year-old-nj-student-who-died-by-suicide-filing-intent-to-sue.html\" rel=\"noopener\">um jovem de 14 anos cometeu suic\u00eddio<\/a> no ano passado, gerando apelos por reformas, concordou em pagar US$ 200.000 para resolver um processo movido pela fam\u00edlia de um aluno que foi <a href=\"https:\/\/www.nj.com\/education\/2023\/04\/nj-school-district-where-14-year-old-died-by-suicide-faces-another-bullying-lawsuit.html\" target=\"_blank\" rel=\"noreferrer noopener\" title=\"https:\/\/www.nj.com\/education\/2023\/04\/nj-school-district-where-14-year-old-died-by-suicide-faces-another-bullying-lawsuit.html\">supostamente assediado e intimidado<\/a>. <\/p>\n<p class=\"article__paragraph article__paragraph--left\" id=\"TRQOBUJMSRBEDGUE36BDMRGAME\">O respons\u00e1vel pelo aluno processou o distrito escolar do Condado de Ocean em mar\u00e7o de 2023, acusando os administradores de \u201cindiferen\u00e7a deliberada\u201d ao abuso, de acordo com os autos do processo.<\/p>\n<p class=\"article__paragraph article__paragraph--left\" id=\"DNVX34SLJFBSRAK2NXVQLKKD3M\">Ap\u00f3s um ano e meio de lit\u00edgio, as duas partes chegaram a um acordo em 29 de maio, de acordo com documentos judiciais.<\/p>\n<p class=\"article__paragraph article__paragraph--left\" id=\"A64CU6R5VNGOFD6GDV47N4MYE4\"><b>MAIS:<\/b><a href=\"https:\/\/www.nj.com\/education\/2024\/09\/i-was-sexually-assault-in-my-nj-high-school-says-ex-student-who-got-150k-settlement.html\" target=\"_blank\" rel=\"noreferrer noopener\" title=\"https:\/\/www.nj.com\/education\/2024\/09\/i-was-sexually-assault-in-my-nj-high-school-says-ex-student-who-got-150k-settlement.html\"><b>  Ex-aluno acerta acordo de US$ 150 mil em processo ap\u00f3s suposta agress\u00e3o sexual em escola<\/b><\/a><\/p>\n<p class=\"article__paragraph article__paragraph--left\" id=\"MOAREICVG5AC5CBOSGRSC2A27Q\">Ap\u00f3s honor\u00e1rios advocat\u00edcios e outras despesas, quase US$ 149.000 ser\u00e3o colocados em um fundo para o aluno, de acordo com o acordo. O acordo foi aprovado ap\u00f3s \u201co tribunal ter obtido provas no registro sobre o dano ao (aluno), e estar satisfeito que o valor do acordo \u00e9 justo e razo\u00e1vel e no melhor interesse (do aluno)\u201d.<\/p>\n<p class=\"article__paragraph article__paragraph--left\" id=\"4ASA4HMVOJDL3PF7GVS43SEC6Q\">Kevin Costello, o advogado da fam\u00edlia, n\u00e3o retornou os pedidos de coment\u00e1rio. <\/p>\n<p class=\"article__paragraph article__paragraph--left\" id=\"7YAJ2LQSMJGVZB62BE7JOH4ZJA\">A den\u00fancia alegou que o aluno \u2014 que est\u00e1 no espectro do autismo \u2014 foi \u201csubmetido a um ambiente educacional hostil, intimidador e abusivo\u201d desde que come\u00e7ou o ensino fundamental no outono de 2021.<\/p>\n<p class=\"article__paragraph article__paragraph--left\" id=\"5LYR4RI3X5HGZFBONGB7XX7TAE\">O ass\u00e9dio ocorreu devido ao g\u00eanero do aluno, \u00e0 orienta\u00e7\u00e3o sexual e \u00e0 percep\u00e7\u00e3o dele como \u201cdeficiente\u201d aos olhos dos assediadores, de acordo com o processo, que n\u00e3o identifica o sexo ou a idade da crian\u00e7a.<\/p>\n<p class=\"article__paragraph article__paragraph--left\" id=\"W6X74GYBERBS5MW7MKFOHQN7LI\">O ass\u00e9dio era conhecido pelos administradores escolares e outros profissionais que demonstraram \u201cindiferen\u00e7a deliberada\u201d ao abuso, de acordo com os autos do processo.<\/p>\n<p class=\"article__paragraph article__paragraph--left\" id=\"SACEK3JLIZB6ZAJYEYFPZNDRDU\">Uma porta-voz do Distrito Escolar Regional Central disse que as autoridades n\u00e3o podem comentar sobre quest\u00f5es ou lit\u00edgios envolvendo alunos. <\/p>\n<p class=\"article__paragraph article__paragraph--left\" id=\"JBYMUTYLUVHGLKM2IFKR6OHWYY\">O distrito forneceu uma longa declara\u00e7\u00e3o detalhando suas iniciativas antibullying. <\/p>\n<p class=\"article__paragraph article__paragraph--left\" id=\"GE2U56V5IRED5NKBKPSH4KXOPY\">\u201cA Central Regional \u00e9 um lugar muito especial, onde nos orgulhamos de nosso ambiente educacional acolhedor e solid\u00e1rio, onde os alunos v\u00eam para aprender, crescer e se tornar membros estelares de sua comunidade\u201d, disse a superintendente Michelle CarneyRay-Yoder. \u201cEstamos comprometidos em fornecer aos nossos alunos a melhor educa\u00e7\u00e3o poss\u00edvel.\u201d<\/p>\n<p class=\"article__paragraph article__paragraph--left\" id=\"WLCJUZ2WXVCQRFX5OM2WAI43EE\">CarneyRay-Yoder ingressou na Central Regional em janeiro, ap\u00f3s o superintendente anterior, <a href=\"https:\/\/www.nj.com\/education\/2023\/02\/superintendent-who-resigned-after-nj-student-suicide-still-being-paid-195k-salary-district-says.html\" target=\"_blank\" rel=\"noreferrer noopener\" title=\"https:\/\/www.nj.com\/education\/2023\/02\/superintendent-who-resigned-after-nj-student-suicide-still-being-paid-195k-salary-district-says.html\">Triantafillos Parlapanides<\/a>renunciou em meio a acusa\u00e7\u00f5es de divulga\u00e7\u00e3o de detalhes pessoais sobre a sa\u00fade e o hist\u00f3rico familiar de uma aluna ap\u00f3s seu suic\u00eddio no in\u00edcio do ano letivo. <\/p>\n<p class=\"article__paragraph article__paragraph--left\" id=\"ECWLVSA7UZERJA5CL4PZ7I2YOA\">Em fevereiro, ocorreu o suic\u00eddio de<a href=\"https:\/\/www.nj.com\/education\/2023\/02\/nj-family-students-demand-culture-change-after-14-year-old-dies-by-suicide.html\" target=\"_blank\" rel=\"noopener\"> Adriana Kuch, estudante de 14 anos da Central Regional High School<\/a> atraiu manchetes nacionais e resultou na pris\u00e3o de quatro de seus colegas de classe. Os alunos foram acusados \u200b\u200bem conex\u00e3o com um ataque filmado no corredor de Kuch que ocorreu dias antes de sua morte.<\/p>\n<p class=\"article__paragraph article__paragraph--left\" id=\"TVVHJYCGHBEG7MY34AGTRXJP24\">O Distrito Escolar Regional Central \u2014 que atende alunos do 9\u00ba ao 12\u00ba ano de Berkeley Township, Island Heights, Ocean Gate, Seaside Heights e Seaside Park \u2014 <a href=\"https:\/\/www.nj.com\/education\/2023\/09\/after-high-profile-student-suicides-nj-schools-try-new-ways-to-stop-bullying.html\" target=\"_blank\" rel=\"noreferrer noopener\" title=\"https:\/\/www.nj.com\/education\/2023\/09\/after-high-profile-student-suicides-nj-schools-try-new-ways-to-stop-bullying.html\">anunciou uma s\u00e9rie de iniciativas<\/a> no ano passado para avaliar e melhorar a abordagem do distrito ao bullying em resposta a <a href=\"https:\/\/www.nj.com\/education\/2023\/02\/nj-family-students-demand-culture-change-after-14-year-old-dies-by-suicide.html\" title=\"https:\/\/www.nj.com\/education\/2023\/02\/nj-family-students-demand-culture-change-after-14-year-old-dies-by-suicide.html\">indigna\u00e7\u00e3o pela morte de Kuch e outras alega\u00e7\u00f5es de viol\u00eancia escolar.<\/a><\/p>\n<p class=\"article__paragraph article__paragraph--left\" id=\"4ESV7PGUF5FXBPEBSL657C64WY\">Uma das novas iniciativas do distrito \u00e9 uma parceria com o InSite Health, um servi\u00e7o de sa\u00fade mental em Evesham Township, que come\u00e7ou a oferecer um novo programa h\u00edbrido no distrito em mar\u00e7o.<\/p>\n<p class=\"article__paragraph article__paragraph--left\" id=\"UZSRWJ3XWFFSXPU4DFBBLXVMPU\">O programa permite que os alunos busquem ajuda de um orientador escolar que, com o consentimento dos pais, pode encaminh\u00e1-los para suporte de sa\u00fade mental e ajud\u00e1-los a marcar uma consulta com a assist\u00eancia de um orientador de cuidados do InSite, de acordo com um comunicado \u00e0 imprensa do distrito. <\/p>\n<p class=\"article__paragraph article__paragraph--left\" id=\"A74WHBCH4BHA5IQGOVWHU6MSLI\">A nova iniciativa tamb\u00e9m incluiu treinamento personalizado em primeiros socorros em sa\u00fade mental para a equipe do distrito em abril passado, disse o distrito. <\/p>\n<p class=\"article__paragraph article__paragraph--left\" id=\"UVNKBXS42RD4FF3RH2Q3NBJVHI\">Em 22 de maio, o distrito tamb\u00e9m deu in\u00edcio a uma nova parceria com a STOPit Solutions, que permite que os alunos acessem recursos de autoajuda, suporte imediato em caso de crise e um canal de comunica\u00e7\u00e3o an\u00f4nimo por meio de aplicativo m\u00f3vel, web e linha direta telef\u00f4nica. <\/p>\n<p class=\"article__paragraph article__paragraph--left\" id=\"HDTL4K5ENFEQPBCLZTHTY6TQOM\">Todas as solicita\u00e7\u00f5es de ajuda recebidas s\u00e3o encaminhadas internamente para a pessoa apropriada para gerenci\u00e1-las. Os administradores da escola tamb\u00e9m receber\u00e3o uma notifica\u00e7\u00e3o quando um novo relat\u00f3rio for recebido. <\/p>\n<p class=\"article__paragraph article__paragraph--left\" id=\"AYCTIHWCBRB5NJKUGZNKQAHJ3A\">Um processo movido pela fam\u00edlia Kuch em janeiro contra o conselho escolar da Central Regional e outros oficiais ainda est\u00e1 pendente no Tribunal Superior do Condado de Monmouth. Uma confer\u00eancia de gerenciamento de caso est\u00e1 marcada para 18 de novembro. <\/p>\n<section class=\"Stories-By-Author-module_wrapper__ezbcK Stories-By-Author-module_nj__Ap1-Y\"\/>\n<p class=\"article__paragraph article__paragraph--left\" id=\"N4R67OBWOZGTVG7GNNOQQE2SSQ\"><i>Nosso jornalismo precisa do seu apoio. Por favor, assine hoje mesmo <\/i><a href=\"http:\/\/nj.com\/\"><i>NJ.com<\/i><\/a><i>.<\/i><\/p>\n<p class=\"article__paragraph article__paragraph--left\" id=\"JISQR5Y74VB6RKZUW7TFM2Z5VA\"><a href=\"https:\/\/www.nj.com\/staff\/jroman\/posts.html\"><i>Jackie Romano<\/i><\/a><i>  pode ser alcan\u00e7ado em <\/i><a href=\"https:\/\/www.nj.com\/education\/2024\/09\/mailto:jroman@njadvancemedia.com\"><i>jroman@njadvancemedia.com<\/i><\/a><i>.<\/i><\/p>\n<\/div>\n<p><br \/>\n<br \/><a href=\"https:\/\/www.nj.com\/education\/2024\/09\/bullying-lawsuit-settled-for-200k-at-nj-school-where-another-student-died-by-suicide.html\">Source link <\/a><\/p>","protected":false},"excerpt":{"rendered":"<p>O Distrito Escolar Regional Central, onde um jovem de 14 anos cometeu suic\u00eddio no ano passado, gerando apelos por reformas, concordou em pagar US$ 200.000 para resolver um processo movido&hellip;<\/p>","protected":false},"author":1,"featured_media":37137,"comment_status":"closed","ping_status":"open","sticky":false,"template":"","format":"standard","meta":{"content-type":"","footnotes":""},"categories":[1],"tags":[],"class_list":["post-37136","post","type-post","status-publish","format-standard","has-post-thumbnail","hentry","category-uncategorized"],"_links":{"self":[{"href":"https:\/\/tvbrazilusa.com\/pt\/wp-json\/wp\/v2\/posts\/37136","targetHints":{"allow":["GET"]}}],"collection":[{"href":"https:\/\/tvbrazilusa.com\/pt\/wp-json\/wp\/v2\/posts"}],"about":[{"href":"https:\/\/tvbrazilusa.com\/pt\/wp-json\/wp\/v2\/types\/post"}],"author":[{"embeddable":true,"href":"https:\/\/tvbrazilusa.com\/pt\/wp-json\/wp\/v2\/users\/1"}],"replies":[{"embeddable":true,"href":"https:\/\/tvbrazilusa.com\/pt\/wp-json\/wp\/v2\/comments?post=37136"}],"version-history":[{"count":1,"href":"https:\/\/tvbrazilusa.com\/pt\/wp-json\/wp\/v2\/posts\/37136\/revisions"}],"predecessor-version":[{"id":37138,"href":"https:\/\/tvbrazilusa.com\/pt\/wp-json\/wp\/v2\/posts\/37136\/revisions\/37138"}],"wp:featuredmedia":[{"embeddable":true,"href":"https:\/\/tvbrazilusa.com\/pt\/wp-json\/wp\/v2\/media\/37137"}],"wp:attachment":[{"href":"https:\/\/tvbrazilusa.com\/pt\/wp-json\/wp\/v2\/media?parent=37136"}],"wp:term":[{"taxonomy":"category","embeddable":true,"href":"https:\/\/tvbrazilusa.com\/pt\/wp-json\/wp\/v2\/categories?post=37136"},{"taxonomy":"post_tag","embeddable":true,"href":"https:\/\/tvbrazilusa.com\/pt\/wp-json\/wp\/v2\/tags?post=37136"}],"curies":[{"name":"wp","href":"https:\/\/api.w.org\/{rel}","templated":true}]}}