{"id":37139,"date":"2024-09-14T15:07:18","date_gmt":"2024-09-14T15:07:18","guid":{"rendered":"https:\/\/tvbrazilusa.com\/2024\/09\/14\/taxacao-dos-super-ricos-entenda-medida-planejada-pelo-governo-lula\/"},"modified":"2024-09-14T15:07:18","modified_gmt":"2024-09-14T15:07:18","slug":"taxacao-dos-super-ricos-entenda-medida-planejada-pelo-governo-lula","status":"publish","type":"post","link":"https:\/\/tvbrazilusa.com\/pt\/2024\/09\/14\/taxacao-dos-super-ricos-entenda-medida-planejada-pelo-governo-lula\/","title":{"rendered":"Taxa\u00e7\u00e3o dos super-ricos; entenda medida planejada pelo governo Lula"},"content":{"rendered":"<p> <script async src=\"https:\/\/pagead2.googlesyndication.com\/pagead\/js\/adsbygoogle.js?client=ca-pub-8864793242727901\"\r\n     crossorigin=\"anonymous\"><\/script><br \/>\n<\/p>\n<div id=\"taboola-read-more\" style=\"display:block; width:100%\">\n<p>A taxa\u00e7\u00e3o dos super-ricos vem sido defendida j\u00e1 h\u00e1 algum tempo pelo ministro da Fazenda, Fernando Haddad, e, na avalia\u00e7\u00e3o do governo Lula (PT), o tema entrou de vez na agenda internacional.<\/p>\n<p>Idealizada pelo economista franc\u00eas Gabriel Zucman, a proposta consiste na cria\u00e7\u00e3o de um sistema tribut\u00e1rio internacional, com imposto m\u00ednimo de 2% sobre a riqueza dos bilion\u00e1rios do mundo. O potencial de arrecada\u00e7\u00e3o \u00e9 estimado entre US$ 200 e US$ 250 bilh\u00f5es por ano.<\/p>\n<p>Calcula-se que o modelo de tributa\u00e7\u00e3o progressiva atingiria 3 mil pessoas inicialmente. \u201cApenas indiv\u00edduos com patrim\u00f4nio l\u00edquido ultraelevado e pagamentos de impostos particularmente baixos seriam afetados\u201d, afirma o texto da proposta.<\/p>\n<p>Na terceira reuni\u00e3o dos ministros de Finan\u00e7as do G20, realizada em julho no Rio de Janeiro, todos os pa\u00edses do Grupo dos 20 assinaram uma declara\u00e7\u00e3o estabelecendo como princ\u00edpio continuar estudando formas de taxar os super-ricos. Haver\u00e1 uma c\u00fapula no final do ano com todos os chefes de Estado. \u201cEu espero que essa proposta seja aprovada\u201d, disse o ministro na \u00faltima quinta-feira (12\/9).<\/p>\n<p>A percep\u00e7\u00e3o \u00e9 de que o que poderia ser feito pela pasta da Fazenda j\u00e1 foi exaurido e agora a proposta est\u00e1 nas inst\u00e2ncias superiores, com expectativa de que a c\u00fapula de chefes de Estado tamb\u00e9m assine uma declara\u00e7\u00e3o nesse sentido. Espera-se que a \u00c1frica do Sul, que presidir\u00e1 o G20 no pr\u00f3ximo ano, siga defendendo o tema e o trate como prioridade em sua gest\u00e3o.<\/p>\n<p>Tamb\u00e9m h\u00e1 expectativa de que o Itamaraty defenda a taxa\u00e7\u00e3o dos super-ricos nos f\u00f3runs da Organiza\u00e7\u00e3o das Na\u00e7\u00f5es Unidas (ONU). Tamb\u00e9m est\u00e1 no radar uma men\u00e7\u00e3o ao assunto no discurso de abertura da 79\u00aa Assembleia Geral da ONU, no pr\u00f3ximo dia 24 de setembro.<\/p>\n<p><strong>Apesar do avan\u00e7o, Haddad admite dificuldades<\/strong><\/p>\n<p>Em entrevista \u00e0 Folha de S.Paulo na \u00faltima semana, o bilion\u00e1rio americano Bill Gates defendeu que super-ricos paguem mais impostos, mas disse ver poucas chances de uma proposta de taxa\u00e7\u00e3o global de bilion\u00e1rios se concretizar.<\/p>\n<p>\u201cN\u00e3o acho que haver\u00e1 um imposto global porque n\u00e3o temos um governo global. Se houvesse uma vota\u00e7\u00e3o sobre algo assim, eu votaria a favor, porque acho que precisamos arrecadar mais e financiar coisas relacionadas \u00e0 desigualdade. Por\u00e9m, acho que a realidade \u00e9 que cada pa\u00eds ter\u00e1 de criar suas pr\u00f3prias pol\u00edticas tribut\u00e1rias\u201d, afirmou o cofundador da Microsoft .<\/p>\n<p>Ao comentar o assunto, Haddad disse que \u201ca tarefa da pol\u00edtica \u00e9 encontrar as sa\u00eddas para isso\u201d. \u201cO Brasil teve um grande m\u00e9rito de levar essa proposta, inclusive com pr\u00eamios Nobel apoiando.\u201d<\/p>\n<p>E completou: \u201cN\u00e3o \u00e9 simples, a constru\u00e7\u00e3o \u00e9 dif\u00edcil, porque h\u00e1 tamb\u00e9m muita resist\u00eancia\u201d.<\/p>\n<p>O ministro disse ver \u201calguma dificuldade\u201d em uma proposta isolada, de pa\u00edses em separado e citou o caso nacional: \u201cQuando voc\u00ea tenta cercar por um lado, o contribuinte foge por outro. Voc\u00ea tem v\u00e1rios magnatas brasileiros que fizeram planejamento tribut\u00e1rio para n\u00e3o pagar [tributos]\u201d.<\/p>\n<p>Felipe Antunes, coordenador-Geral de Assuntos Financeiros Internacionais no Minist\u00e9rio da Fazenda, reconheceu que o debate est\u00e1 no in\u00edcio e deve levar tempo para ser adequadamente discutido e implementado.<\/p>\n<p>\u201cQue os super-ricos paguem uma por\u00e7\u00e3o justa de impostos \u00e9 uma prioridade do G20 Brasil. Precisamos ainda ter discuss\u00f5es paralelas para ver como levar essa proposta tribut\u00e1ria para os pa\u00edses, que poder\u00e3o implement\u00e1-la de diferentes formas, usar seus esfor\u00e7os e alcan\u00e7ar o entendimento de que essa reforma pode ter uma possibilidade de avan\u00e7o\u201d, indicou o diplomata.<\/p>\n<p>E completou: \u201cO qu\u00e3o r\u00e1pido podemos avan\u00e7ar, n\u00e3o posso dizer. J\u00e1 existem conversas em alguns f\u00f3runs internacionais sobre e vamos levar para todos eles\u201d.<\/p>\n<p><strong>Coopera\u00e7\u00e3o internacional<\/strong><\/p>\n<p>Para que seja eficaz, a tributa\u00e7\u00e3o exige coopera\u00e7\u00e3o internacional. H\u00e1 o risco de alguns super-ricos ocultarem sua renda e enviarem a pa\u00edses que tributam menos sobre as receitas, da\u00ed a necessidade de um padr\u00e3o comum.<\/p>\n<p>Os pa\u00edses dever\u00e3o definir, por exemplo, como determinar o valor da riqueza dos indiv\u00edduos e como garantir a transpar\u00eancia das informa\u00e7\u00f5es sobre transa\u00e7\u00f5es.<\/p>\n<p>Ainda que seja exigido esse esfor\u00e7o conjunto, os defensores da proposta admitem que haver\u00e1 uma coordena\u00e7\u00e3o internacional \u201cimperfeita\u201d, uma vez que alguns pa\u00edses n\u00e3o dever\u00e3o aderir ao padr\u00e3o de tributa\u00e7\u00e3o e implement\u00e1-lo efetivamente.<\/p>\n<p>Um dos atores que foi mobilizado recentemente foi o Papa Francisco, que costuma ter um discurso incisivo em defesa do combate \u00e0 mis\u00e9ria e \u00e0s desigualdades no planeta. O ministro Fernando Haddad esteve com o pont\u00edfice em junho deste ano, em uma audi\u00eancia privada.<\/p>\n<p>Fonte: Metr\u00f3poles<\/p>\n<\/p><\/div>\n<p><br \/>\n<br \/><a href=\"https:\/\/diariodobrasilnoticias.com.br\/noticia\/taxacao-dos-super-ricos-entenda-medida-planejada-pelo-governo-lula-66e59030632c6\">Source link <\/a><\/p>","protected":false},"excerpt":{"rendered":"<p>A taxa\u00e7\u00e3o dos super-ricos vem sido defendida j\u00e1 h\u00e1 algum tempo pelo ministro da Fazenda, Fernando Haddad, e, na avalia\u00e7\u00e3o do governo Lula (PT), o tema entrou de vez na&hellip;<\/p>","protected":false},"author":1,"featured_media":37140,"comment_status":"closed","ping_status":"open","sticky":false,"template":"","format":"standard","meta":{"content-type":"","footnotes":""},"categories":[16],"tags":[123,2448,5313,1267],"class_list":["post-37139","post","type-post","status-publish","format-standard","has-post-thumbnail","hentry","category-noticias","tag-brasil","tag-diario","tag-noticia","tag-noticias"],"_links":{"self":[{"href":"https:\/\/tvbrazilusa.com\/pt\/wp-json\/wp\/v2\/posts\/37139","targetHints":{"allow":["GET"]}}],"collection":[{"href":"https:\/\/tvbrazilusa.com\/pt\/wp-json\/wp\/v2\/posts"}],"about":[{"href":"https:\/\/tvbrazilusa.com\/pt\/wp-json\/wp\/v2\/types\/post"}],"author":[{"embeddable":true,"href":"https:\/\/tvbrazilusa.com\/pt\/wp-json\/wp\/v2\/users\/1"}],"replies":[{"embeddable":true,"href":"https:\/\/tvbrazilusa.com\/pt\/wp-json\/wp\/v2\/comments?post=37139"}],"version-history":[{"count":1,"href":"https:\/\/tvbrazilusa.com\/pt\/wp-json\/wp\/v2\/posts\/37139\/revisions"}],"predecessor-version":[{"id":37141,"href":"https:\/\/tvbrazilusa.com\/pt\/wp-json\/wp\/v2\/posts\/37139\/revisions\/37141"}],"wp:featuredmedia":[{"embeddable":true,"href":"https:\/\/tvbrazilusa.com\/pt\/wp-json\/wp\/v2\/media\/37140"}],"wp:attachment":[{"href":"https:\/\/tvbrazilusa.com\/pt\/wp-json\/wp\/v2\/media?parent=37139"}],"wp:term":[{"taxonomy":"category","embeddable":true,"href":"https:\/\/tvbrazilusa.com\/pt\/wp-json\/wp\/v2\/categories?post=37139"},{"taxonomy":"post_tag","embeddable":true,"href":"https:\/\/tvbrazilusa.com\/pt\/wp-json\/wp\/v2\/tags?post=37139"}],"curies":[{"name":"wp","href":"https:\/\/api.w.org\/{rel}","templated":true}]}}