{"id":37168,"date":"2024-09-14T16:26:00","date_gmt":"2024-09-14T16:26:00","guid":{"rendered":"https:\/\/tvbrazilusa.com\/2024\/09\/14\/bill-belichick-elogia-keion-white-do-patriots-e-o-escolhe-como-seu-cara-do-futebol-para-a-semana-1\/"},"modified":"2024-09-14T16:36:58","modified_gmt":"2024-09-14T16:36:58","slug":"bill-belichick-elogia-keion-white-do-patriots-e-o-escolhe-como-seu-cara-do-futebol-para-a-semana-1","status":"publish","type":"post","link":"https:\/\/tvbrazilusa.com\/pt\/2024\/09\/14\/bill-belichick-elogia-keion-white-do-patriots-e-o-escolhe-como-seu-cara-do-futebol-para-a-semana-1\/","title":{"rendered":"Bill Belichick elogia Keion White, do Patriots, e o escolhe como seu &#8220;cara do futebol&#8221; para a semana 1"},"content":{"rendered":"<p> <script async src=\"https:\/\/pagead2.googlesyndication.com\/pagead\/js\/adsbygoogle.js?client=ca-pub-8864793242727901\"\r\n     crossorigin=\"anonymous\"><\/script><br \/>\n<\/p>\n<div id=\"\">\n<header class=\"m-article-header m-article-header--standard\">\n\t\t\t\t\t\t\t\t\t\t\t\t<span id=\"article-header-primary-term\"><br \/>\n\t\t\t\t\t\t\t\t<a class=\"a-term a-term--primary\" href=\"https:\/\/www.boston.com\/tag\/new-england-patriots\/\"><\/p>\n<p>\t\t\t\t\t\t\t\tPatriotas\t\t\t\t\t\t\t\t<\/a><br \/>\n\t\t\t\t\t\t\t<\/span><\/p>\n<h2 class=\"m-article-header__sub-headline\">&#8220;Eu amo Keion White.&#8221;<\/h2>\n<figure class=\"a-photo m-article-header__photo\"><figcaption class=\"a-photo__caption\">\n<p>\tKeion White teve um desempenho de destaque na Semana 1 ap\u00f3s registrar um sack como novato. <em> (Foto AP\/Greg M. Cooper)<\/em>\t<\/figcaption><\/figure>\n<\/header>\n<p>Bill Belichick tem se mantido relativamente calado sobre a vit\u00f3ria dos Patriots na abertura da temporada, mas ele estava disposto a dar notas altas a um de seus destaques na vit\u00f3ria por 16 a 10 sobre os Bengals.<\/p>\n<p>No <a href=\"https:\/\/x.com\/insidetheNFL\/status\/1834771548827533569\" target=\"_blank\" rel=\"noreferrer noopener\">epis\u00f3dio mais recente de \u201cInside the NFL\u201d,<\/a> O ex-defensivo do Patriots, Chris Long, nomeou o edge rusher do Patriots, Keion White, como seu &#8220;Football Guy&#8221; da Semana 1. Com os colegas do painel &#8220;Inside the NFL&#8221;, Ryan Clark, nomeando o running back do 49ers, Jordan Mason, e Chad Johnson, o quarterback do Buccaneers, Baker Mayfield, Belichick escolheu a nomea\u00e7\u00e3o de Long para o &#8220;Football Guy&#8221; da Semana 1.<\/p>\n<p>\u201cTenho que dar cr\u00e9ditos ao Keion White\u201d, disse Belichick. \u201cPrimeiramente, eu amo o Keion White. Ele pode jogar por fora. Ele pode jogar por dentro. Ele \u00e9 duro, forte e pode realmente jogar a corrida. Ele pode jogar o passe. Ele s\u00f3 precisa de um pouco mais de experi\u00eancia e t\u00e9cnica. Voc\u00ea viu o que ele fez na Semana 1.\u201d<\/p>\n<p>White, que foi uma sele\u00e7\u00e3o de segunda rodada na classe de recrutamento final de Belichick com os Patriots em 2023, abriu sua segunda temporada com uma das melhores performances defensivas da liga na Semana 1. Ele registrou quatro tackles totais e 2,5 sacks, j\u00e1 superando o que ele teve como novato em 2023. Ele tamb\u00e9m teve tr\u00eas paradas de corrida, de acordo com o Pro Football Focus.<\/p>\n<p>White tamb\u00e9m registrou um fumble for\u00e7ado na primeira jogada de passe dos Bengals no jogo. Cincinnati conseguiu recuperar a bola, mas a jogada se destacou para Long, que chamou White de &#8220;monstro absoluto&#8221;. <\/p>\n<p>\u201cEsse cara estragou o jogo outro dia\u201d, disse Long. \u201cNa segunda jogada do jogo, ele faz um movimento interno e tira a bola [Joe] Burrow. Esse cara n\u00e3o tem luvas, n\u00e3o usa luvas. Bill diz que ele n\u00e3o sorri. Essa \u00e9 a defini\u00e7\u00e3o de um cara do futebol. Eu amo esse garoto. Ele pode ganhar tudo, de cima a baixo.\u201d<\/p>\n<p>Como Belichick observou, White \u00e9 relativamente cru para um jogador de 25 anos. Ele trocou de tight end para defensive end no meio de sua carreira universit\u00e1ria, jogando na posi\u00e7\u00e3o apenas dois anos antes de entrar na NFL. Embora White tenha tido apenas um sack como novato, ele registrou 20 press\u00f5es e foi visto como um dos principais destaques dos Patriots no training camp.<\/p>\n<p>O surgimento de White e o desempenho da Semana 1 j\u00e1 est\u00e3o fazendo algumas pessoas pensarem sobre seu lugar no time nos pr\u00f3ximos anos. O ex-linebacker do Patriots, Rob Ninkovich, disse que o time <a href=\"https:\/\/www.boston.com\/sports\/new-england-patriots\/2024\/09\/13\/nfl-patriots-keion-white-pass-rusher-contract-rob-ninkovich\/\" target=\"_blank\" rel=\"noreferrer noopener\">deve considerar dar uma extens\u00e3o a White quando tiver oportunidade.<\/a> White n\u00e3o est\u00e1 qualificado para receber uma extens\u00e3o at\u00e9 depois da temporada de 2025.<\/p>\n<p>Antes do epis\u00f3dio de sexta-feira \u201cInside the NFL\u201d, Belichick tinha dito muito pouco sobre a vit\u00f3ria de virada de seu antigo time no primeiro jogo sem ele. Ele n\u00e3o foi questionado sobre o assunto em suas apari\u00e7\u00f5es no \u201cThe Pat McAfee Show\u201d e no \u201cManningCast\u201d na segunda-feira.<\/p>\n<figure class=\"wp-block-embed is-type-rich is-provider-twitter wp-block-embed-twitter\">\n<div class=\"wp-block-embed__wrapper\">\n<blockquote class=\"twitter-tweet\" data-width=\"500\" data-dnt=\"true\">\n<p lang=\"en\" dir=\"ltr\">Definitivamente n\u00e3o h\u00e1 preconceito dos Patriots aqui \ud83d\udc40<\/p>\n<p>O indicado de Chris Long, Keion, recebe a indica\u00e7\u00e3o de Bill Belichick ap\u00f3s sua atua\u00e7\u00e3o contra os Bengals na Semana 1. <a href=\"https:\/\/t.co\/9cfOTtLFHH\">foto.twitter.com\/9cfOTtLFHH<\/a><\/p>\n<p>\u2014 Por dentro da NFL (@insidetheNFL) <a href=\"https:\/\/twitter.com\/insidetheNFL\/status\/1834771548827533569?ref_src=twsrc%5Etfw\">14 de setembro de 2024<\/a><\/p><\/blockquote>\n<\/div>\n<\/figure>\n<p>Belichick mostrou seu lado mais leve durante o segmento \u201cFootball Guy\u201d no \u201cInside the NFL\u201d, quando a equipe discutiu sobre Mason, que correu por 147 jardas na vit\u00f3ria dos 49ers sobre os Jets. <\/p>\n<p>\u201cJordan Mason, que cara. Isso me lembra de Jonah Gray quando ele correu por 220 jardas para mim e ficou inativo na semana seguinte\u201d, disse Belichick. \u201cMas esse cara, \u00f3tima performance.\u201d<\/p>\n<p>Se voc\u00ea se lembra, Jonas Gray era um running back n\u00e3o draftado que correu por 199 jardas e um recorde da franquia de quatro touchdowns em um jogo contra os Colts em 2014. O desempenho lhe rendeu um lugar na capa da Sports Illustrated na semana seguinte. Ele correu apenas para mais um touchdown em sua carreira na NFL ap\u00f3s aquele jogo, ficando no banco por uma semana ap\u00f3s o jogo dos Colts devido ao seu atraso para um treino.<\/p>\n<p>Os f\u00e3s do 49ers certamente esperam que Mason n\u00e3o siga uma trajet\u00f3ria semelhante. O t\u00e9cnico do San Francisco, Kyle Shanahan, disse aos rep\u00f3rteres na sexta-feira que Christian McCaffrey pode ser colocado na reserva de lesionados, o que o deixaria de fora por quatro jogos, incluindo o confronto da Semana 4 contra o New England. <\/p>\n<div class=\"m-block m-generic-cta\t m-generic-cta--post-content\t m-generic-cta--dark\t m-generic-cta--homepage\t m-generic-cta--email-signup\t\t m-generic-cta-block-style--default \tt-amp__generic-cta\"><\/p>\n<div class=\"m-generic-cta__wrap\">\n<div class=\"m-generic-cta__content\">\n<h3 class=\"m-generic-cta__title\">Inscreva-se para receber atualiza\u00e7\u00f5es dos Patriots\ud83c\udfc8<\/h3>\n<p class=\"m-generic-cta__subtitle\">Receba not\u00edcias de \u00faltima hora e an\u00e1lises na sua caixa de entrada durante a temporada de futebol.<\/p>\n<\/p><\/div>\n<\/p><\/div>\n<\/div><\/div>\n<p><script async src=\"\/\/platform.twitter.com\/widgets.js\" charset=\"utf-8\"><\/script><script>\n\t\tvar consent=\"grant\";\n\t\t\/* The above code is parsing the JSON data from the local storage and storing it in a variable. *\/\n\t\t\t\t\tconst onetrustStorageConsent = JSON.parse(localStorage.getItem( 'consent_one_trust_bdc' ) );\n\t\t\tif ( ( onetrustStorageConsent !== null ) ) {\n\t\t\t\t\/* Checking to see if the user has consented to the use of cookies.\n\t\t\t\t* If they have not, it is deleting the cookie.\n\t\t\t\t* This will comment for now, until further notice.\n\t\t\t\t*\/\n\t\t\t\t\/\/if ( onetrustStorageConsent.C0002 === false ) {\n\t\t\t\t\/\/\tdocument.cookie=\"_fbp=;expires=Thu, 01 Jan 2010 00:00:00 UTC; path=\/; domain=.boston.com\";\n\t\t\t\t\/\/}\n\t\t\t\t\/* Checking if the user has given consent for the cookie C0002.\n\t\t\t\t* If the user has given consent, the variable consent will be set to 'grant'.\n\t\t\t\t* If the user has not given consent,the variable consent will be set to 'revoke'.\n\t\t\t\t* Documentation https:\/\/developers.facebook.com\/docs\/meta-pixel\/implementation\/gdpr\n\t\t\t\t*\/\n\t\t\t\tif ( onetrustStorageConsent.C0002 !== true ) {\n\t\t\t\t\tconsent=\"revoke\";\n\t\t\t\t}\n\t\t\t}\n\t\t\t\t!function(f,b,e,v,n,t,s)\n\t\t{if(f.fbq)return;n=f.fbq=function(){n.callMethod?\n\t\tn.callMethod.apply(n,arguments):n.queue.push(arguments)};\n\t\tif(!f._fbq)f._fbq=n;n.push=n;n.loaded=!0;n.version='2.0';\n\t\tn.queue=[];t=b.createElement(e);t.async=!0;\n\t\tt.src=v;s=b.getElementsByTagName(e)[0];\n\t\ts.parentNode.insertBefore(t,s)}(window, document,'script',\n\t\t'https:\/\/connect.facebook.net\/en_US\/fbevents.js');\n\t\tfbq('consent', consent);\n\t\tfbq('init', '989222871864976');\n\t\tfbq('track', 'PageView');\n\t<\/script><script type=\"module\">\n\t\tvar consent=\"grant\";\n\t\t\/* The above code is parsing the JSON data from the local storage and storing it in a variable. *\/\n\t\t\tconst onetrustStorageConsent = JSON.parse(localStorage.getItem( 'consent_one_trust_bdc' ) );\n\t\t\t\/* Checking to see if the user has consented to the use of cookies.\n\t\t\t* If they have not, it is deleting the cookie.\n\t\t\t* This will comment for now, until further notice.\n\t\t\t*\/\n\t\t\t\/\/if ( onetrustStorageConsent.C0002 === false ) {\n\t\t\t\/\/\tdocument.cookie=\"_fbp=;expires=Thu, 01 Jan 2010 00:00:00 UTC; path=\/; domain=.boston.com\";\n\t\t\t\/\/}\n\t\t\t\/* Checking if the user has given consent for the cookie C0002.\n\t\t\t* If the user has given consent, the variable consent will be set to 'grant'.\n\t\t\t* If the user has not given consent,the variable consent will be set to 'revoke'.\n\t\t\t* Documentation https:\/\/developers.facebook.com\/docs\/meta-pixel\/implementation\/gdpr\n\t\t\t*\/\n\t\t\tif ( ( onetrustStorageConsent !== null ) && (onetrustStorageConsent.C0002 !== true ) ) {\n\t\t\t\tconsent=\"revoke\";\n\t\t\t}\n\t\t\t\t!function(f,b,e,v,n,t,s){if(f.fbq)return;n=f.fbq=function()\n\t\t{n.callMethod? n.callMethod.apply(n,arguments):n.queue.push(arguments)}\n\t\t;if(!f._fbq)f._fbq=n;\n\t\tn.push=n;n.loaded=!0;n.version='2.0';n.queue=[];t=b.createElement(e);t.async=!0;\n\t\tt.src=v;s=b.getElementsByTagName(e)[0];s.parentNode.insertBefore(t,s)}(window,\n\t\tdocument,'script','https:\/\/connect.facebook.net\/en_US\/fbevents.js');\n\t\tfbq('consent', consent);\n\t\tfbq('init', '813236348753005');\n\t\tfbq('track', \"PageView\");\n\t<\/script><br \/>\n<br \/><br \/>\n<br \/><a href=\"https:\/\/www.boston.com\/sports\/new-england-patriots\/2024\/09\/14\/bill-belichick-keion-white-patriots-quotes\/\">Source link <\/a><\/p>","protected":false},"excerpt":{"rendered":"<p>Patriotas &#8220;Eu amo Keion White.&#8221; Keion White teve um desempenho de destaque na Semana 1 ap\u00f3s registrar um sack como novato. (Foto AP\/Greg M. Cooper) Bill Belichick tem se mantido&hellip;<\/p>","protected":false},"author":1,"featured_media":37169,"comment_status":"closed","ping_status":"open","sticky":false,"template":"","format":"standard","meta":{"content-type":"","footnotes":""},"categories":[1],"tags":[],"class_list":["post-37168","post","type-post","status-publish","format-standard","has-post-thumbnail","hentry","category-uncategorized"],"_links":{"self":[{"href":"https:\/\/tvbrazilusa.com\/pt\/wp-json\/wp\/v2\/posts\/37168","targetHints":{"allow":["GET"]}}],"collection":[{"href":"https:\/\/tvbrazilusa.com\/pt\/wp-json\/wp\/v2\/posts"}],"about":[{"href":"https:\/\/tvbrazilusa.com\/pt\/wp-json\/wp\/v2\/types\/post"}],"author":[{"embeddable":true,"href":"https:\/\/tvbrazilusa.com\/pt\/wp-json\/wp\/v2\/users\/1"}],"replies":[{"embeddable":true,"href":"https:\/\/tvbrazilusa.com\/pt\/wp-json\/wp\/v2\/comments?post=37168"}],"version-history":[{"count":1,"href":"https:\/\/tvbrazilusa.com\/pt\/wp-json\/wp\/v2\/posts\/37168\/revisions"}],"predecessor-version":[{"id":37170,"href":"https:\/\/tvbrazilusa.com\/pt\/wp-json\/wp\/v2\/posts\/37168\/revisions\/37170"}],"wp:featuredmedia":[{"embeddable":true,"href":"https:\/\/tvbrazilusa.com\/pt\/wp-json\/wp\/v2\/media\/37169"}],"wp:attachment":[{"href":"https:\/\/tvbrazilusa.com\/pt\/wp-json\/wp\/v2\/media?parent=37168"}],"wp:term":[{"taxonomy":"category","embeddable":true,"href":"https:\/\/tvbrazilusa.com\/pt\/wp-json\/wp\/v2\/categories?post=37168"},{"taxonomy":"post_tag","embeddable":true,"href":"https:\/\/tvbrazilusa.com\/pt\/wp-json\/wp\/v2\/tags?post=37168"}],"curies":[{"name":"wp","href":"https:\/\/api.w.org\/{rel}","templated":true}]}}