{"id":37171,"date":"2024-09-14T16:46:26","date_gmt":"2024-09-14T16:46:26","guid":{"rendered":"https:\/\/tvbrazilusa.com\/2024\/09\/14\/em-depoimento-anielle-revela-detalhes-e-disponibiliza-prints-de-conversa-com-o-ex-ministro-silvio-almeida-veja-os-prints\/"},"modified":"2024-09-14T16:46:28","modified_gmt":"2024-09-14T16:46:28","slug":"em-depoimento-anielle-revela-detalhes-e-disponibiliza-prints-de-conversa-com-o-ex-ministro-silvio-almeida-veja-os-prints","status":"publish","type":"post","link":"https:\/\/tvbrazilusa.com\/pt\/2024\/09\/14\/em-depoimento-anielle-revela-detalhes-e-disponibiliza-prints-de-conversa-com-o-ex-ministro-silvio-almeida-veja-os-prints\/","title":{"rendered":"Em depoimento, Anielle revela detalhes e disponibiliza prints de conversa com o ex-ministro Silvio Almeida; veja os prints"},"content":{"rendered":"<p> <script async src=\"https:\/\/pagead2.googlesyndication.com\/pagead\/js\/adsbygoogle.js?client=ca-pub-8864793242727901\"\r\n     crossorigin=\"anonymous\"><\/script><br \/>\n<\/p>\n<div id=\"taboola-read-more\" style=\"display:block; width:100%\">\n<p>Anielle Franco escolheu um restaurante reservado, relativamente afastado da regi\u00e3o mais movimentada de Bras\u00edlia, para uma conversa que deveria ser definitiva. Desde que assumiu o comando do Minist\u00e9rio da Igualdade Racial, no in\u00edcio de 2023, ela vinha sendo alvo de constrangimentos e importuna\u00e7\u00f5es por parte de um colega, o ministro Silvio Almeida, dos Direitos Humanos. Os dois se conheceram durante o per\u00edodo de transi\u00e7\u00e3o de governo e se aproximaram muito depois da posse. Aos poucos, as conversas descontra\u00eddas do in\u00edcio da rela\u00e7\u00e3o foram dando lugar a investidas de conota\u00e7\u00e3o sexual. O ministro mirava Anielle com olhares enviesados, fazia \u201celogios\u201d inconvenientes, sussurrava fantasias er\u00f3ticas nos ouvidos dela e, na mais ousada das incurs\u00f5es, chegou a repousar a m\u00e3o entre as pernas da ministra. O encontro no restaurante foi a \u00faltima tentativa de Anielle de colocar um ponto-final em uma situa\u00e7\u00e3o \u201cinsustent\u00e1vel\u201d, que j\u00e1 havia chegado ao conhecimento de outros ministros, de assessores importantes do Pal\u00e1cio do Planalto e do pr\u00f3prio presidente da Rep\u00fablica. Ela tentou evitar que o caso se transformasse em um esc\u00e2ndalo, mas, segundo seu relato, n\u00e3o deu certo.<\/p>\n<\/p>\n<p>Na sexta-feira 6, Silvio Almeida foi demitido depois que o site Metr\u00f3poles revelou que a ONG Me Too Brasil havia recebido den\u00fancias de ass\u00e9dio sexual contra ele e que Anielle seria uma das v\u00edtimas. Pouco antes de perder o cargo, o ministro negou as acusa\u00e7\u00f5es, se disse v\u00edtima de persegui\u00e7\u00e3o, exibiu um conjunto de mensagens que atestariam que mantinha apenas uma rela\u00e7\u00e3o cordial com a ministra e citou o encontro no restaurante como prova de sua inoc\u00eancia. O que Almeida n\u00e3o sabia \u00e9 que Anielle j\u00e1 havia dado um detalhado depoimento sobre o caso, inclusive sua vers\u00e3o para o encontro no restaurante. Diante dos ministros Vin\u00edcius Marques de Carvalho (Controladoria-Geral da Uni\u00e3o), Jorge Messias (Advocacia-\u00adGeral da Uni\u00e3o), Cida Gon\u00e7alves (Mulheres) e Esther Dweck (Gest\u00e3o), Anielle confirmou que era assediada \u201ch\u00e1 v\u00e1rios meses\u201d, relatou diferentes epis\u00f3dios em que o colega se dirigia a ela com palavras de \u201clasc\u00edvia\u201d e descreveu cenas em que teve os ombros e as costas apalpadas de forma abso\u00adluta\u00admente inapropriada. Confirmou tamb\u00e9m ter ficado totalmente \u201cdesconcertada\u201d num dia em que Almeida tocou suas partes \u00edntimas por baixo da mesa, durante uma reuni\u00e3o de trabalho e na presen\u00e7a de v\u00e1rias autoridades.<\/p>\n<p>No depoimento, a ministra descreveu as diversas agress\u00f5es de que era alvo e explicou o contexto em que aceitou jantar com o colega, mesmo depois de tudo que ele j\u00e1 havia feito. Conta que o convite partiu dela e o obje\u00adti\u00advo era tentar convencer o colega a mudar o comportamento e evitar um esc\u00e2ndalo que poderia comprometer a carreira de ambos. Foi, de fato, um jantar cordial, como disse o ministro em sua vers\u00e3o. A certa altura da conversa, Almeida reconheceu ter passado do ponto e at\u00e9 lamentou. Na sa\u00edda do restaurante, por\u00e9m, o ministro teria se aproximado de Anielle e, como se nada tivesse acontecido, sussurrado no ouvido dela um desejo \u2014 uma express\u00e3o impublic\u00e1vel. No relato que fez aos colegas de minist\u00e9rio, Anielle ressaltou que, mesmo sofrendo importuna\u00e7\u00f5es sexuais de maneira recorrente havia mais de um ano, n\u00e3o tinha formalizado a den\u00fancia por medo de ser desacreditada e perder o cargo por n\u00e3o ter como comprovar as acusa\u00e7\u00f5es \u2014 um problema enfrentado pela grande maioria das v\u00edtimas de ass\u00e9dio. \u201cComo s\u00e3o crimes que quase sempre n\u00e3o deixam vest\u00edgios materiais, temos a palavra de um contra a palavra do outro\u201d, ressalta a ex-promotora Gabriela Manssur, especialista em defesa dos direitos das mulheres.<\/p>\n<p><img fetchpriority=\"high\" decoding=\"async\" src=\"https:\/\/veja.abril.com.br\/wp-content\/uploads\/2024\/09\/conversa-WhatsApp2.jpg?quality=70&#038;strip=info&#038;w=1024&#038;crop=1\" alt=\"\" width=\"400\" height=\"1224\"\/><\/p>\n<p>Silvio Almeida negou todas as acusa\u00e7\u00f5es e se disse v\u00edtima de uma arma\u00e7\u00e3o pol\u00edtica. Antes de ser demitido, ele tamb\u00e9m foi ouvido pelos colegas do governo. O ministro relatou que havia uma disputa por protagonismo com Anielle em rela\u00e7\u00e3o \u00e0 luta contra o racismo, mas que isso, embora tenha gerado algumas rusgas, nunca atrapalhou a boa rela\u00e7\u00e3o entre eles. Pelo contr\u00e1rio. Os dois conversavam com frequ\u00eancia, tinham certa intimidade e projetos comuns. Para provar o que dizia, Almeida selecionou um conjunto de mensagens que ele trocou com a ministra de novembro de 2022 a mar\u00e7o de 2024. Os di\u00e1logos, segundo ele, mostram uma rela\u00e7\u00e3o que seria incompat\u00edvel entre uma v\u00edtima de ass\u00e9dio e seu pretenso algoz. H\u00e1 juras de fidelidade, demonstra\u00e7\u00f5es de carinho e elogios m\u00fatuos. \u201cQuero ser seu parceiro, a pessoa em que voc\u00ea pode confiar. Eu n\u00e3o estava b\u00eabado quando conversamos ontem no avi\u00e3o do PR\u2026\u201d, escreveu ele em agosto do ano passado. Os dois haviam acabado de voltar de uma viagem oficial fora do pa\u00eds. \u201cMinha admira\u00e7\u00e3o por voc\u00ea \u00e9 imensa. A \u00faltima coisa que eu quero \u00e9 que a gente se d\u00ea mal\u201d, respondeu Anielle. Na ocasi\u00e3o, eles combinaram um jantar para \u201cafinar os ponteiros\u201d. \u201cEu quero recome\u00e7ar com voc\u00ea\u201d, ressalta Almeida. \u201cEu tamb\u00e9m\u201d, responde Anielle. Dias depois, a ministra envia uma foto de ambos. O ministro comenta: \u201cSomos lindos, Anielle!\u201d. E acrescenta: \u201cEsse seu vestido \u00e9 deslumbrante\u201d. \u201cFicou muito f. n\u00e9!?\u201d, ela concorda, sugerindo uma legenda para a imagem: \u201cLindos, negros, competentes e ainda ministros\u201d. No dia em que a ministra afirma ter sido surpreendida pela m\u00e3o boba do ministro, h\u00e1 o registro de uma liga\u00e7\u00e3o n\u00e3o atendida dela para ele ap\u00f3s a reuni\u00e3o.<\/p>\n<p>Os rumores sobre o ass\u00e9dio \u00e0 titular da Igualdade Racial j\u00e1 circulavam por v\u00e1rios gabinetes importantes de Bras\u00edlia, incluindo o do presidente da Rep\u00fablica. Alguns ministros sabiam de detalhes. Por\u00e9m, como a acusa\u00e7\u00e3o de ass\u00e9dio n\u00e3o havia sido formalizada, auxiliares de Lula tentaram contornar o problema para evitar os danos pol\u00edticos que a den\u00fancia certamente provocaria. Amiga de Anielle Franco, a primeira-dama, Janja da Silva, entrou no circuito e ouviu da pr\u00f3pria ministra detalhes das importuna\u00e7\u00f5es sexuais. Anielle, por\u00e9m, n\u00e3o estava disposta a levar o caso adiante, e pela vers\u00e3o de Almeida nada tinha acontecido, portanto, melhor deixar como estava. Nas \u00faltimas semanas, os dois nem se cumprimentavam mais. Um dia antes da eclos\u00e3o do esc\u00e2ndalo, eles compareceram a um evento oficial. Sequer se olharam, e Anielle deixou o local antes de o ministro discursar. Uma dificuldade comum em investiga\u00e7\u00f5es de crimes de ass\u00e9dio e importuna\u00e7\u00e3o sexual \u00e9 a produ\u00e7\u00e3o de provas. As abordagens normalmente s\u00e3o feitas quando a v\u00edtima est\u00e1 sozinha ou longe de ambientes p\u00fablicos. As falsas acusa\u00e7\u00f5es s\u00e3o raras, mas tamb\u00e9m existem.<\/p>\n<p>A den\u00fancia contra o ministro foi publicada na noite da quinta-feira 5. Horas depois, ainda durante a noite, ele foi instado a prestar esclarecimentos. Em seu depoimento, relatou aos ministros Vin\u00edcius Marques de Carvalho, Jorge Messias e Paulo Pimenta (Secretaria de Comunica\u00e7\u00e3o Social) que as acusa\u00e7\u00f5es, al\u00e9m de infundadas, eram fruto de uma disputa pol\u00edtica entre militantes de pautas identit\u00e1rias e fariam parte de um movimento para desacredit\u00e1-lo, orquestrado por um advogado ligado ao Grupo Prerrogativas. Durante a madrugada, Almeida procurou amigos para se aconselhar. A dois deles disse que estava propenso a tirar a pr\u00f3pria vida. N\u00e3o parecia blefe. Desorientado, repetia que a vida pessoal e a carreira profissional estavam arruinadas. Um advogado indicou um psiquiatra e outro o aconselhou a deixar o cargo para se dedicar a preparar sua defesa e evitar constrangimentos ao governo. Mais calmo, ainda na madrugada, ele ligou para um assessor do presidente da Rep\u00fablica para comunicar a decis\u00e3o. Era tudo que o Planalto queria.<\/p>\n<p>Lula n\u00e3o precisaria assumir o desgaste de demitir o ministro e apagaria o inc\u00eandio em poucas horas. Ficou acertado que Almeida iria conversar com o presidente ainda naquele dia e anunciaria sua demiss\u00e3o. O ministro, por\u00e9m, mudou de ideia. Antes do encontro com o presidente, ele divulgou uma nota afirmando que as acusa\u00e7\u00f5es contra ele eram \u201cila\u00e7\u00f5es absurdas\u201d, acusou o grupo Me Too de ter tentado interferir em uma licita\u00e7\u00e3o e informou que pediria que o Minist\u00e9rio P\u00fablico e \u00f3rg\u00e3os do governo fizessem uma \u201capura\u00e7\u00e3o rigorosa\u201d do caso. Na audi\u00eancia com Lula, disse que n\u00e3o pediria demiss\u00e3o, reafirmou a inoc\u00eancia e tentou mostrar as provas de que dispunha: o v\u00eddeo do tal jantar com Anielle e as mensagens de WhatsApp trocadas com a ministra. Lula ouviu as explica\u00e7\u00f5es, mas j\u00e1 tinha o veredicto. A nova ministra dos Direitos Humanos, Maca\u00e9 Evaristo, vai tomar posse na pr\u00f3xima semana. Para o Planalto, o caso est\u00e1 encerrado.<\/p>\n<p>Fonte: Veja<\/p>\n<\/p><\/div>\n<p><br \/>\n<br \/><a href=\"https:\/\/diariodobrasilnoticias.com.br\/noticia\/em-depoimento-anielle-revela-detalhes-e-disponibiliza-prints-de-conversa-com-o-ex-ministro-silvio-almeida-veja-os-prints-66e5a1844af5d\">Source link <\/a><\/p>","protected":false},"excerpt":{"rendered":"<p>Anielle Franco escolheu um restaurante reservado, relativamente afastado da regi\u00e3o mais movimentada de Bras\u00edlia, para uma conversa que deveria ser definitiva. Desde que assumiu o comando do Minist\u00e9rio da Igualdade&hellip;<\/p>","protected":false},"author":1,"featured_media":37172,"comment_status":"closed","ping_status":"open","sticky":false,"template":"","format":"standard","meta":{"content-type":"","footnotes":""},"categories":[16],"tags":[123,2448,5313,1267],"class_list":["post-37171","post","type-post","status-publish","format-standard","has-post-thumbnail","hentry","category-noticias","tag-brasil","tag-diario","tag-noticia","tag-noticias"],"_links":{"self":[{"href":"https:\/\/tvbrazilusa.com\/pt\/wp-json\/wp\/v2\/posts\/37171","targetHints":{"allow":["GET"]}}],"collection":[{"href":"https:\/\/tvbrazilusa.com\/pt\/wp-json\/wp\/v2\/posts"}],"about":[{"href":"https:\/\/tvbrazilusa.com\/pt\/wp-json\/wp\/v2\/types\/post"}],"author":[{"embeddable":true,"href":"https:\/\/tvbrazilusa.com\/pt\/wp-json\/wp\/v2\/users\/1"}],"replies":[{"embeddable":true,"href":"https:\/\/tvbrazilusa.com\/pt\/wp-json\/wp\/v2\/comments?post=37171"}],"version-history":[{"count":1,"href":"https:\/\/tvbrazilusa.com\/pt\/wp-json\/wp\/v2\/posts\/37171\/revisions"}],"predecessor-version":[{"id":37173,"href":"https:\/\/tvbrazilusa.com\/pt\/wp-json\/wp\/v2\/posts\/37171\/revisions\/37173"}],"wp:featuredmedia":[{"embeddable":true,"href":"https:\/\/tvbrazilusa.com\/pt\/wp-json\/wp\/v2\/media\/37172"}],"wp:attachment":[{"href":"https:\/\/tvbrazilusa.com\/pt\/wp-json\/wp\/v2\/media?parent=37171"}],"wp:term":[{"taxonomy":"category","embeddable":true,"href":"https:\/\/tvbrazilusa.com\/pt\/wp-json\/wp\/v2\/categories?post=37171"},{"taxonomy":"post_tag","embeddable":true,"href":"https:\/\/tvbrazilusa.com\/pt\/wp-json\/wp\/v2\/tags?post=37171"}],"curies":[{"name":"wp","href":"https:\/\/api.w.org\/{rel}","templated":true}]}}