{"id":37202,"date":"2024-09-14T18:20:44","date_gmt":"2024-09-14T18:20:44","guid":{"rendered":"https:\/\/tvbrazilusa.com\/2024\/09\/14\/diretor-da-pf-andrei-rodrigues-defende-o-ministro-alexandre-de-moraes-em-acoes-contra-o-x\/"},"modified":"2024-09-14T18:20:45","modified_gmt":"2024-09-14T18:20:45","slug":"diretor-da-pf-andrei-rodrigues-defende-o-ministro-alexandre-de-moraes-em-acoes-contra-o-x","status":"publish","type":"post","link":"https:\/\/tvbrazilusa.com\/pt\/2024\/09\/14\/diretor-da-pf-andrei-rodrigues-defende-o-ministro-alexandre-de-moraes-em-acoes-contra-o-x\/","title":{"rendered":"Diretor da PF, Andrei Rodrigues, defende o ministro Alexandre de Moraes em a\u00e7\u00f5es contra o X"},"content":{"rendered":"<p> <script async src=\"https:\/\/pagead2.googlesyndication.com\/pagead\/js\/adsbygoogle.js?client=ca-pub-8864793242727901\"\r\n     crossorigin=\"anonymous\"><\/script><br \/>\n<\/p>\n<div id=\"taboola-read-more\" style=\"display:block; width:100%\">\n<p>O diretor-geral da Pol\u00edcia Federal, Andrei Rodrigues, fez uma defesa enf\u00e1tica do ministro do Supremo Tribunal Federal (STF) Alexandre de Moraes a um grupo de empres\u00e1rios com quem se reuniu na quinta (12), em S\u00e3o Paulo.<\/p>\n<p>RAZ\u00c3O DE SOBRA<br \/>O diretor relatou, com riqueza de detalhes, as raz\u00f5es que, segundo ele, levaram o X a ser suspenso pelo magistrado.<\/p>\n<p>RAZ\u00c3O 3<br \/>Segundo o diretor, o senador Marcos do Val (Podemos-ES) fez uma postagem no X com fotos da filha de 5 anos e da esposa de um delegado que o investigava. Abaixo dela, a legenda: &#8220;Procura-se vivo ou morto&#8221;.<\/p>\n<p>RAZ\u00c3O 4<br \/>&#8220;Imaginem, uma crian\u00e7a de 5 anos, o que gerou coment\u00e1rios na linha: &#8216;morto vale quanto?&#8217;. A esposa desse delegado faz tratamento at\u00e9 hoje&#8221;, disse Andrei Rodrigues aos empres\u00e1rios, reunidos pelo grupo Esfera Brasil.<\/p>\n<p>PODE ISSO?<br \/>&#8220;Voc\u00eas acham razo\u00e1vel?&#8221;, questionou ele \u00e0 plateia, ouvindo de volta coment\u00e1rios que demonstravam indigna\u00e7\u00e3o e perplexidade.<\/p>\n<p>QUEM MANDA<br \/>O diretor-geral disse que a PF pediu a Moraes para que a postagem fosse retirada do ar, mas o X ignorou solenemente a determina\u00e7\u00e3o do magistrado.<\/p>\n<p>QUEM MANDA 2<br \/>O ministro ent\u00e3o determinou o pagamento de multa de R$ 50 mil por dia \u2014decis\u00e3o que o X igualmente desobedeceu.<\/p>\n<p>QUEM MANDA 3<br \/>&#8220;O X n\u00e3o fez nada, nem apagou o post nem pagou a multa. E ainda disse que iria retirar o escrit\u00f3rio da rede social no Brasil, para [as autoridades] n\u00e3o terem com quem falar&#8221;, seguiu Andrei.<\/p>\n<p>\u00daLTIMO RECURSO<br \/>&#8220;O ministro teve como \u00faltimo recurso bloquear a ferramenta no Brasil&#8221;, explicou Rodrigues. E completou: &#8220;Coloquem-se na posi\u00e7\u00e3o do meu colega e de Moraes: O que fariam?&#8221;.<\/p>\n<p>\u00daLTIMO RECURSO 2<br \/>O delegado amea\u00e7ado integra a equipe que investiga o ex-presidente Jair Bolsonaro (PL) e seus apoiadores. As amea\u00e7as aos agentes tamb\u00e9m s\u00e3o investigadas, e foi no \u00e2mbito delas que o ministro determinou a suspens\u00e3o do X, no dia 7 de agosto.<\/p>\n<p>INTERVALO<br \/>A medida foi tomada depois de decis\u00e3o em que Moraes determinou a pris\u00e3o da representante da plataforma no pa\u00eds, caso n\u00e3o fosse cumprida a ordem de bloqueios de perfis. A suspens\u00e3o do antigo Twitter em todo o Brasil est\u00e1 em vigor desde 30 de agosto.<\/p>\n<p>Fonte: Folha de S. Paulo<\/p>\n<\/p><\/div>\n<p><br \/>\n<br \/><a href=\"https:\/\/diariodobrasilnoticias.com.br\/noticia\/diretor-da-pf-andrei-rodrigues-defende-o-ministro-alexandre-de-moraes-em-acoes-contra-o-x-66e5b583d4ba4\">Source link <\/a><\/p>","protected":false},"excerpt":{"rendered":"<p>O diretor-geral da Pol\u00edcia Federal, Andrei Rodrigues, fez uma defesa enf\u00e1tica do ministro do Supremo Tribunal Federal (STF) Alexandre de Moraes a um grupo de empres\u00e1rios com quem se reuniu&hellip;<\/p>","protected":false},"author":1,"featured_media":37203,"comment_status":"closed","ping_status":"open","sticky":false,"template":"","format":"standard","meta":{"content-type":"","footnotes":""},"categories":[16],"tags":[123,2448,5313,1267],"class_list":["post-37202","post","type-post","status-publish","format-standard","has-post-thumbnail","hentry","category-noticias","tag-brasil","tag-diario","tag-noticia","tag-noticias"],"_links":{"self":[{"href":"https:\/\/tvbrazilusa.com\/pt\/wp-json\/wp\/v2\/posts\/37202","targetHints":{"allow":["GET"]}}],"collection":[{"href":"https:\/\/tvbrazilusa.com\/pt\/wp-json\/wp\/v2\/posts"}],"about":[{"href":"https:\/\/tvbrazilusa.com\/pt\/wp-json\/wp\/v2\/types\/post"}],"author":[{"embeddable":true,"href":"https:\/\/tvbrazilusa.com\/pt\/wp-json\/wp\/v2\/users\/1"}],"replies":[{"embeddable":true,"href":"https:\/\/tvbrazilusa.com\/pt\/wp-json\/wp\/v2\/comments?post=37202"}],"version-history":[{"count":1,"href":"https:\/\/tvbrazilusa.com\/pt\/wp-json\/wp\/v2\/posts\/37202\/revisions"}],"predecessor-version":[{"id":37204,"href":"https:\/\/tvbrazilusa.com\/pt\/wp-json\/wp\/v2\/posts\/37202\/revisions\/37204"}],"wp:featuredmedia":[{"embeddable":true,"href":"https:\/\/tvbrazilusa.com\/pt\/wp-json\/wp\/v2\/media\/37203"}],"wp:attachment":[{"href":"https:\/\/tvbrazilusa.com\/pt\/wp-json\/wp\/v2\/media?parent=37202"}],"wp:term":[{"taxonomy":"category","embeddable":true,"href":"https:\/\/tvbrazilusa.com\/pt\/wp-json\/wp\/v2\/categories?post=37202"},{"taxonomy":"post_tag","embeddable":true,"href":"https:\/\/tvbrazilusa.com\/pt\/wp-json\/wp\/v2\/tags?post=37202"}],"curies":[{"name":"wp","href":"https:\/\/api.w.org\/{rel}","templated":true}]}}