{"id":37226,"date":"2024-09-14T19:26:48","date_gmt":"2024-09-14T19:26:48","guid":{"rendered":"https:\/\/tvbrazilusa.com\/2024\/09\/14\/apresentador-ratinho-cobra-manifestacao-dos-artistas-sobre-as-queimadas-no-brasil\/"},"modified":"2024-09-14T19:26:49","modified_gmt":"2024-09-14T19:26:49","slug":"apresentador-ratinho-cobra-manifestacao-dos-artistas-sobre-as-queimadas-no-brasil","status":"publish","type":"post","link":"https:\/\/tvbrazilusa.com\/pt\/2024\/09\/14\/apresentador-ratinho-cobra-manifestacao-dos-artistas-sobre-as-queimadas-no-brasil\/","title":{"rendered":"Apresentador Ratinho cobra manifesta\u00e7\u00e3o dos artistas sobre as queimadas no Brasil"},"content":{"rendered":"<p> <script async src=\"https:\/\/pagead2.googlesyndication.com\/pagead\/js\/adsbygoogle.js?client=ca-pub-8864793242727901\"\r\n     crossorigin=\"anonymous\"><\/script><br \/>\n<\/p>\n<div id=\"taboola-read-more\" style=\"display:block; width:100%\">\n<p>O apresentador Carlos Massa, o Ratinho, criticou a falta de posicionamento de artistas em rela\u00e7\u00e3o a queimadas e seca. Em v\u00eddeo publicado na 5\u00aa feira (12.set.2024) em seu perfil no Instagram, ele questionou \u201conde est\u00e3o\u201d aqueles que falavam no passado \u201cque era culpa do governo\u201d.<\/p>\n<p>Segundo o comunicador, \u201ca culpa das queimadas \u00e9 da natureza\u201d. Ele afirma que a incid\u00eancia de focos de inc\u00eandio em locais como a Amaz\u00f4nia e Pantanal \u201cacontece todos os anos\u201d.<\/p>\n<p>O Brasil vive um per\u00edodo de alta nas queimadas. Setembro de 2024 caminha para superar agosto em n\u00fameros de ocorr\u00eancias no Brasil. No m\u00eas passado, foram registradas 68.635 focos. Foi o maior n\u00famero para o per\u00edodo desde 2010. Al\u00e9m disso, o pa\u00eds enfrenta uma seca hist\u00f3rica, com a pior estiagem em 44 anos.<\/p>\n<p>\u201cEu estou aqui no Pantanal pescando\u201d, disse Ratinho. \u201cD\u00e1 uma olhada no \u2018fumac\u00ea\u2019, p\u00e9ssimo, eu tive dificuldade at\u00e9 para descer com o avi\u00e3o\u201d, afirmou. \u201cEst\u00e1 pegando fogo no Brasil, uma seca desgra\u00e7ada, pegando fogo\u201d, acrescentou.<\/p>\n<p>\u201cEu queria cobrar daqueles artistas que apareciam e ficavam falando da seca. Onde voc\u00eas est\u00e3o? Est\u00e1 tendo muito mais seca do que nos outros anos. [\u2026] Por que voc\u00eas n\u00e3o falam agora? Por que voc\u00eas n\u00e3o v\u00eam aqui apagar o fogo agora? Voc\u00eas falavam que era culpa do governo, e agora? A culpa \u00e9 de quem?\u201d, declarou o apresentador.<\/p>\n<p>Segundo Ratinho, o Minist\u00e9rio do Meio Ambiente n\u00e3o est\u00e1 \u201ccuidando\u201d da situa\u00e7\u00e3o.<\/p>\n<p>\u201cE n\u00e3o tem como cuidar. Tudo aquilo era uma mentira. Todo mundo sabe que Pantanal pega fogo, todo mundo sabe que a Amaz\u00f4nia pega fogo e que n\u00e3o tem culpado, o culpado \u00e9 a natureza. \u00c9 a natureza que faz com que pegue fogo na Amaz\u00f4nia. Todo ano \u00e9 a mesma coisa\u201d, disse.<\/p>\n<p>O apresentador citou que, no governo anterior, \u201caparecia gente da Fran\u00e7a, da Noruega\u201d e artistas para criticar. \u201cE agora? Onde \u00e9 que voc\u00eas est\u00e3o? Voc\u00eas morreram? Ah, voc\u00eas morreram? Sei. Quando a gente fala que \u00e9 tudo politicagem, o povo n\u00e3o acredita\u201d, completou.<\/p>\n<p>Fonte: Poder360<\/p>\n<\/p><\/div>\n<p><br \/>\n<br \/><a href=\"https:\/\/diariodobrasilnoticias.com.br\/noticia\/apresentador-ratinho-cobra-manifestacao-dos-artistas-sobre-as-queimadas-no-brasil-66e5ba412a0c7\">Source link <\/a><\/p>","protected":false},"excerpt":{"rendered":"<p>O apresentador Carlos Massa, o Ratinho, criticou a falta de posicionamento de artistas em rela\u00e7\u00e3o a queimadas e seca. Em v\u00eddeo publicado na 5\u00aa feira (12.set.2024) em seu perfil no&hellip;<\/p>","protected":false},"author":1,"featured_media":37227,"comment_status":"closed","ping_status":"open","sticky":false,"template":"","format":"standard","meta":{"content-type":"","footnotes":""},"categories":[16],"tags":[123,2448,5313,1267],"class_list":["post-37226","post","type-post","status-publish","format-standard","has-post-thumbnail","hentry","category-noticias","tag-brasil","tag-diario","tag-noticia","tag-noticias"],"_links":{"self":[{"href":"https:\/\/tvbrazilusa.com\/pt\/wp-json\/wp\/v2\/posts\/37226","targetHints":{"allow":["GET"]}}],"collection":[{"href":"https:\/\/tvbrazilusa.com\/pt\/wp-json\/wp\/v2\/posts"}],"about":[{"href":"https:\/\/tvbrazilusa.com\/pt\/wp-json\/wp\/v2\/types\/post"}],"author":[{"embeddable":true,"href":"https:\/\/tvbrazilusa.com\/pt\/wp-json\/wp\/v2\/users\/1"}],"replies":[{"embeddable":true,"href":"https:\/\/tvbrazilusa.com\/pt\/wp-json\/wp\/v2\/comments?post=37226"}],"version-history":[{"count":1,"href":"https:\/\/tvbrazilusa.com\/pt\/wp-json\/wp\/v2\/posts\/37226\/revisions"}],"predecessor-version":[{"id":37228,"href":"https:\/\/tvbrazilusa.com\/pt\/wp-json\/wp\/v2\/posts\/37226\/revisions\/37228"}],"wp:featuredmedia":[{"embeddable":true,"href":"https:\/\/tvbrazilusa.com\/pt\/wp-json\/wp\/v2\/media\/37227"}],"wp:attachment":[{"href":"https:\/\/tvbrazilusa.com\/pt\/wp-json\/wp\/v2\/media?parent=37226"}],"wp:term":[{"taxonomy":"category","embeddable":true,"href":"https:\/\/tvbrazilusa.com\/pt\/wp-json\/wp\/v2\/categories?post=37226"},{"taxonomy":"post_tag","embeddable":true,"href":"https:\/\/tvbrazilusa.com\/pt\/wp-json\/wp\/v2\/tags?post=37226"}],"curies":[{"name":"wp","href":"https:\/\/api.w.org\/{rel}","templated":true}]}}