{"id":37232,"date":"2024-09-14T18:37:49","date_gmt":"2024-09-14T18:37:49","guid":{"rendered":"https:\/\/tvbrazilusa.com\/2024\/09\/14\/embrapa-preve-reducao-de-30-na-producao-agricola-devido-a-alteracoes-no-clima-tv-florida-usa-a-sua-tv-brasileira-nos-estados-unidos\/"},"modified":"2024-09-14T19:38:31","modified_gmt":"2024-09-14T19:38:31","slug":"embrapa-preve-reducao-de-30-na-producao-agricola-devido-a-alteracoes-no-clima-tv-florida-usa-a-sua-tv-brasileira-nos-estados-unidos","status":"publish","type":"post","link":"https:\/\/tvbrazilusa.com\/pt\/2024\/09\/14\/embrapa-preve-reducao-de-30-na-producao-agricola-devido-a-alteracoes-no-clima-tv-florida-usa-a-sua-tv-brasileira-nos-estados-unidos\/","title":{"rendered":"Embrapa prev\u00ea redu\u00e7\u00e3o de 30% na produ\u00e7\u00e3o agr\u00edcola devido a altera\u00e7\u00f5es no clima \u2013 TV Florida USA \u2013 A sua TV Brasileira nos Estados Unidos"},"content":{"rendered":"<p> <script async src=\"https:\/\/pagead2.googlesyndication.com\/pagead\/js\/adsbygoogle.js?client=ca-pub-8864793242727901\"\r\n     crossorigin=\"anonymous\"><\/script><br \/>\n<\/p>\n<div id=\"taboola-read-more\" style=\"display:block; width:100%\">\n<p>Um dos principais motores da economia brasileira, o agroneg\u00f3cio tem sido o setor mais impactado pelas mudan\u00e7as clim\u00e1ticas. Em 2024, a seca recorde, as altas temperaturas e as queimadas t\u00eam afetado as safras e devem provocar redu\u00e7\u00e3o na produ\u00e7\u00e3o e aumento nos pre\u00e7os de alimentos. Para o futuro, estudos mostram que esses impactos podem ser ainda maiores.<\/p>\n<p>Com o aumento das temperaturas no mundo, esses eventos clim\u00e1ticos extremos devem ficar cada vez mais recorrentes. E essa combina\u00e7\u00e3o tende a reduzir o tamanho da \u00e1rea para produ\u00e7\u00e3o agr\u00edcola das principais culturas do Brasil. Em alguns casos, como as planta\u00e7\u00f5es de caf\u00e9 e de soja, a redu\u00e7\u00e3o de terras potenciais pode chegar a 30% nas pr\u00f3ximas d\u00e9cadas.<\/p>\n<p>Para Giampaolo Pellegrino, pesquisador da \u00e1rea de mudan\u00e7as clim\u00e1ticas da Embrapa (Empresa Brasileira de Pesquisa Agropecu\u00e1ria) e engenheiro florestal, trata-se de um alerta para o pa\u00eds que \u00e9 chamado de \u201cceleiro do mundo\u201d e para o pr\u00f3prio agroneg\u00f3cio adaptar m\u00e9todos e acabar com as pr\u00e1ticas de desmatamento e queimadas para abrir espa\u00e7o para as lavouras.<\/p>\n<p>\u201cA planta tem uma capacidade t\u00e9rmica. Se aumenta a temperatura, pode ultrapassar o limite fisiol\u00f3gico dela. O caf\u00e9, por exemplo, se passar de 32 \u00baC, aborta a flor e n\u00e3o tem fruto. E tem a quest\u00e3o do solo, pois o aumento da temperatura demanda mais \u00e1gua na planta. Isso come\u00e7a alterar as caracter\u00edsticas de regi\u00f5es, com perdas de \u00e1reas que sejam favor\u00e1veis t\u00e9rmica ou hidricamente para o cultivo de determinada planta\u201d, explica.<\/p>\n<p>Pellegrino diz que o impacto \u00e9 diferente conforme a cultura agr\u00edcola. Isso porque h\u00e1 plantas que s\u00e3o naturais das regi\u00f5es temperadas e acostumadas a climas mais amenos. \u00c9 o caso de gr\u00e3os como trigo, arroz, feij\u00e3o e soja, al\u00e9m do caf\u00e9 \u2013produzidos majoritariamente na regi\u00e3o centro-sul do Brasil.<\/p>\n<p>\u201cQuando simulamos os cen\u00e1rios com o avan\u00e7o do aquecimento global, temos percebido que principalmente para culturas de clima originalmente temperado t\u00eam uma tend\u00eancia geral de redu\u00e7\u00e3o das \u00e1reas boas para se plantar, que s\u00e3o os terrenos com baixo risco de plantio. E isso, consequentemente, vai se refletir numa redu\u00e7\u00e3o da produ\u00e7\u00e3o\u201d, diz.<\/p>\n<p>A pesquisa da Embrapa considera cen\u00e1rios pessimistas e mais otimistas do aquecimento global para estimar a \u00e1rea potencial de cultivo das principais culturas do agro nacional. No pior cen\u00e1rio, com as temperaturas subindo mais nas pr\u00f3ximas d\u00e9cadas, a \u00e1rea para produ\u00e7\u00e3o de soja pode reduzir 15% at\u00e9 2050 e 26% at\u00e9 2070.<\/p>\n<p>Para as planta\u00e7\u00f5es de caf\u00e9, na compara\u00e7\u00e3o com a \u00e1rea potencial de cultivo de 2020, a extens\u00e3o das terras prop\u00edcias deve reduzir de 11% a 12% at\u00e9 2050, e de 22% a 30% at\u00e9 2070, considerando os cen\u00e1rios de menor e maior aumento nas temperaturas do planeta.<\/p>\n<p>No caso das culturas mais t\u00edpicas do clima tropical, como a mandioca e a cana-de-a\u00e7\u00facar, o impacto tende a ser menor ou at\u00e9 ter efeito inverso. Essas planta\u00e7\u00f5es j\u00e1 s\u00e3o mais acostumadas com temperaturas mais altas. Com mais \u00e1reas do Brasil ficando mais quentes nas pr\u00f3ximas d\u00e9cadas, como a regi\u00e3o Sul, mais terras poder\u00e3o receber essas produ\u00e7\u00f5es.<\/p>\n<p>\u201cEsse \u00e9 o caso da mandioca, por exemplo. No Nordeste, onde ela \u00e9 base da agricultura e da alimenta\u00e7\u00e3o, essa \u00e9 uma cultura que j\u00e1 est\u00e1 no limite t\u00e9rmico e h\u00eddrico e poderia perder \u00e1reas se ficar mais quente. Mas poderia ganhar terras potenciais no resto do pa\u00eds, como nas regi\u00f5es mais ao sul que ficar\u00e3o mais quentes\u201d, afirma Pellegrino.<\/p>\n<p>A mandioca, pela pesquisa, pode ter um incremento de \u00e1reas potenciais de cultivo de 10% a 16% at\u00e9 2050, e de 19% a 24% at\u00e9 2070, de acordo com os cen\u00e1rios tra\u00e7ados pela Embrapa.<\/p>\n<p>A pesquisa tamb\u00e9m projeta que deve reduzir o n\u00famero de munic\u00edpios com potencial para receber essas planta\u00e7\u00f5es \u00e0 medida que as cidades ficarem mais quentes nas pr\u00f3ximas d\u00e9cadas.<\/p>\n<p>No caso da soja, os mais de 2.462 munic\u00edpios produtores em 2020 podem cair para 1.833 no pior cen\u00e1rio, at\u00e9 2070. O caf\u00e9, cultivado em 1.132 cidades, pode chegar a 821 munic\u00edpios produtores.<\/p>\n<\/p>\n<p>Para al\u00e9m da perda gradual de produ\u00e7\u00e3o nas pr\u00f3ximas d\u00e9cadas em fun\u00e7\u00e3o da menor disponibilidade de boas \u00e1reas de cultivo, as safras tendem a sofrer cada vez maiores baques com os eventos clim\u00e1ticos extremos, segundo o pesquisador Giampaolo Pellegrino.<\/p>\n<p>\u201cQuando acontecem esses eventos extremos, temos perdas quase totais, como enchentes, granizo e secas prolongadas que reduzem a disponibilidade h\u00eddrica. S\u00e3o casos extremos, mas pontuais. Mas a tend\u00eancia projetada \u00e9 de aumento da frequ\u00eancia desses eventos, ficando menos pontuais\u201d, diz.<\/p>\n<p><strong>AGRO PRECISA SE ADAPTAR<\/strong><\/p>\n<p>De acordo com o pesquisador da Embrapa, h\u00e1 uma necessidade de adapta\u00e7\u00e3o do ciclo das culturas e de ado\u00e7\u00e3o de boas pr\u00e1ticas na agricultura brasileira. Segundo ele, medidas assim podem ajudar a conter o avan\u00e7o das mudan\u00e7as clim\u00e1ticas e os seus impactos.<\/p>\n<p>Giampaolo Pellegrino cita, por exemplo, t\u00e9cnicas de manejo da \u00e1gua para irriga\u00e7\u00e3o, incluindo re\u00faso. \u201cTamb\u00e9m h\u00e1 t\u00e9cnicas de manejo e conserva\u00e7\u00e3o do solo, uso de material gen\u00e9tico mais resistente a altas temperaturas, rota\u00e7\u00e3o de culturas, t\u00e9cnicas de cultivo em locais sombreados. E, em n\u00edvel nacional, distribuir melhor a produ\u00e7\u00e3o de alimentos em mais \u00e1reas\u201d.<\/p>\n<p>H\u00e1 necessidade tamb\u00e9m de preparar as lavouras para minimizar os impactos dos eventos clim\u00e1ticos extremos. Pellegrino lembra do Rio Grande do Sul, devastado pelas enchentes em maio deste ano. No Estado, ele avalia ser preciso repensar a l\u00f3gica de ocupa\u00e7\u00e3o do espa\u00e7o rural para evitar as \u00e1reas de maior risco hidrol\u00f3gico.<\/p>\n<p>\u201cSe for adotada boa parte do que j\u00e1 existe de ci\u00eancia e de melhores pr\u00e1ticas agr\u00edcolas h\u00e1 muito tempo, mas que \u00e9 pouco adotado, s\u00f3 isso j\u00e1 nos permitiria estar muito mais adaptados ao clima do futuro. E isso passa pelos produtores contribu\u00edrem com a redu\u00e7\u00e3o das emiss\u00f5es, como o fim do desmatamento e das queimadas\u201d, afirma.<\/p>\n<p>Fonte: Poder360<\/p>\n<\/div>\n<p><br \/>\n<br \/><a href=\"https:\/\/tvfloridausa.com\/2024\/09\/14\/embrapa-preve-reducao-de-30-na-producao-agricola-devido-a-alteracoes-no-clima\/\">Source link <\/a><\/p>","protected":false},"excerpt":{"rendered":"<p>Um dos principais motores da economia brasileira, o agroneg\u00f3cio tem sido o setor mais impactado pelas mudan\u00e7as clim\u00e1ticas. Em 2024, a seca recorde, as altas temperaturas e as queimadas t\u00eam&hellip;<\/p>","protected":false},"author":1,"featured_media":37233,"comment_status":"closed","ping_status":"open","sticky":false,"template":"","format":"standard","meta":{"content-type":"","footnotes":""},"categories":[22],"tags":[],"class_list":["post-37232","post","type-post","status-publish","format-standard","has-post-thumbnail","hentry","category-tv-florida-usa"],"_links":{"self":[{"href":"https:\/\/tvbrazilusa.com\/pt\/wp-json\/wp\/v2\/posts\/37232","targetHints":{"allow":["GET"]}}],"collection":[{"href":"https:\/\/tvbrazilusa.com\/pt\/wp-json\/wp\/v2\/posts"}],"about":[{"href":"https:\/\/tvbrazilusa.com\/pt\/wp-json\/wp\/v2\/types\/post"}],"author":[{"embeddable":true,"href":"https:\/\/tvbrazilusa.com\/pt\/wp-json\/wp\/v2\/users\/1"}],"replies":[{"embeddable":true,"href":"https:\/\/tvbrazilusa.com\/pt\/wp-json\/wp\/v2\/comments?post=37232"}],"version-history":[{"count":1,"href":"https:\/\/tvbrazilusa.com\/pt\/wp-json\/wp\/v2\/posts\/37232\/revisions"}],"predecessor-version":[{"id":37234,"href":"https:\/\/tvbrazilusa.com\/pt\/wp-json\/wp\/v2\/posts\/37232\/revisions\/37234"}],"wp:featuredmedia":[{"embeddable":true,"href":"https:\/\/tvbrazilusa.com\/pt\/wp-json\/wp\/v2\/media\/37233"}],"wp:attachment":[{"href":"https:\/\/tvbrazilusa.com\/pt\/wp-json\/wp\/v2\/media?parent=37232"}],"wp:term":[{"taxonomy":"category","embeddable":true,"href":"https:\/\/tvbrazilusa.com\/pt\/wp-json\/wp\/v2\/categories?post=37232"},{"taxonomy":"post_tag","embeddable":true,"href":"https:\/\/tvbrazilusa.com\/pt\/wp-json\/wp\/v2\/tags?post=37232"}],"curies":[{"name":"wp","href":"https:\/\/api.w.org\/{rel}","templated":true}]}}