{"id":3725,"date":"2024-07-18T21:46:28","date_gmt":"2024-07-18T21:46:28","guid":{"rendered":"https:\/\/tvbrazilusa.com\/2024\/07\/18\/barack-obama-sugere-que-joe-biden-deve-reconsiderar-candidatura-a-reeleicao-diz-jornal-paulo-figueiredo\/"},"modified":"2024-07-19T07:09:14","modified_gmt":"2024-07-19T07:09:14","slug":"barack-obama-sugere-que-joe-biden-deve-reconsiderar-candidatura-a-reeleicao-diz-jornal-paulo-figueiredo","status":"publish","type":"post","link":"https:\/\/tvbrazilusa.com\/pt\/2024\/07\/18\/barack-obama-sugere-que-joe-biden-deve-reconsiderar-candidatura-a-reeleicao-diz-jornal-paulo-figueiredo\/","title":{"rendered":"Barack Obama sugere que Joe Biden deve reconsiderar candidatura \u00e0 reelei\u00e7\u00e3o, diz jornal &#8211; Paulo Figueiredo"},"content":{"rendered":"<p> <script async src=\"https:\/\/pagead2.googlesyndication.com\/pagead\/js\/adsbygoogle.js?client=ca-pub-8864793242727901\"\r\n     crossorigin=\"anonymous\"><\/script><br \/>\n<\/p>\n<div id=\"wtr-content\" data-bg=\"#FFFFFF\" data-fg=\"#006d91\" data-width=\"25\" data-mute=\"1\" data-fgopacity=\"1.00\" data-mutedopacity=\"0.5\" data-placement=\"bottom\" data-placement-offset=\"0\" data-content-offset=\"262\" data-placement-touch=\"bottom\" data-placement-offset-touch=\"0\" data-transparent=\"\" data-shadow=\"0\" data-touch=\"1\" data-non-touch=\"1\" data-comments=\"0\" data-commentsbg=\"transparent\" data-location=\"page\" data-mutedfg=\"#006d91\" data-endfg=\"#006d91\" data-rtl=\"\">\n<pre class=\"wp-block-preformatted has-small-font-size\"><em>Foto - Pete Souza<\/em><\/pre>\n<h3 class=\"wp-block-heading\">O The Washington Post ouviu fontes envolvidas em conversas do ex-presidente dos Estados Unidos sobre as elei\u00e7\u00f5es presidenciais.<\/h3>\n<p>O ex-presidente dos Estados Unidos Barack Obama sugeriu que o presidente Joe Biden deve reconsiderar a viabilidade de sua candidatura. Nesta quinta-feira, 18, o jornal\u00a0<em><strong>The Washington Post<\/strong>\u00a0<\/em>informou que Obama teria dito a aliados que as chances de reelei\u00e7\u00e3o de Biden diminu\u00edram significativamente.<\/p>\n<p>De acordo com o jornal, Barack Obama conversou com Joe Biden apenas uma vez depois do debate e disse que a decis\u00e3o sobre a candidatura \u00e9 exclusiva do presidente. Ele destacou que est\u00e1 preocupado em proteger Biden e seu legado e rebateu a ideia de que pode influenciar diretamente a decis\u00e3o do chefe do Executivo.<\/p>\n<p>Nos bastidores, Obama tem participado ativamente de discuss\u00f5es sobre a campanha de Biden. Ele recebe liga\u00e7\u00f5es de democratas preocupados, o que inclui a ex-presidente da C\u00e2mara Nancy Pelosi.<\/p>\n<p>Ao\u00a0<em>The Washington Post<\/em>, fontes envolvidas nas conversas confirmam que Obama compartilhou suas preocupa\u00e7\u00f5es sobre os desafios enfrentados por Biden.<\/p>\n<p>Um porta-voz de Obama se recusou a comentar o assunto. O ex-presidente v\u00ea seu papel como conselheiro de Biden. Ele afirmou a aliados que quer proteger as conquistas do presidente, que poderiam estar em risco se os republicanos controlarem a Casa Branca e o Congresso no pr\u00f3ximo ano.<\/p>\n<p>Em conversas, Obama teria expressado preocupa\u00e7\u00e3o com a queda de Biden nas pesquisas, com o crescimento do apoio a Donald Trump e com o abandono de doadores. Publicamente, o presidente e seus assessores de campanha permanecem firmes e afirmaram que ele n\u00e3o sair\u00e1 da corrida presidencial.<\/p>\n<h4 class=\"wp-block-heading\">Leia tamb\u00e9m:<\/h4>\n<p>Segundo o jornal, doadores, ativistas e oficiais eleitos democratas buscam cada vez mais a orienta\u00e7\u00e3o de l\u00edderes veteranos. Eles querem superar a crise gerada pelo fraco desempenho de Biden no debate presidencial.<\/p>\n<p>Os principais democratas no Congresso, o l\u00edder da minoria na C\u00e2mara, Hakeem Jeffries, e o l\u00edder da maioria no Senado, Charles E. Schumer, conversaram diretamente com Biden na \u00faltima semana.<\/p>\n<h3 class=\"wp-block-heading\">Campanha pode afetar desempenho do democrata no Legislativo<\/h3>\n<p>De acordo com o\u00a0<em>The Washington Post<\/em>, os parlamentares demonstraram preocupa\u00e7\u00e3o com o impacto da candidatura de Biden no Legislativo. Para eles, o fraco desempenho do presidente nas elei\u00e7\u00f5es pode prejudicar as chances de controle do Partido Democrata nas Casas Legislativas, no pr\u00f3ximo ano.<\/p>\n<p>A ex-presidente da C\u00e2mara Pelosi tem desempenhado um papel ainda mais ativo nos bastidores. Ela resiste aos esfor\u00e7os de Joe Biden para encerrar a discuss\u00e3o sobre sua candidatura, conforme fontes an\u00f4nimas disseram ao jornal norte-americano. Obama, uma figura reverenciada no partido, tem mantido um perfil discreto, mas sua amizade de longa data com Biden o torna um conselheiro importante.<\/p>\n<p>Ex-assessores de Obama, como David Axelrod, e membros do Crooked Media, t\u00eam sido os democratas mais vocais ao argumentar que Biden pode n\u00e3o ter mais um caminho para a vit\u00f3ria. Desde o debate, pesquisas nacionais mostram Biden em queda nos Estados decisivos do norte.<\/p>\n<p>Estrategistas temem que Trump ganhe mais apoio depois sua conven\u00e7\u00e3o de nomea\u00e7\u00e3o, como em 2016 e 2020. Eles tamb\u00e9m veem um poss\u00edvel aumento em sua popularidade depois da tentativa de assassinato, que ocorreu no \u00faltimo s\u00e1bado, 13.<\/p>\n<p><a href=\"https:\/\/revistaoeste.com\/mundo\/barack-obama-sugere-que-joe-biden-deve-reconsiderar-candidatura-a-reeleicao-diz-jornal\/\">Source link<\/a><\/p>\n<\/div>\n<p><br \/>\n<br \/><a href=\"https:\/\/paulofigueiredoshow.com\/barack-obama-sugere-que-joe-biden-deve-reconsiderar-candidatura-a-reeleicao-diz-jornal\/\">Source link <\/a><\/p>","protected":false},"excerpt":{"rendered":"<p>Foto &#8211; Pete Souza O The Washington Post ouviu fontes envolvidas em conversas do ex-presidente dos Estados Unidos sobre as elei\u00e7\u00f5es presidenciais. O ex-presidente dos Estados Unidos Barack Obama sugeriu&hellip;<\/p>","protected":false},"author":1,"featured_media":3726,"comment_status":"closed","ping_status":"open","sticky":false,"template":"","format":"standard","meta":{"content-type":"","footnotes":""},"categories":[16],"tags":[],"class_list":["post-3725","post","type-post","status-publish","format-standard","has-post-thumbnail","hentry","category-noticias"],"_links":{"self":[{"href":"https:\/\/tvbrazilusa.com\/pt\/wp-json\/wp\/v2\/posts\/3725","targetHints":{"allow":["GET"]}}],"collection":[{"href":"https:\/\/tvbrazilusa.com\/pt\/wp-json\/wp\/v2\/posts"}],"about":[{"href":"https:\/\/tvbrazilusa.com\/pt\/wp-json\/wp\/v2\/types\/post"}],"author":[{"embeddable":true,"href":"https:\/\/tvbrazilusa.com\/pt\/wp-json\/wp\/v2\/users\/1"}],"replies":[{"embeddable":true,"href":"https:\/\/tvbrazilusa.com\/pt\/wp-json\/wp\/v2\/comments?post=3725"}],"version-history":[{"count":1,"href":"https:\/\/tvbrazilusa.com\/pt\/wp-json\/wp\/v2\/posts\/3725\/revisions"}],"predecessor-version":[{"id":3727,"href":"https:\/\/tvbrazilusa.com\/pt\/wp-json\/wp\/v2\/posts\/3725\/revisions\/3727"}],"wp:featuredmedia":[{"embeddable":true,"href":"https:\/\/tvbrazilusa.com\/pt\/wp-json\/wp\/v2\/media\/3726"}],"wp:attachment":[{"href":"https:\/\/tvbrazilusa.com\/pt\/wp-json\/wp\/v2\/media?parent=3725"}],"wp:term":[{"taxonomy":"category","embeddable":true,"href":"https:\/\/tvbrazilusa.com\/pt\/wp-json\/wp\/v2\/categories?post=3725"},{"taxonomy":"post_tag","embeddable":true,"href":"https:\/\/tvbrazilusa.com\/pt\/wp-json\/wp\/v2\/tags?post=3725"}],"curies":[{"name":"wp","href":"https:\/\/api.w.org\/{rel}","templated":true}]}}