{"id":37255,"date":"2024-09-14T20:42:00","date_gmt":"2024-09-14T20:42:00","guid":{"rendered":"https:\/\/tvbrazilusa.com\/2024\/09\/14\/steve-kerr-da-credito-a-jayson-tatum-pela-forma-como-lidou-com-a-situacao-dos-minutos-durante-as-olimpiadas\/"},"modified":"2024-09-14T20:43:24","modified_gmt":"2024-09-14T20:43:24","slug":"steve-kerr-da-credito-a-jayson-tatum-pela-forma-como-lidou-com-a-situacao-dos-minutos-durante-as-olimpiadas","status":"publish","type":"post","link":"https:\/\/tvbrazilusa.com\/pt\/2024\/09\/14\/steve-kerr-da-credito-a-jayson-tatum-pela-forma-como-lidou-com-a-situacao-dos-minutos-durante-as-olimpiadas\/","title":{"rendered":"Steve Kerr d\u00e1 cr\u00e9dito a Jayson Tatum pela forma como lidou com a situa\u00e7\u00e3o dos minutos durante as Olimp\u00edadas"},"content":{"rendered":"<p> <script async src=\"https:\/\/pagead2.googlesyndication.com\/pagead\/js\/adsbygoogle.js?client=ca-pub-8864793242727901\"\r\n     crossorigin=\"anonymous\"><\/script><br \/>\n<\/p>\n<div id=\"\">\n<header class=\"m-article-header m-article-header--standard\">\n\t\t\t\t\t\t\t\t\t\t\t\t<span id=\"article-header-primary-term\"><br \/>\n\t\t\t\t\t\t\t\t<a class=\"a-term a-term--primary\" href=\"https:\/\/www.boston.com\/tag\/boston-celtics\/\"><\/p>\n<p>\t\t\t\t\t\t\t\tCeltas\t\t\t\t\t\t\t\t<\/a><br \/>\n\t\t\t\t\t\t\t<\/span><\/p>\n<h2 class=\"m-article-header__sub-headline\">&#8220;[Tatum] n\u00e3o poderia ter lidado melhor com isso.&#8221;<\/h2>\n<figure class=\"a-photo m-article-header__photo\"><figcaption class=\"a-photo__caption\">\n<p>\tSteve Kerr treinou Jayson Tatum na equipe dos EUA durante as Olimp\u00edadas de Ver\u00e3o de 2024. <em> (foto de Matthew J. Lee\/Equipe Globe)<\/em>\t<\/figcaption><\/figure>\n<\/header>\n<p>Jayson Tatum foi colocado em uma posi\u00e7\u00e3o incomum na busca dos Estados Unidos por uma medalha de ouro nas Olimp\u00edadas de 2024, ficando no banco por dois jogos. Mas seu treinador era f\u00e3 de sua compostura durante a situa\u00e7\u00e3o.<\/p>\n<p>Em <a href=\"https:\/\/www.nba.com\/news\/the-qa-steve-kerr-talks-team-usa-warriors-next-chapter-and-more\" target=\"_blank\" rel=\"noreferrer noopener\">uma entrevista com Steve Aschburner do NBA.com<\/a>O t\u00e9cnico dos Estados Unidos, Steve Kerr, elogiou Tatum pela forma como ele administrou os reservas e seu papel irregular durante as Olimp\u00edadas. <\/p>\n<p>\u201cAqueles caras eram todos \u00f3timos\u201d, Kerr disse a Aschburner. \u201cJayson lidou com as coisas t\u00e3o bem. Ent\u00e3o, obviamente, virou assunto da m\u00eddia, mas ele n\u00e3o poderia ter lidado melhor. Tyrese [Haliburton]mesma coisa. Cada jogo era diferente. E falamos sobre isso desde a primeira noite \u2013 12 superstars e provavelmente apenas nove conseguem jogar minutos consistentes.<\/p>\n<p>\u201cEles se comportaram de forma muito profissional e torceram uns pelos outros. Eu n\u00e3o poderia estar mais orgulhoso de todos eles.\u201d<\/p>\n<p>O desempenho de Tatum nas Olimp\u00edadas foi um pouco como uma montanha-russa, com as duas sa\u00eddas de campo da estrela do Celtics se tornando uma das principais hist\u00f3rias em torno do Time EUA. Ele n\u00e3o jogou na vit\u00f3ria de 26 pontos para abrir as Olimp\u00edadas contra a S\u00e9rvia, mas come\u00e7ou os dois jogos seguintes. Tatum fez um duplo-duplo contra Porto Rico para fechar o jogo do grupo, liderando o time em minutos naquele jogo.<\/p>\n<p>Como parecia que Tatum havia assumido um papel regular na rota\u00e7\u00e3o, sua situa\u00e7\u00e3o de jogo foi novamente alterada no in\u00edcio da fase eliminat\u00f3ria. Ele foi o 11\u00ba jogador a entrar no jogo na vit\u00f3ria dos EUA sobre o Brasil nas quartas de final. Ele n\u00e3o jogou quando os EUA enfrentaram a S\u00e9rvia novamente nas semifinais, ficando preso no banco na vit\u00f3ria de quatro pontos. <\/p>\n<figure class=\"wp-block-embed is-type-video is-provider-sendtonews wp-block-embed-sendtonews\"\/>\n<p>O barulho em torno da sa\u00edda de Tatum do banco ficou ainda mais alto ap\u00f3s as semifinais contra a S\u00e9rvia, <a href=\"https:\/\/www.boston.com\/sports\/boston-celtics\/2024\/08\/09\/jayson-tatum-team-usa-mom-twitter-steve-kerr-2024-summer-olympics-paris\/\" target=\"_blank\" rel=\"noreferrer noopener\">com cada um dos pais questionando a decis\u00e3o nas redes sociais<\/a>. Tatum acabou jogando na final contra a Fran\u00e7a, registrando dois pontos e tr\u00eas rebotes em 11 minutos saindo do banco. <\/p>\n<p>Tatum terminou o torneio com m\u00e9dia de 5,3 pontos, 1,3 rebotes e uma assist\u00eancia em 17,7 minutos por jogo. Esses n\u00fameros foram todos abaixo das contribui\u00e7\u00f5es de Tatum nas Olimp\u00edadas de Ver\u00e3o de 2020, quando ele foi o segundo maior pontuador do Team USA no torneio a caminho de ganhar uma medalha de ouro.<\/p>\n<p>Como o papel de Tatum diminuiu em 2024, ele n\u00e3o se comprometeu a jogar nas Olimp\u00edadas de Ver\u00e3o de 2028, mas disse que n\u00e3o deixaria que nenhuma emo\u00e7\u00e3o dos Jogos de Paris afetasse sua decis\u00e3o. <\/p>\n<p>\u201cFoi uma experi\u00eancia pessoal dif\u00edcil na quadra, mas n\u00e3o vou tomar nenhuma decis\u00e3o com base nas emo\u00e7\u00f5es\u201d, Tatum <a href=\"https:\/\/www.espn.com\/nba\/story\/_\/id\/40813393\/jayson-tatum-says-limited-role-paris-affect-28-decision\" target=\"_blank\" rel=\"noreferrer noopener\">disse aos rep\u00f3rteres ap\u00f3s a vit\u00f3ria da medalha de ouro<\/a>. \u201cSe voc\u00ea me perguntasse agora se eu iria jogar em 2028 \u2013 daqui a quatro anos e eu [would have] para tirar um tempo e pensar sobre isso. Ent\u00e3o, n\u00e3o vou tomar nenhuma decis\u00e3o com base em como foi essa experi\u00eancia ou como me senti individualmente.\u201d<\/p>\n<p>A experi\u00eancia ol\u00edmpica de Tatum levou muitos a pensarem nos dias em que os Celtics enfrentar\u00e3o os Warriors na temporada 2024-25. Boston receber\u00e1 o Golden State em 6 de novembro, e Kerr espera uma recep\u00e7\u00e3o nada amig\u00e1vel no TD Garden naquela noite. <\/p>\n<p>\u201cAcho que eles v\u00e3o ficar em cima de mim\u201d, Kerr disse a Aschburner com uma risada. \u201cEst\u00e1 tudo bem.\u201d<\/p>\n<div class=\"m-block m-generic-cta\t m-generic-cta--post-content\t m-generic-cta--dark\t m-generic-cta--homepage\t m-generic-cta--email-signup\t\t m-generic-cta-block-style--default \tt-amp__generic-cta\"><\/p>\n<div class=\"m-generic-cta__wrap\">\n<div class=\"m-generic-cta__content\">\n<h3 class=\"m-generic-cta__title\">Inscreva-se para receber atualiza\u00e7\u00f5es do Celtics\ud83c\udfc0<\/h3>\n<p class=\"m-generic-cta__subtitle\">Receba not\u00edcias de \u00faltima hora e an\u00e1lises na sua caixa de entrada durante a temporada de basquete.<\/p>\n<\/p><\/div>\n<\/p><\/div>\n<\/div><\/div>\n<p><script>\n\t\tvar consent=\"grant\";\n\t\t\/* The above code is parsing the JSON data from the local storage and storing it in a variable. *\/\n\t\t\t\t\tconst onetrustStorageConsent = JSON.parse(localStorage.getItem( 'consent_one_trust_bdc' ) );\n\t\t\tif ( ( onetrustStorageConsent !== null ) ) {\n\t\t\t\t\/* Checking to see if the user has consented to the use of cookies.\n\t\t\t\t* If they have not, it is deleting the cookie.\n\t\t\t\t* This will comment for now, until further notice.\n\t\t\t\t*\/\n\t\t\t\t\/\/if ( onetrustStorageConsent.C0002 === false ) {\n\t\t\t\t\/\/\tdocument.cookie=\"_fbp=;expires=Thu, 01 Jan 2010 00:00:00 UTC; path=\/; domain=.boston.com\";\n\t\t\t\t\/\/}\n\t\t\t\t\/* Checking if the user has given consent for the cookie C0002.\n\t\t\t\t* If the user has given consent, the variable consent will be set to 'grant'.\n\t\t\t\t* If the user has not given consent,the variable consent will be set to 'revoke'.\n\t\t\t\t* Documentation https:\/\/developers.facebook.com\/docs\/meta-pixel\/implementation\/gdpr\n\t\t\t\t*\/\n\t\t\t\tif ( onetrustStorageConsent.C0002 !== true ) {\n\t\t\t\t\tconsent=\"revoke\";\n\t\t\t\t}\n\t\t\t}\n\t\t\t\t!function(f,b,e,v,n,t,s)\n\t\t{if(f.fbq)return;n=f.fbq=function(){n.callMethod?\n\t\tn.callMethod.apply(n,arguments):n.queue.push(arguments)};\n\t\tif(!f._fbq)f._fbq=n;n.push=n;n.loaded=!0;n.version='2.0';\n\t\tn.queue=[];t=b.createElement(e);t.async=!0;\n\t\tt.src=v;s=b.getElementsByTagName(e)[0];\n\t\ts.parentNode.insertBefore(t,s)}(window, document,'script',\n\t\t'https:\/\/connect.facebook.net\/en_US\/fbevents.js');\n\t\tfbq('consent', consent);\n\t\tfbq('init', '989222871864976');\n\t\tfbq('track', 'PageView');\n\t<\/script><script type=\"module\">\n\t\tvar consent=\"grant\";\n\t\t\/* The above code is parsing the JSON data from the local storage and storing it in a variable. *\/\n\t\t\tconst onetrustStorageConsent = JSON.parse(localStorage.getItem( 'consent_one_trust_bdc' ) );\n\t\t\t\/* Checking to see if the user has consented to the use of cookies.\n\t\t\t* If they have not, it is deleting the cookie.\n\t\t\t* This will comment for now, until further notice.\n\t\t\t*\/\n\t\t\t\/\/if ( onetrustStorageConsent.C0002 === false ) {\n\t\t\t\/\/\tdocument.cookie=\"_fbp=;expires=Thu, 01 Jan 2010 00:00:00 UTC; path=\/; domain=.boston.com\";\n\t\t\t\/\/}\n\t\t\t\/* Checking if the user has given consent for the cookie C0002.\n\t\t\t* If the user has given consent, the variable consent will be set to 'grant'.\n\t\t\t* If the user has not given consent,the variable consent will be set to 'revoke'.\n\t\t\t* Documentation https:\/\/developers.facebook.com\/docs\/meta-pixel\/implementation\/gdpr\n\t\t\t*\/\n\t\t\tif ( ( onetrustStorageConsent !== null ) && (onetrustStorageConsent.C0002 !== true ) ) {\n\t\t\t\tconsent=\"revoke\";\n\t\t\t}\n\t\t\t\t!function(f,b,e,v,n,t,s){if(f.fbq)return;n=f.fbq=function()\n\t\t{n.callMethod? n.callMethod.apply(n,arguments):n.queue.push(arguments)}\n\t\t;if(!f._fbq)f._fbq=n;\n\t\tn.push=n;n.loaded=!0;n.version='2.0';n.queue=[];t=b.createElement(e);t.async=!0;\n\t\tt.src=v;s=b.getElementsByTagName(e)[0];s.parentNode.insertBefore(t,s)}(window,\n\t\tdocument,'script','https:\/\/connect.facebook.net\/en_US\/fbevents.js');\n\t\tfbq('consent', consent);\n\t\tfbq('init', '813236348753005');\n\t\tfbq('track', \"PageView\");\n\t<\/script><br \/>\n<br \/><br \/>\n<br \/><a href=\"https:\/\/www.boston.com\/sports\/boston-celtics\/2024\/09\/14\/steve-kerr-jayson-tatum-team-usa-benching-celtics\/\">Source link <\/a><\/p>","protected":false},"excerpt":{"rendered":"<p>Celtas &#8220;[Tatum] n\u00e3o poderia ter lidado melhor com isso.&#8221; Steve Kerr treinou Jayson Tatum na equipe dos EUA durante as Olimp\u00edadas de Ver\u00e3o de 2024. (foto de Matthew J. Lee\/Equipe&hellip;<\/p>","protected":false},"author":1,"featured_media":37256,"comment_status":"closed","ping_status":"open","sticky":false,"template":"","format":"standard","meta":{"content-type":"","footnotes":""},"categories":[1],"tags":[],"class_list":["post-37255","post","type-post","status-publish","format-standard","has-post-thumbnail","hentry","category-uncategorized"],"_links":{"self":[{"href":"https:\/\/tvbrazilusa.com\/pt\/wp-json\/wp\/v2\/posts\/37255","targetHints":{"allow":["GET"]}}],"collection":[{"href":"https:\/\/tvbrazilusa.com\/pt\/wp-json\/wp\/v2\/posts"}],"about":[{"href":"https:\/\/tvbrazilusa.com\/pt\/wp-json\/wp\/v2\/types\/post"}],"author":[{"embeddable":true,"href":"https:\/\/tvbrazilusa.com\/pt\/wp-json\/wp\/v2\/users\/1"}],"replies":[{"embeddable":true,"href":"https:\/\/tvbrazilusa.com\/pt\/wp-json\/wp\/v2\/comments?post=37255"}],"version-history":[{"count":1,"href":"https:\/\/tvbrazilusa.com\/pt\/wp-json\/wp\/v2\/posts\/37255\/revisions"}],"predecessor-version":[{"id":37257,"href":"https:\/\/tvbrazilusa.com\/pt\/wp-json\/wp\/v2\/posts\/37255\/revisions\/37257"}],"wp:featuredmedia":[{"embeddable":true,"href":"https:\/\/tvbrazilusa.com\/pt\/wp-json\/wp\/v2\/media\/37256"}],"wp:attachment":[{"href":"https:\/\/tvbrazilusa.com\/pt\/wp-json\/wp\/v2\/media?parent=37255"}],"wp:term":[{"taxonomy":"category","embeddable":true,"href":"https:\/\/tvbrazilusa.com\/pt\/wp-json\/wp\/v2\/categories?post=37255"},{"taxonomy":"post_tag","embeddable":true,"href":"https:\/\/tvbrazilusa.com\/pt\/wp-json\/wp\/v2\/tags?post=37255"}],"curies":[{"name":"wp","href":"https:\/\/api.w.org\/{rel}","templated":true}]}}