{"id":37288,"date":"2024-09-14T22:08:33","date_gmt":"2024-09-14T22:08:33","guid":{"rendered":"https:\/\/tvbrazilusa.com\/2024\/09\/14\/pf-prende-candidato-a-vereador-procurado-por-participacao-no-8-de-janeiro\/"},"modified":"2024-09-14T22:08:34","modified_gmt":"2024-09-14T22:08:34","slug":"pf-prende-candidato-a-vereador-procurado-por-participacao-no-8-de-janeiro","status":"publish","type":"post","link":"https:\/\/tvbrazilusa.com\/pt\/2024\/09\/14\/pf-prende-candidato-a-vereador-procurado-por-participacao-no-8-de-janeiro\/","title":{"rendered":"PF prende candidato a vereador procurado por participa\u00e7\u00e3o no 8 de janeiro"},"content":{"rendered":"<p> <script async src=\"https:\/\/pagead2.googlesyndication.com\/pagead\/js\/adsbygoogle.js?client=ca-pub-8864793242727901\"\r\n     crossorigin=\"anonymous\"><\/script><br \/>\n<\/p>\n<p>A Pol\u00edcia Federal prendeu neste s\u00e1bado (14), um candidato <a href=\"https:\/\/www.cnnbrasil.com.br\/blogs\/pedro-venceslau\/eleicoes\/fundo-eleitoral-privilegia-homens-na-disputa-para-vereador-em-sp\/\">a vereador<\/a> no Paran\u00e1 que estava com ordem de pris\u00e3o em aberto por participa\u00e7\u00e3o <a href=\"https:\/\/www.cnnbrasil.com.br\/politica\/entenda-projeto-de-anistia-condenados-8-de-janeiro\/\">no 8 de janeiro<\/a>. A acusa\u00e7\u00e3o \u00e9 de organiza\u00e7\u00e3o criminosa.<\/p>\n<p>Marcos Pereira, conhecido como Marcos Geleia Patriota, tem 48 anos e foi preso em Cascavel (PR). Ele \u00e9 candidato na cidade de C\u00e9u Azul (PR), pelo Partido Novo.<\/p>\n<p>O mandado de pris\u00e3o preventiva foi expedido pelo <a href=\"https:\/\/www.cnnbrasil.com.br\/blogs\/luisa-martins\/politica\/stf-palavra-final-anistia-presos-8-de-janeiro\/\">ministro Alexandre de Moraes<\/a>, em novembro de 2023. O documento informa que qualquer oficial de justi\u00e7a ou autoridade policial est\u00e1 autorizado a prender e recolher Marcelo em qualquer unidade prisional.<\/p>\n<p>H\u00e1 outros candidatos nestas elei\u00e7\u00f5es com mandado de pris\u00e3o e que ainda est\u00e3o soltos. \u00c0 <strong>CNN<\/strong>, integrantes da PF disseram, neste s\u00e1bado, que est\u00e3o trabalhando para localizar os outros pol\u00edticos procurados.<\/p>\n<div>\n<p>O partido Novo, de Marcos Geleia, respondeu para a <strong>CNN<\/strong> que n\u00e3o vai comentar pris\u00f5es sobre o que considera, \u201cinqu\u00e9ritos inconstitucionais, ilegais e sigilosos enquanto n\u00e3o tiver acesso aos autos\u201d. A <strong>CNN<\/strong> tenta contato com a defesa do candidato e aguarda retorno.<\/p>\n<p>A legisla\u00e7\u00e3o eleitoral n\u00e3o impede que pessoas com mandados de pris\u00e3o preventiva disputem elei\u00e7\u00f5es. A proibi\u00e7\u00e3o \u00e9 aplic\u00e1vel apenas a condenados com senten\u00e7a definitiva ou decis\u00e3o colegiada de ju\u00edzes.<br \/>CNN<\/p>\n<\/div>\n<p><br \/>\n<br \/><a href=\"https:\/\/diariodobrasilnoticias.com.br\/noticia\/pf-prende-candidato-a-vereador-procurado-por-participacao-no-8-de-janeiro-66e6028d8781b\">Source link <\/a><\/p>","protected":false},"excerpt":{"rendered":"<p>A Pol\u00edcia Federal prendeu neste s\u00e1bado (14), um candidato a vereador no Paran\u00e1 que estava com ordem de pris\u00e3o em aberto por participa\u00e7\u00e3o no 8 de janeiro. A acusa\u00e7\u00e3o \u00e9&hellip;<\/p>","protected":false},"author":1,"featured_media":37289,"comment_status":"closed","ping_status":"open","sticky":false,"template":"","format":"standard","meta":{"content-type":"","footnotes":""},"categories":[16],"tags":[123,2448,5313,1267],"class_list":["post-37288","post","type-post","status-publish","format-standard","has-post-thumbnail","hentry","category-noticias","tag-brasil","tag-diario","tag-noticia","tag-noticias"],"_links":{"self":[{"href":"https:\/\/tvbrazilusa.com\/pt\/wp-json\/wp\/v2\/posts\/37288","targetHints":{"allow":["GET"]}}],"collection":[{"href":"https:\/\/tvbrazilusa.com\/pt\/wp-json\/wp\/v2\/posts"}],"about":[{"href":"https:\/\/tvbrazilusa.com\/pt\/wp-json\/wp\/v2\/types\/post"}],"author":[{"embeddable":true,"href":"https:\/\/tvbrazilusa.com\/pt\/wp-json\/wp\/v2\/users\/1"}],"replies":[{"embeddable":true,"href":"https:\/\/tvbrazilusa.com\/pt\/wp-json\/wp\/v2\/comments?post=37288"}],"version-history":[{"count":1,"href":"https:\/\/tvbrazilusa.com\/pt\/wp-json\/wp\/v2\/posts\/37288\/revisions"}],"predecessor-version":[{"id":37290,"href":"https:\/\/tvbrazilusa.com\/pt\/wp-json\/wp\/v2\/posts\/37288\/revisions\/37290"}],"wp:featuredmedia":[{"embeddable":true,"href":"https:\/\/tvbrazilusa.com\/pt\/wp-json\/wp\/v2\/media\/37289"}],"wp:attachment":[{"href":"https:\/\/tvbrazilusa.com\/pt\/wp-json\/wp\/v2\/media?parent=37288"}],"wp:term":[{"taxonomy":"category","embeddable":true,"href":"https:\/\/tvbrazilusa.com\/pt\/wp-json\/wp\/v2\/categories?post=37288"},{"taxonomy":"post_tag","embeddable":true,"href":"https:\/\/tvbrazilusa.com\/pt\/wp-json\/wp\/v2\/tags?post=37288"}],"curies":[{"name":"wp","href":"https:\/\/api.w.org\/{rel}","templated":true}]}}