{"id":37307,"date":"2024-09-14T22:49:46","date_gmt":"2024-09-14T22:49:46","guid":{"rendered":"https:\/\/tvbrazilusa.com\/2024\/09\/14\/homem-e-preso-apos-confessar-estuprar-prima-de-14-anos-com-hidrocefalia-diz-policia\/"},"modified":"2024-09-14T22:49:46","modified_gmt":"2024-09-14T22:49:46","slug":"homem-e-preso-apos-confessar-estuprar-prima-de-14-anos-com-hidrocefalia-diz-policia","status":"publish","type":"post","link":"https:\/\/tvbrazilusa.com\/pt\/2024\/09\/14\/homem-e-preso-apos-confessar-estuprar-prima-de-14-anos-com-hidrocefalia-diz-policia\/","title":{"rendered":"Homem \u00e9 preso ap\u00f3s confessar estuprar prima de 14 anos com hidrocefalia, diz pol\u00edcia"},"content":{"rendered":"<p> <script async src=\"https:\/\/pagead2.googlesyndication.com\/pagead\/js\/adsbygoogle.js?client=ca-pub-8864793242727901\"\r\n     crossorigin=\"anonymous\"><\/script><br \/>\n<\/p>\n<div id=\"taboola-read-more\" style=\"display:block; width:100%\">\n<p class=\"dark:base-text-neutral-high-400 base-text-[calc(theme(fontSize.xs)_*_var(--font-size,_1))] base-font-normal base-font-primary base-text-neutral-low-500 base-text-left\"><span class=\"b-article-body__text\">Um homem de 22 anos foi preso ap\u00f3s confessar ter <a href=\"https:\/\/noticias.r7.com\/record-news\/video\/pais-sao-presos-por-estuprar-e-maltratar-filha-de-9-anos-no-rj-19042024\/\" target=\"_blank\" rel=\"noopener noreferrer\">estuprado a prima<\/a>, de 14 anos, na regi\u00e3o da <a href=\"https:\/\/www.r7.com\/todos-os-videos\/video\/criminosos-atacam-moradores-da-brasilandia-zona-norte-de-sp-durante-a-madrugada-05082024\/\" target=\"_blank\" rel=\"noopener noreferrer\">Brasil\u00e2ndia<\/a>, zona norte de S\u00e3o Paulo, nesta sexta-feira (13). A menina tem hidrocefalia, incontin\u00eancia urin\u00e1ria, malforma\u00e7\u00e3o na coluna e transtorno opositor desafiador \u2014 tipo de dist\u00farbio caracterizado por um padr\u00e3o de comportamentos negativos.<\/span><\/p>\n<p class=\"dark:base-text-neutral-high-400 base-text-[calc(theme(fontSize.xs)_*_var(--font-size,_1))] base-font-normal base-font-primary base-text-neutral-low-500 base-text-left\"><span class=\"b-article-body__text\">O suspeito era namorado da m\u00e3e da v\u00edtima e primo do pai da garota.<\/span><\/p>\n<p>\u00a0<\/p>\n<p class=\"dark:base-text-neutral-high-400 base-text-[calc(theme(fontSize.xs)_*_var(--font-size,_1))] base-font-normal base-font-primary base-text-neutral-low-500 base-text-left\"><span class=\"b-article-body__text\">Segundo a <a href=\"https:\/\/record.r7.com\/record-interior-sp\/cidade-alerta\/exclusivo-confira-quem-sao-os-criminosos-mortos-em-confronto-com-a-pm-em-altinopolis-13092024\/\" target=\"_blank\" rel=\"noopener noreferrer\">Pol\u00edcia Militar<\/a>, a menina estava em tratamento psicol\u00f3gico e psiqui\u00e1trico e teria revelado \u00e0 m\u00e3e abusos frequentes sofridos nos \u00faltimos tr\u00eas anos.<\/span><\/p>\n<p class=\"dark:base-text-neutral-high-400 base-text-[calc(theme(fontSize.xs)_*_var(--font-size,_1))] base-font-normal base-font-primary base-text-neutral-low-500 base-text-left\"><span class=\"b-article-body__text\">Ainda de acordo com a pol\u00edcia, o suspeito confessou o crime ap\u00f3s ser confrontado pela namorada e precisou ser escoltado por agentes, pois os vizinhos queriam agredi-lo.<\/span><\/p>\n<p class=\"dark:base-text-neutral-high-400 base-text-[calc(theme(fontSize.xs)_*_var(--font-size,_1))] base-font-normal base-font-primary base-text-neutral-low-500 base-text-left\"><span class=\"b-article-body__text\">O relacionamento com a mulher come\u00e7ou ap\u00f3s ela se divorciar do pai da menina. Antes disso, o homem, que trabalhava com o casal, teria assediado a v\u00edtima no banheiro do com\u00e9rcio deles. A m\u00e3e ainda contou que o criminoso sempre cuidou dos filhos dela e ficava em casa sozinho com eles.<\/span><\/p>\n<p class=\"dark:base-text-neutral-high-400 base-text-[calc(theme(fontSize.xs)_*_var(--font-size,_1))] base-font-normal base-font-primary base-text-neutral-low-500 base-text-left\"><span class=\"b-article-body__text\">Ap\u00f3s a den\u00fancia, a v\u00edtima foi encaminhada ao Hospital Geral de Taipas, onde passou por exames e avalia\u00e7\u00f5es para saber se precisar\u00e1 receber o coquetel contra infec\u00e7\u00f5es sexualmente transmiss\u00edveis.<\/span><\/p>\n<p class=\"dark:base-text-neutral-high-400 base-text-[calc(theme(fontSize.xs)_*_var(--font-size,_1))] base-font-normal base-font-primary base-text-neutral-low-500 base-text-left\"><span class=\"b-article-body__text\">R7\u00a0<\/span><\/p>\n<\/p><\/div>\n<p><br \/>\n<br \/><a href=\"https:\/\/diariodobrasilnoticias.com.br\/noticia\/homem-e-preso-apos-confessar-estuprar-prima-de-14-anos-com-hidrocefalia-diz-policia-66e5e8481c6ae\">Source link <\/a><\/p>","protected":false},"excerpt":{"rendered":"<p>Um homem de 22 anos foi preso ap\u00f3s confessar ter estuprado a prima, de 14 anos, na regi\u00e3o da Brasil\u00e2ndia, zona norte de S\u00e3o Paulo, nesta sexta-feira (13). A menina&hellip;<\/p>","protected":false},"author":1,"featured_media":37308,"comment_status":"closed","ping_status":"open","sticky":false,"template":"","format":"standard","meta":{"content-type":"","footnotes":""},"categories":[16],"tags":[123,2448,5313,1267],"class_list":["post-37307","post","type-post","status-publish","format-standard","has-post-thumbnail","hentry","category-noticias","tag-brasil","tag-diario","tag-noticia","tag-noticias"],"_links":{"self":[{"href":"https:\/\/tvbrazilusa.com\/pt\/wp-json\/wp\/v2\/posts\/37307","targetHints":{"allow":["GET"]}}],"collection":[{"href":"https:\/\/tvbrazilusa.com\/pt\/wp-json\/wp\/v2\/posts"}],"about":[{"href":"https:\/\/tvbrazilusa.com\/pt\/wp-json\/wp\/v2\/types\/post"}],"author":[{"embeddable":true,"href":"https:\/\/tvbrazilusa.com\/pt\/wp-json\/wp\/v2\/users\/1"}],"replies":[{"embeddable":true,"href":"https:\/\/tvbrazilusa.com\/pt\/wp-json\/wp\/v2\/comments?post=37307"}],"version-history":[{"count":1,"href":"https:\/\/tvbrazilusa.com\/pt\/wp-json\/wp\/v2\/posts\/37307\/revisions"}],"predecessor-version":[{"id":37309,"href":"https:\/\/tvbrazilusa.com\/pt\/wp-json\/wp\/v2\/posts\/37307\/revisions\/37309"}],"wp:featuredmedia":[{"embeddable":true,"href":"https:\/\/tvbrazilusa.com\/pt\/wp-json\/wp\/v2\/media\/37308"}],"wp:attachment":[{"href":"https:\/\/tvbrazilusa.com\/pt\/wp-json\/wp\/v2\/media?parent=37307"}],"wp:term":[{"taxonomy":"category","embeddable":true,"href":"https:\/\/tvbrazilusa.com\/pt\/wp-json\/wp\/v2\/categories?post=37307"},{"taxonomy":"post_tag","embeddable":true,"href":"https:\/\/tvbrazilusa.com\/pt\/wp-json\/wp\/v2\/tags?post=37307"}],"curies":[{"name":"wp","href":"https:\/\/api.w.org\/{rel}","templated":true}]}}