{"id":37329,"date":"2024-09-14T23:28:27","date_gmt":"2024-09-14T23:28:27","guid":{"rendered":"https:\/\/tvbrazilusa.com\/2024\/09\/14\/lula-chama-de-imbecil-quem-defende-a-privatizacao-da-petrobras-paulo-figueiredo\/"},"modified":"2024-09-14T23:36:11","modified_gmt":"2024-09-14T23:36:11","slug":"lula-chama-de-imbecil-quem-defende-a-privatizacao-da-petrobras-paulo-figueiredo","status":"publish","type":"post","link":"https:\/\/tvbrazilusa.com\/pt\/2024\/09\/14\/lula-chama-de-imbecil-quem-defende-a-privatizacao-da-petrobras-paulo-figueiredo\/","title":{"rendered":"Lula chama de \u201cimbecil\u201d quem defende a privatiza\u00e7\u00e3o da Petrobras &#8211; Paulo Figueiredo"},"content":{"rendered":"<p> <script async src=\"https:\/\/pagead2.googlesyndication.com\/pagead\/js\/adsbygoogle.js?client=ca-pub-8864793242727901\"\r\n     crossorigin=\"anonymous\"><\/script><br \/>\n<\/p>\n<div id=\"wtr-content\" data-bg=\"#FFFFFF\" data-fg=\"#006d91\" data-width=\"25\" data-mute=\"1\" data-fgopacity=\"1.00\" data-mutedopacity=\"0.5\" data-placement=\"bottom\" data-placement-offset=\"0\" data-content-offset=\"262\" data-placement-touch=\"bottom\" data-placement-offset-touch=\"0\" data-transparent=\"\" data-shadow=\"0\" data-touch=\"1\" data-non-touch=\"1\" data-comments=\"0\" data-commentsbg=\"transparent\" data-location=\"page\" data-mutedfg=\"#006d91\" data-endfg=\"#006d91\" data-rtl=\"\">\n<h3 class=\"wp-block-heading\">Presidente critica venda da Vale e da Eletrobras e diz que a vida do brasileiro n\u00e3o melhorou<\/h3>\n<p>O presidente\u00a0Luiz In\u00e1cio Lula da Silva\u00a0(PT) chamou de\u00a0<em>\u201cbando de imbecil\u201d<\/em>\u00a0quem defende a privatiza\u00e7\u00e3o da Petrobras e disse que as vendas da Vale e da Eletrobras n\u00e3o trouxeram melhoria para a vida dos brasileiros. O governante afirmou ainda, nesta 6\u00aa feira (13.set.2024), que a opera\u00e7\u00e3o Lava Jato tinha como objetivo desmoralizar a petroleira estatal para viabilizar sua venda.<\/p>\n<p><em>\u201cQuantas vezes j\u00e1 disseram que tinha que vender a Petrobras porque o petr\u00f3leo vai acabar e vamos ficar com uma empresa que n\u00e3o presta para nada. Isso \u00e9 um bando de imbecil que fala isso. \u00c9 um bando de imbecil. O dia que acabar o petr\u00f3leo, a Petrobras ser\u00e1 a maior empresa produtora de biocombust\u00edvel, de etanol e de hidrog\u00eanio verde desse pa\u00eds. A Petrobras \u00e9 mais do que uma ind\u00fastria de \u00f3leo e petr\u00f3leo, \u00e9 uma ind\u00fastria de energia e ela vai produzir o que for necess\u00e1rio\u201d,<\/em>\u00a0disse Lula na cerim\u00f4nia de inaugura\u00e7\u00e3o do Complexo de Energias Boaventura, em Itabora\u00ed (RJ), na regi\u00e3o metropolitana do Rio.<\/p>\n<p><strong>Assista ao trecho do discurso de Lula (1min30s):\u00a0<\/strong><\/p>\n<p>Em seu discurso, o presidente afirmou que o ato realizado nesta 6\u00aa feira era uma\u00a0<em>\u201crepara\u00e7\u00e3o ao que muita gente honesta e trabalhadora sofreu\u201d<\/em>\u00a0por causa das acusa\u00e7\u00f5es de corrup\u00e7\u00e3o envolvendo a Petrobras investigadas pela Opera\u00e7\u00e3o Lava Jato.<\/p>\n<p><em>\u201cEu sempre disse que se quiser prender o corrupto, prenda o corrupto. Se quiser dizer que uma empresa roubou, n\u00e3o foram os trabalhadores. Foi algum corrupto ou corruptor. Pega ele, pune, mas deixa a empresa produzir, gerar sal\u00e1rio e renda. A tentativa era desmoralizar a Petrobras aos olhos da sociedade brasileira para depois vender\u201d,<\/em>\u00a0disse.<\/p>\n<p>Lula afirmou que ativos da Petrobras foram vendidos, como a BR distribuidora em 2019, porque os governos anteriores sabiam que o Congresso,\u00a0<em>\u201cmesmo sendo conservador\u201d<\/em>, iria\u00a0<em>\u201ccriar confus\u00e3o\u201d<\/em>\u00a0para n\u00e3o deixar vender a Petrobras.<\/p>\n<p>O presidente tamb\u00e9m questionou se as privatiza\u00e7\u00f5es da Vale, que ocorreu em 1997, e da Eletrobras, em 2022, melhoraram a vida do consumidor brasileiro.<\/p>\n<p><em>\u201cA Eletrobras quando era estatal, o presidente ganhava R$ 60 mil por m\u00eas. Hoje ganha R$ 360 mil por m\u00eas, fora o b\u00f4nus. O CEO da Vale ganha R$ 55 milh\u00f5es por ano. Cad\u00ea a bondade dessa empresa privada? O que ela trouxe de verdade de lucro para o pa\u00eds? O que a Vale tem produzido de novo? Nada. A Vale tamb\u00e9m tenta vender ativo ao inv\u00e9s de investir em pesquisa, explorar minerais cr\u00edticos. Ao inv\u00e9s de minerar o que o mundo precisa, estamos vendendo ativos\u201d<\/em>, disse Lula.<\/p>\n<p>Ao final do discurso, o presidente disse que<em>\u00a0\u201cgosta de saber\u201d\u00a0<\/em>que est\u00e1\u00a0<em>\u201ccom a verdade\u201d\u00a0<\/em>quando defende as empresas p\u00fablicas brasileiras.\u00a0<em>\u201cA Petrobras tem que ter orgulho, n\u00e3o tenham vergonha de defender os interesses soberanos dessa empresa\u201d,\u00a0<\/em>disse aos funcion\u00e1rios presentes no evento.<\/p>\n<p><strong><a href=\"https:\/\/www.poder360.com.br\/poder-governo\/lula-critica-quem-defende-a-privatizacao-da-petrobras\/\">Source link<\/a><\/strong><\/p>\n<\/div>\n<p><br \/>\n<br \/><a href=\"https:\/\/paulofigueiredoshow.com\/lula-chama-de-imbecil-quem-defende-a-privatizacao-da-petrobras\/\">Source link <\/a><\/p>","protected":false},"excerpt":{"rendered":"<p>Presidente critica venda da Vale e da Eletrobras e diz que a vida do brasileiro n\u00e3o melhorou O presidente\u00a0Luiz In\u00e1cio Lula da Silva\u00a0(PT) chamou de\u00a0\u201cbando de imbecil\u201d\u00a0quem defende a privatiza\u00e7\u00e3o&hellip;<\/p>","protected":false},"author":1,"featured_media":37330,"comment_status":"closed","ping_status":"open","sticky":false,"template":"","format":"standard","meta":{"content-type":"","footnotes":""},"categories":[16],"tags":[],"class_list":["post-37329","post","type-post","status-publish","format-standard","has-post-thumbnail","hentry","category-noticias"],"_links":{"self":[{"href":"https:\/\/tvbrazilusa.com\/pt\/wp-json\/wp\/v2\/posts\/37329","targetHints":{"allow":["GET"]}}],"collection":[{"href":"https:\/\/tvbrazilusa.com\/pt\/wp-json\/wp\/v2\/posts"}],"about":[{"href":"https:\/\/tvbrazilusa.com\/pt\/wp-json\/wp\/v2\/types\/post"}],"author":[{"embeddable":true,"href":"https:\/\/tvbrazilusa.com\/pt\/wp-json\/wp\/v2\/users\/1"}],"replies":[{"embeddable":true,"href":"https:\/\/tvbrazilusa.com\/pt\/wp-json\/wp\/v2\/comments?post=37329"}],"version-history":[{"count":1,"href":"https:\/\/tvbrazilusa.com\/pt\/wp-json\/wp\/v2\/posts\/37329\/revisions"}],"predecessor-version":[{"id":37331,"href":"https:\/\/tvbrazilusa.com\/pt\/wp-json\/wp\/v2\/posts\/37329\/revisions\/37331"}],"wp:featuredmedia":[{"embeddable":true,"href":"https:\/\/tvbrazilusa.com\/pt\/wp-json\/wp\/v2\/media\/37330"}],"wp:attachment":[{"href":"https:\/\/tvbrazilusa.com\/pt\/wp-json\/wp\/v2\/media?parent=37329"}],"wp:term":[{"taxonomy":"category","embeddable":true,"href":"https:\/\/tvbrazilusa.com\/pt\/wp-json\/wp\/v2\/categories?post=37329"},{"taxonomy":"post_tag","embeddable":true,"href":"https:\/\/tvbrazilusa.com\/pt\/wp-json\/wp\/v2\/tags?post=37329"}],"curies":[{"name":"wp","href":"https:\/\/api.w.org\/{rel}","templated":true}]}}