{"id":37335,"date":"2024-09-14T23:49:44","date_gmt":"2024-09-14T23:49:44","guid":{"rendered":"https:\/\/tvbrazilusa.com\/2024\/09\/14\/urgente-ministro-da-ditadura-maduro-anuncia-prisao-de-dois-espanhois-e-um-americano-na-venezuela-e-os-acusa-de-desestabilizacao\/"},"modified":"2024-09-14T23:49:45","modified_gmt":"2024-09-14T23:49:45","slug":"urgente-ministro-da-ditadura-maduro-anuncia-prisao-de-dois-espanhois-e-um-americano-na-venezuela-e-os-acusa-de-desestabilizacao","status":"publish","type":"post","link":"https:\/\/tvbrazilusa.com\/pt\/2024\/09\/14\/urgente-ministro-da-ditadura-maduro-anuncia-prisao-de-dois-espanhois-e-um-americano-na-venezuela-e-os-acusa-de-desestabilizacao\/","title":{"rendered":"URGENTE: Ministro da Ditadura Maduro anuncia pris\u00e3o de dois espanh\u00f3is e um americano na Venezuela, e os acusa de \u2018desestabiliza\u00e7\u00e3o\u2019"},"content":{"rendered":"<p> <script async src=\"https:\/\/pagead2.googlesyndication.com\/pagead\/js\/adsbygoogle.js?client=ca-pub-8864793242727901\"\r\n     crossorigin=\"anonymous\"><\/script><br \/>\n<\/p>\n<div id=\"taboola-read-more\" style=\"display:block; width:100%\">\n<p>Um americano e dois espanh\u00f3is foram presos na Venezuela neste s\u00e1bado, 14. Segundo o an\u00fancio feito pelo ministro do Interior, Diosdado Cabello, os tr\u00eas foram presos por estarem ligados a um suposto plano de desestabiliza\u00e7\u00e3o da Venezuela. Cabello tamb\u00e9m disse que cerca de 400 fuzis provenientes dos Estados Unidos foram apreendidos.<\/p>\n<div class=\"styles__MultiParagraphAdStyled-sc-1yb8ue6-0 cRLMGg\">\n<div class=\"paragraph\">\n<p>\u201cDois cidad\u00e3os espanh\u00f3is foram recentemente detidos em Puerto Ayacucho (Amazonas, sul), Jos\u00e9 Mar\u00eda Basua e Andr\u00e9s Mart\u00ednez Adasme\u201d, disse Cabello em coletiva de imprensa, ao informar sobre um plano para supostamente \u201cgerar viol\u00eancia\u201d e \u201cdesestabilizar\u201d o pa\u00eds. \u201cEstrella David, cidad\u00e3 norte-americana, tamb\u00e9m est\u00e1 detida\u201d, acrescentou.<\/p>\n<p>Cabello, um antigo rival de Maduro ligado \u00e0 linha-dura chavista, assumiu o cargo no m\u00eas passado. A Justi\u00e7a venezuelana, controlada pelo regime, chancelou a vit\u00f3ria de Maduro apesar de diversas evid\u00eancias de fraude.<\/p>\n<\/div>\n<\/div>\n<p class=\"styles__ParagraphStyled-sc-6adecn-0 dXbqCe\">Nas \u00faltimas semanas, a repress\u00e3o contra a oposi\u00e7\u00e3o aumentou. O candidato Edmundo Gonz\u00e1lez fugiu do pa\u00eds e refugiou-se na Espanha.<\/p>\n<p class=\"styles__ParagraphStyled-sc-6adecn-0 dXbqCe\">A pris\u00e3o dos tr\u00eas \u00e9 mais um cap\u00edtulo na tens\u00e3o j\u00e1 eleva entre Venezuela e EUA e Espanha. Na quinta-feira, o governo americano anunciou san\u00e7\u00f5es contra 16 funcion\u00e1rios do regime venezuelano, incluindo a presidente do Tribunal Supremo de Justi\u00e7a, Caryslia Rodr\u00edguez, al\u00e9m de autoridades eleitorais e integrantes da c\u00fapula militar e dos servi\u00e7os de intelig\u00eancia.<\/p>\n<p class=\"styles__ParagraphStyled-sc-6adecn-0 dXbqCe\">Entre os alvos das san\u00e7\u00f5es est\u00e3o o chefe do Comando Estrat\u00e9gico Operacional das For\u00e7as Armadas, general Domingo Hern\u00e1ndez L\u00e1rez, encarregado das opera\u00e7\u00f5es militares. \u201cN\u00e3o somos chantage\u00e1veis, nem nos deixamos intimidar\u201d, reagiu a For\u00e7a Armada em um comunicado lido na TV estatal pelo ministro da Defesa, Vladimir Padrino L\u00f3pez, acompanhado do alto comando militar, que costuma declarar \u201clealdade absoluta\u201d a Maduro.<\/p>\n<p class=\"styles__ParagraphStyled-sc-6adecn-0 dXbqCe\">Washington, que exige a divulga\u00e7\u00e3o das atas de vota\u00e7\u00e3o da elei\u00e7\u00e3o presidencial venezuelana, afirma que os funcion\u00e1rios afetados pelas san\u00e7\u00f5es impediram um processo eleitoral transparente e a publica\u00e7\u00e3o de resultados eleitorais precisos.<\/p>\n<p class=\"styles__ParagraphStyled-sc-6adecn-0 dXbqCe\">Na sexta-feira, Maduro condecorou os quatro militares punidos com as san\u00e7\u00f5es, que ele classificou de \u201crid\u00edculas\u201d. \u201cO que eles nunca v\u00e3o poder entender \u00e9 que suas san\u00e7\u00f5es s\u00e3o condecora\u00e7\u00f5es na alma dos patriotas que amam nossa Venezuela\u201d, disse o presidente.<\/p>\n<p class=\"styles__ParagraphStyled-sc-6adecn-0 dXbqCe\">A tens\u00e3o nas rela\u00e7\u00f5es bilaterais com a Espanha tamb\u00e9m aumentou nos \u00faltimos dias depois que o candidato opositor Edmundo Gonz\u00e1lez Urrutia chegou ao pa\u00eds h\u00e1 uma semana para pedir asilo ap\u00f3s passar um m\u00eas na clandestinidade em seu pa\u00eds. O coment\u00e1rio da ministra da Defesa espanhola, Margarita Robles, que chamou o governo de Maduro de \u201cditadura\u201d irritou o regime chavista.<\/p>\n<p class=\"styles__ParagraphStyled-sc-6adecn-0 dXbqCe\">Na sexta-feira, a Venezuela convocou o embaixador espanhol em Caracas, Ram\u00f3n Santos, para expressar a posi\u00e7\u00e3o do governo Maduro de que n\u00e3o vai permitir uma \u201ca\u00e7\u00e3o intervencionista\u201d da Espanha. O chanceler Yv\u00e1n Gil j\u00e1 havia chamado para consultas a embaixadora venezuelana em Madri, Gladys Guti\u00e9rrez.<\/p>\n<p class=\"styles__ParagraphStyled-sc-6adecn-0 dXbqCe\"><strong>Estad\u00e3o Conte\u00fado com informa\u00e7\u00f5es de AFP<\/strong><\/p>\n<\/p><\/div>\n<p><br \/>\n<br \/><a href=\"https:\/\/diariodobrasilnoticias.com.br\/noticia\/urgente-ministro-da-ditadura-maduro-anuncia-prisao-de-dois-espanhois-e-um-americano-na-venezuela-e-os-acusa-de-desestabilizacao-66e5feae3f8b3\">Source link <\/a><\/p>","protected":false},"excerpt":{"rendered":"<p>Um americano e dois espanh\u00f3is foram presos na Venezuela neste s\u00e1bado, 14. Segundo o an\u00fancio feito pelo ministro do Interior, Diosdado Cabello, os tr\u00eas foram presos por estarem ligados a&hellip;<\/p>","protected":false},"author":1,"featured_media":37336,"comment_status":"closed","ping_status":"open","sticky":false,"template":"","format":"standard","meta":{"content-type":"","footnotes":""},"categories":[16],"tags":[123,2448,5313,1267],"class_list":["post-37335","post","type-post","status-publish","format-standard","has-post-thumbnail","hentry","category-noticias","tag-brasil","tag-diario","tag-noticia","tag-noticias"],"_links":{"self":[{"href":"https:\/\/tvbrazilusa.com\/pt\/wp-json\/wp\/v2\/posts\/37335","targetHints":{"allow":["GET"]}}],"collection":[{"href":"https:\/\/tvbrazilusa.com\/pt\/wp-json\/wp\/v2\/posts"}],"about":[{"href":"https:\/\/tvbrazilusa.com\/pt\/wp-json\/wp\/v2\/types\/post"}],"author":[{"embeddable":true,"href":"https:\/\/tvbrazilusa.com\/pt\/wp-json\/wp\/v2\/users\/1"}],"replies":[{"embeddable":true,"href":"https:\/\/tvbrazilusa.com\/pt\/wp-json\/wp\/v2\/comments?post=37335"}],"version-history":[{"count":1,"href":"https:\/\/tvbrazilusa.com\/pt\/wp-json\/wp\/v2\/posts\/37335\/revisions"}],"predecessor-version":[{"id":37337,"href":"https:\/\/tvbrazilusa.com\/pt\/wp-json\/wp\/v2\/posts\/37335\/revisions\/37337"}],"wp:featuredmedia":[{"embeddable":true,"href":"https:\/\/tvbrazilusa.com\/pt\/wp-json\/wp\/v2\/media\/37336"}],"wp:attachment":[{"href":"https:\/\/tvbrazilusa.com\/pt\/wp-json\/wp\/v2\/media?parent=37335"}],"wp:term":[{"taxonomy":"category","embeddable":true,"href":"https:\/\/tvbrazilusa.com\/pt\/wp-json\/wp\/v2\/categories?post=37335"},{"taxonomy":"post_tag","embeddable":true,"href":"https:\/\/tvbrazilusa.com\/pt\/wp-json\/wp\/v2\/tags?post=37335"}],"curies":[{"name":"wp","href":"https:\/\/api.w.org\/{rel}","templated":true}]}}