{"id":37340,"date":"2024-09-15T00:01:28","date_gmt":"2024-09-15T00:01:28","guid":{"rendered":"https:\/\/tvbrazilusa.com\/2024\/09\/15\/o-mes-da-heranca-hispanica-comeca-em-connecticut-com-o-desfile-e-festival-do-dia-porto-riquenho-de-greater-waterbury\/"},"modified":"2024-09-15T00:12:14","modified_gmt":"2024-09-15T00:12:14","slug":"o-mes-da-heranca-hispanica-comeca-em-connecticut-com-o-desfile-e-festival-do-dia-porto-riquenho-de-greater-waterbury","status":"publish","type":"post","link":"https:\/\/tvbrazilusa.com\/pt\/2024\/09\/15\/o-mes-da-heranca-hispanica-comeca-em-connecticut-com-o-desfile-e-festival-do-dia-porto-riquenho-de-greater-waterbury\/","title":{"rendered":"O M\u00eas da Heran\u00e7a Hisp\u00e2nica come\u00e7a em Connecticut com o Desfile e Festival do Dia Porto-riquenho de Greater Waterbury"},"content":{"rendered":"<script async src=\"https:\/\/pagead2.googlesyndication.com\/pagead\/js\/adsbygoogle.js?client=ca-pub-8864793242727901\"\r\n     crossorigin=\"anonymous\"><\/script>\n<p>WATERBURY, Connecticut (WTNH) \u2013 Waterbury d\u00e1 in\u00edcio ao M\u00eas Nacional da Heran\u00e7a Hisp\u00e2nica no s\u00e1bado com o Desfile e Festival do Dia Porto-riquenho de Greater Waterbury. <\/p>\n<p>A Parada do Dia de Porto Rico em Waterbury ficou paralisada por 23 anos e s\u00f3 retornou como evento anual em 2022. <\/p>\n<p>O festival contou com vendedores de bandeiras, roupas, arte artesanal e muita m\u00fasica e dan\u00e7a. <\/p>\n<p>&#8220;Salsa, bachata, merengue, um pouco de hip hop para misturar um pouco, ent\u00e3o teremos diferentes artistas musicais&#8221;, disse o oficial de seguran\u00e7a Francisco Ramos. <\/p>\n<p>A comida no &#8216;Borifest&#8217; tamb\u00e9m n\u00e3o decepcionou, com empanadas, mofongo, arroz e feij\u00e3o e muito mais. <\/p>\n<p>O festival continua at\u00e9 domingo, com o Greater Waterbury Puerto Rican Day Parade. Cerca de 1.000 pessoas sair\u00e3o \u00e0s 10:00 da manh\u00e3 na Freight Street. <\/p>\n<p><br \/>\n<br \/><a href=\"https:\/\/www.wtnh.com\/news\/connecticut\/new-haven\/hispanic-heritage-month-kicks-off-in-connecticut-with-the-greater-waterbury-puerto-rican-day-parade-and-festival\/\">Source link <\/a><\/p>","protected":false},"excerpt":{"rendered":"<p>WATERBURY, Connecticut (WTNH) \u2013 Waterbury d\u00e1 in\u00edcio ao M\u00eas Nacional da Heran\u00e7a Hisp\u00e2nica no s\u00e1bado com o Desfile e Festival do Dia Porto-riquenho de Greater Waterbury. A Parada do Dia&hellip;<\/p>","protected":false},"author":1,"featured_media":37341,"comment_status":"closed","ping_status":"open","sticky":false,"template":"","format":"standard","meta":{"content-type":"","footnotes":""},"categories":[1],"tags":[],"class_list":["post-37340","post","type-post","status-publish","format-standard","has-post-thumbnail","hentry","category-uncategorized"],"_links":{"self":[{"href":"https:\/\/tvbrazilusa.com\/pt\/wp-json\/wp\/v2\/posts\/37340","targetHints":{"allow":["GET"]}}],"collection":[{"href":"https:\/\/tvbrazilusa.com\/pt\/wp-json\/wp\/v2\/posts"}],"about":[{"href":"https:\/\/tvbrazilusa.com\/pt\/wp-json\/wp\/v2\/types\/post"}],"author":[{"embeddable":true,"href":"https:\/\/tvbrazilusa.com\/pt\/wp-json\/wp\/v2\/users\/1"}],"replies":[{"embeddable":true,"href":"https:\/\/tvbrazilusa.com\/pt\/wp-json\/wp\/v2\/comments?post=37340"}],"version-history":[{"count":1,"href":"https:\/\/tvbrazilusa.com\/pt\/wp-json\/wp\/v2\/posts\/37340\/revisions"}],"predecessor-version":[{"id":37342,"href":"https:\/\/tvbrazilusa.com\/pt\/wp-json\/wp\/v2\/posts\/37340\/revisions\/37342"}],"wp:featuredmedia":[{"embeddable":true,"href":"https:\/\/tvbrazilusa.com\/pt\/wp-json\/wp\/v2\/media\/37341"}],"wp:attachment":[{"href":"https:\/\/tvbrazilusa.com\/pt\/wp-json\/wp\/v2\/media?parent=37340"}],"wp:term":[{"taxonomy":"category","embeddable":true,"href":"https:\/\/tvbrazilusa.com\/pt\/wp-json\/wp\/v2\/categories?post=37340"},{"taxonomy":"post_tag","embeddable":true,"href":"https:\/\/tvbrazilusa.com\/pt\/wp-json\/wp\/v2\/tags?post=37340"}],"curies":[{"name":"wp","href":"https:\/\/api.w.org\/{rel}","templated":true}]}}