{"id":37351,"date":"2024-09-15T00:33:24","date_gmt":"2024-09-15T00:33:24","guid":{"rendered":"https:\/\/tvbrazilusa.com\/2024\/09\/15\/adriane-galisteu-revela-doenca-autoimune-e-perda-da-audicao\/"},"modified":"2024-09-15T00:33:25","modified_gmt":"2024-09-15T00:33:25","slug":"adriane-galisteu-revela-doenca-autoimune-e-perda-da-audicao","status":"publish","type":"post","link":"https:\/\/tvbrazilusa.com\/pt\/2024\/09\/15\/adriane-galisteu-revela-doenca-autoimune-e-perda-da-audicao\/","title":{"rendered":"Adriane Galisteu revela doen\u00e7a autoimune e perda da audi\u00e7\u00e3o"},"content":{"rendered":"<p> <script async src=\"https:\/\/pagead2.googlesyndication.com\/pagead\/js\/adsbygoogle.js?client=ca-pub-8864793242727901\"\r\n     crossorigin=\"anonymous\"><\/script><br \/>\n<\/p>\n<p>Adriane Galisteu contou que foi diagnosticada com uma doen\u00e7a autoimune cujo principal sintoma \u00e9 a perda de audi\u00e7\u00e3o progressiva. A revela\u00e7\u00e3o aconteceu no podcast PodCringe. Segundo a apresentadora, a otosclerose \u00e9 caracterizada por um crescimento anormal do tecido \u00f3sseo no ouvido.<\/p>\n<div id=\"browsi_wrapper_0_ai_1_rc_0\">\u00a0<\/p>\n<p data-_get-element-size=\"{\"w\":364,\"h\":210}\">\u2013 \u00c9 uma doen\u00e7a horr\u00edvel que voc\u00ea n\u00e3o sabe de onde ela veio, para onde ela vai e os m\u00e9dicos tamb\u00e9m n\u00e3o sabem. Estou procurando algum m\u00e9dico ainda que possa ser especialista neste assunto para falar sobre isso, porque n\u00e3o tem \u2013 explicou.<\/p>\n<p data-_get-element-size=\"{\"w\":364,\"h\":70}\">Durante o bate-papo, Adriane ainda contou que n\u00e3o existe tratamento para a doen\u00e7a.<\/p>\n<p data-_get-element-size=\"{\"w\":364,\"h\":385}\">\u2013 Os m\u00e9dicos indicam o transplante depois de 100% de perda da audi\u00e7\u00e3o (\u2026). Falando de um jeito tosco: meu t\u00edmpano funciona bem, eu escuto bem, mas tem uma pedra no caminho, que n\u00e3o deixa passar o som. Para retirar essa pedra, tenho que fazer um transplante. Mas eles n\u00e3o deixam fazer sem a perda de 100% da audi\u00e7\u00e3o, porque tamb\u00e9m n\u00e3o \u00e9 garantido que vai ficar tudo bem. Eu devo ter perdido uns 60% j\u00e1 [da audi\u00e7\u00e3o] \u2013 afirmou.<\/p>\n<p data-_get-element-size=\"{\"w\":364,\"h\":140}\">Apesar de tudo, a apresentadora se diz \u201csortuda\u201d, j\u00e1 que a doen\u00e7a costuma atingir os dois ouvidos, mas ela s\u00f3 sente os sintomas em um deles, como se estivesse \u201ctapado.<\/p>\n<p data-_get-element-size=\"{\"w\":364,\"h\":70}\">\u2013 Como em um avi\u00e3o, de vez em quando apita, d\u00e1 zumbido, piora \u2013 comparou.<\/p>\n<p data-_get-element-size=\"{\"w\":364,\"h\":35}\">*AE<br \/>Pleno News\u00a0<\/p>\n<\/div>\n<p><br \/>\n<br \/><a href=\"https:\/\/diariodobrasilnoticias.com.br\/noticia\/adriane-galisteu-revela-doenca-autoimune-e-perda-da-audicao-66e604af032d6\">Source link <\/a><\/p>","protected":false},"excerpt":{"rendered":"<p>Adriane Galisteu contou que foi diagnosticada com uma doen\u00e7a autoimune cujo principal sintoma \u00e9 a perda de audi\u00e7\u00e3o progressiva. A revela\u00e7\u00e3o aconteceu no podcast PodCringe. Segundo a apresentadora, a otosclerose&hellip;<\/p>","protected":false},"author":1,"featured_media":37352,"comment_status":"closed","ping_status":"open","sticky":false,"template":"","format":"standard","meta":{"content-type":"","footnotes":""},"categories":[16],"tags":[123,2448,5313,1267],"class_list":["post-37351","post","type-post","status-publish","format-standard","has-post-thumbnail","hentry","category-noticias","tag-brasil","tag-diario","tag-noticia","tag-noticias"],"_links":{"self":[{"href":"https:\/\/tvbrazilusa.com\/pt\/wp-json\/wp\/v2\/posts\/37351","targetHints":{"allow":["GET"]}}],"collection":[{"href":"https:\/\/tvbrazilusa.com\/pt\/wp-json\/wp\/v2\/posts"}],"about":[{"href":"https:\/\/tvbrazilusa.com\/pt\/wp-json\/wp\/v2\/types\/post"}],"author":[{"embeddable":true,"href":"https:\/\/tvbrazilusa.com\/pt\/wp-json\/wp\/v2\/users\/1"}],"replies":[{"embeddable":true,"href":"https:\/\/tvbrazilusa.com\/pt\/wp-json\/wp\/v2\/comments?post=37351"}],"version-history":[{"count":1,"href":"https:\/\/tvbrazilusa.com\/pt\/wp-json\/wp\/v2\/posts\/37351\/revisions"}],"predecessor-version":[{"id":37353,"href":"https:\/\/tvbrazilusa.com\/pt\/wp-json\/wp\/v2\/posts\/37351\/revisions\/37353"}],"wp:featuredmedia":[{"embeddable":true,"href":"https:\/\/tvbrazilusa.com\/pt\/wp-json\/wp\/v2\/media\/37352"}],"wp:attachment":[{"href":"https:\/\/tvbrazilusa.com\/pt\/wp-json\/wp\/v2\/media?parent=37351"}],"wp:term":[{"taxonomy":"category","embeddable":true,"href":"https:\/\/tvbrazilusa.com\/pt\/wp-json\/wp\/v2\/categories?post=37351"},{"taxonomy":"post_tag","embeddable":true,"href":"https:\/\/tvbrazilusa.com\/pt\/wp-json\/wp\/v2\/tags?post=37351"}],"curies":[{"name":"wp","href":"https:\/\/api.w.org\/{rel}","templated":true}]}}