{"id":37362,"date":"2024-09-15T01:33:42","date_gmt":"2024-09-15T01:33:42","guid":{"rendered":"https:\/\/tvbrazilusa.com\/2024\/09\/15\/escola-secundaria-urbana-de-new-haven-sedia-17o-festa-dos-campos-anual\/"},"modified":"2024-09-15T01:42:15","modified_gmt":"2024-09-15T01:42:15","slug":"escola-secundaria-urbana-de-new-haven-sedia-17o-festa-dos-campos-anual","status":"publish","type":"post","link":"https:\/\/tvbrazilusa.com\/pt\/2024\/09\/15\/escola-secundaria-urbana-de-new-haven-sedia-17o-festa-dos-campos-anual\/","title":{"rendered":"Escola secund\u00e1ria urbana de New Haven sedia 17\u00ba &#8220;Festa dos Campos&#8221; anual"},"content":{"rendered":"<script async src=\"https:\/\/pagead2.googlesyndication.com\/pagead\/js\/adsbygoogle.js?client=ca-pub-8864793242727901\"\r\n     crossorigin=\"anonymous\"><\/script>\n<p>NEW HAVEN, Conn. (WTNH) \u2013 Common Ground, uma fazenda urbana e escola de ensino m\u00e9dio em New Haven, realizou sua arrecada\u00e7\u00e3o de fundos anual no s\u00e1bado. O evento atraiu mais de 300 pessoas para um jantar da fazenda \u00e0 mesa e conex\u00e3o. <\/p>\n<p>Aninhados na base do West Rock, os alunos e funcion\u00e1rios do Common Ground receberam as fam\u00edlias para o 17\u00ba<sup>o<\/sup> anual &#8220;Feast from the Fields.&#8221; Common Ground \u00e9 uma escola secund\u00e1ria, fazenda urbana e centro de educa\u00e7\u00e3o ambiental. O objetivo da escola \u00e9 construir a pr\u00f3xima gera\u00e7\u00e3o de l\u00edderes e conectar os vizinhos da cidade com seu meio ambiente.<\/p>\n<p>&#8220;Para mim, um dos aspectos mais fundamentais da humanidade e o que nos conecta \u00e9 a comida&#8221;, disse Audrey Nefores, Diretora de Desenvolvimento e Comunica\u00e7\u00f5es da Common Ground. &#8220;O que realmente fazemos \u00e9 ensinar as pessoas a integrar o mundo ao ar livre em sua vida cotidiana e garantir que as pessoas, especialmente em nosso ambiente aqui na cidade, tenham o m\u00e1ximo de acesso poss\u00edvel a esse espa\u00e7o ao ar livre.&#8221;<\/p>\n<p>Para o jantar, chefs locais usaram ingredientes da fazenda na Springside Avenue para criar um menu degusta\u00e7\u00e3o. A fazenda \u00e9 cuidada por volunt\u00e1rios e estudantes do ensino m\u00e9dio. <\/p>\n<p>&#8220;A terra nos sustenta e nos d\u00e1 tudo o que queremos e tudo o que precisamos, temos que retribuir a ela&#8221;, disse Clouds Mutale, aluno do segundo ano da Common Grounds High School. &#8220;Muitas pessoas simplesmente n\u00e3o se importam, elas jogam lixo, destroem, \u00e9 de partir o cora\u00e7\u00e3o.&#8221;<\/p>\n<p>Tamb\u00e9m houve um leil\u00e3o, apresentado por Ken Houston, do News 8. Os lucros da noite voltam para o Common Ground. <\/p>\n<p>&#8220;\u00c9 uma grande causa e uma \u00f3tima oportunidade de experimentar os fornecedores mais importantes e inovadores&#8221;, disse Suzanne Bona, uma participante de New Milford. <\/p>\n<p>Linda Honan de Hamden compareceu ao evento com seu marido. Ela apoia a miss\u00e3o e os objetivos do centro. <\/p>\n<p>&#8220;Poder estar na natureza e fazer coisas para entender o que comemos, de onde vem e a inseguran\u00e7a alimentar \u00e9 uma experi\u00eancia maravilhosa&#8221;, disse ela.  <\/p>\n<p><br \/>\n<br \/><a href=\"https:\/\/www.wtnh.com\/news\/connecticut\/new-haven\/new-haven-urban-farm-high-school-hosts-17th-annual-feast-from-the-fields\/\">Source link <\/a><\/p>","protected":false},"excerpt":{"rendered":"<p>NEW HAVEN, Conn. (WTNH) \u2013 Common Ground, uma fazenda urbana e escola de ensino m\u00e9dio em New Haven, realizou sua arrecada\u00e7\u00e3o de fundos anual no s\u00e1bado. O evento atraiu mais&hellip;<\/p>","protected":false},"author":1,"featured_media":37363,"comment_status":"closed","ping_status":"open","sticky":false,"template":"","format":"standard","meta":{"content-type":"","footnotes":""},"categories":[1],"tags":[],"class_list":["post-37362","post","type-post","status-publish","format-standard","has-post-thumbnail","hentry","category-uncategorized"],"_links":{"self":[{"href":"https:\/\/tvbrazilusa.com\/pt\/wp-json\/wp\/v2\/posts\/37362","targetHints":{"allow":["GET"]}}],"collection":[{"href":"https:\/\/tvbrazilusa.com\/pt\/wp-json\/wp\/v2\/posts"}],"about":[{"href":"https:\/\/tvbrazilusa.com\/pt\/wp-json\/wp\/v2\/types\/post"}],"author":[{"embeddable":true,"href":"https:\/\/tvbrazilusa.com\/pt\/wp-json\/wp\/v2\/users\/1"}],"replies":[{"embeddable":true,"href":"https:\/\/tvbrazilusa.com\/pt\/wp-json\/wp\/v2\/comments?post=37362"}],"version-history":[{"count":1,"href":"https:\/\/tvbrazilusa.com\/pt\/wp-json\/wp\/v2\/posts\/37362\/revisions"}],"predecessor-version":[{"id":37364,"href":"https:\/\/tvbrazilusa.com\/pt\/wp-json\/wp\/v2\/posts\/37362\/revisions\/37364"}],"wp:featuredmedia":[{"embeddable":true,"href":"https:\/\/tvbrazilusa.com\/pt\/wp-json\/wp\/v2\/media\/37363"}],"wp:attachment":[{"href":"https:\/\/tvbrazilusa.com\/pt\/wp-json\/wp\/v2\/media?parent=37362"}],"wp:term":[{"taxonomy":"category","embeddable":true,"href":"https:\/\/tvbrazilusa.com\/pt\/wp-json\/wp\/v2\/categories?post=37362"},{"taxonomy":"post_tag","embeddable":true,"href":"https:\/\/tvbrazilusa.com\/pt\/wp-json\/wp\/v2\/tags?post=37362"}],"curies":[{"name":"wp","href":"https:\/\/api.w.org\/{rel}","templated":true}]}}