{"id":3739,"date":"2023-11-26T17:00:22","date_gmt":"2023-11-26T17:00:22","guid":{"rendered":"https:\/\/tvbrazilusa.com\/2023\/11\/26\/moraes-pode-cair-paulo-figueiredo-fala-sobre-o-poder-da-volta-do-povo-as-ruas-do-brasil\/"},"modified":"2023-11-26T17:00:22","modified_gmt":"2023-11-26T17:00:22","slug":"moraes-pode-cair-paulo-figueiredo-fala-sobre-o-poder-da-volta-do-povo-as-ruas-do-brasil","status":"publish","type":"post","link":"https:\/\/tvbrazilusa.com\/pt\/2023\/11\/26\/moraes-pode-cair-paulo-figueiredo-fala-sobre-o-poder-da-volta-do-povo-as-ruas-do-brasil\/","title":{"rendered":"MORAES PODE CAIR? &#8211; Paulo Figueiredo Fala Sobre o Poder da Volta do Povo \u00e0s Ruas do Brasil"},"content":{"rendered":"<p><iframe  width=\"580\" height=\"385\" src=\"https:\/\/www.youtube.com\/embed\/Uo-VwQtksoM?modestbranding=1\" frameborder=\"0\" allowfullscreen><\/iframe><br \/>\n<br \/>INSCRI\u00c7\u00d5ES ABERTAS para o maior curso de pol\u00edtica do Brasil! &#8211;<\/p>\n<p>Apoie o trabalho do Paulo Figueiredo com 30% de desconto: <\/p>\n<p>Assine e apoie o Fio Di\u00e1rio: &#8211;<\/p>\n<p>Whatsapp, Intagram e muito mais: &#8211;<\/p>\n<p><a href=\"https:\/\/www.youtube.com\/watch?v=Uo-VwQtksoM\">source<\/a><\/p>","protected":false},"excerpt":{"rendered":"<p>INSCRI\u00c7\u00d5ES ABERTAS para o maior curso de pol\u00edtica do Brasil! &#8211; Apoie o trabalho do Paulo Figueiredo com 30% de desconto: Assine e apoie o Fio Di\u00e1rio: &#8211; Whatsapp, Intagram&hellip;<\/p>","protected":false},"author":1,"featured_media":3740,"comment_status":"","ping_status":"open","sticky":false,"template":"","format":"standard","meta":{"content-type":"","footnotes":""},"categories":[18],"tags":[],"class_list":["post-3739","post","type-post","status-publish","format-standard","has-post-thumbnail","hentry","category-paulo-figueiredo"],"_links":{"self":[{"href":"https:\/\/tvbrazilusa.com\/pt\/wp-json\/wp\/v2\/posts\/3739","targetHints":{"allow":["GET"]}}],"collection":[{"href":"https:\/\/tvbrazilusa.com\/pt\/wp-json\/wp\/v2\/posts"}],"about":[{"href":"https:\/\/tvbrazilusa.com\/pt\/wp-json\/wp\/v2\/types\/post"}],"author":[{"embeddable":true,"href":"https:\/\/tvbrazilusa.com\/pt\/wp-json\/wp\/v2\/users\/1"}],"replies":[{"embeddable":true,"href":"https:\/\/tvbrazilusa.com\/pt\/wp-json\/wp\/v2\/comments?post=3739"}],"version-history":[{"count":0,"href":"https:\/\/tvbrazilusa.com\/pt\/wp-json\/wp\/v2\/posts\/3739\/revisions"}],"wp:featuredmedia":[{"embeddable":true,"href":"https:\/\/tvbrazilusa.com\/pt\/wp-json\/wp\/v2\/media\/3740"}],"wp:attachment":[{"href":"https:\/\/tvbrazilusa.com\/pt\/wp-json\/wp\/v2\/media?parent=3739"}],"wp:term":[{"taxonomy":"category","embeddable":true,"href":"https:\/\/tvbrazilusa.com\/pt\/wp-json\/wp\/v2\/categories?post=3739"},{"taxonomy":"post_tag","embeddable":true,"href":"https:\/\/tvbrazilusa.com\/pt\/wp-json\/wp\/v2\/tags?post=3739"}],"curies":[{"name":"wp","href":"https:\/\/api.w.org\/{rel}","templated":true}]}}