{"id":37416,"date":"2024-09-15T10:21:53","date_gmt":"2024-09-15T10:21:53","guid":{"rendered":"https:\/\/tvbrazilusa.com\/2024\/09\/15\/trincas-superficiais-sao-identificadas-pela-vale-em-barragem-localizada-em-ouro-preto-mg\/"},"modified":"2024-09-15T10:21:53","modified_gmt":"2024-09-15T10:21:53","slug":"trincas-superficiais-sao-identificadas-pela-vale-em-barragem-localizada-em-ouro-preto-mg","status":"publish","type":"post","link":"https:\/\/tvbrazilusa.com\/pt\/2024\/09\/15\/trincas-superficiais-sao-identificadas-pela-vale-em-barragem-localizada-em-ouro-preto-mg\/","title":{"rendered":"Trincas superficiais s\u00e3o identificadas pela Vale em barragem localizada em Ouro Preto (MG)"},"content":{"rendered":"<p> <script async src=\"https:\/\/pagead2.googlesyndication.com\/pagead\/js\/adsbygoogle.js?client=ca-pub-8864793242727901\"\r\n     crossorigin=\"anonymous\"><\/script><br \/>\n<\/p>\n<div id=\"taboola-read-more\" style=\"display:block; width:100%\">\n<p>A Vale identificou trincas superficiais na barragem Forquilha III, na mina de F\u00e1brica, em Ouro Preto, em Minas Gerais, conforme informou a pr\u00f3pria companhia. Em nota, ela assegurou que as condi\u00e7\u00f5es de estabilidade da estrutura seguem inalteradas.<\/p>\n<p>Ap\u00f3s a identifica\u00e7\u00e3o das trincas, a Vale disse que est\u00e1 conduzindo verifica\u00e7\u00f5es adicionais na barragem, que mant\u00e9m os \u00f3rg\u00e3os p\u00fablicos competentes informados e executa um plano de a\u00e7\u00e3o para investiga\u00e7\u00e3o e corre\u00e7\u00f5es, conforme necess\u00e1rio.<\/p>\n<p>\u201cA Vale mant\u00e9m seus compromissos de avan\u00e7ar na descaracteriza\u00e7\u00e3o da estrutura e de buscar a redu\u00e7\u00e3o de seu n\u00edvel de emerg\u00eancia\u201d, afirmou em nota.<\/p>\n<p>A barragem Forquilha III est\u00e1 em n\u00edvel de emerg\u00eancia 3 e \u00e9 monitorada em car\u00e1ter permanente. Ela conta com uma Estrutura de Conten\u00e7\u00e3o a Jusante e tem a respectiva Zona de Autossalvamento evacuada, sem a presen\u00e7a de comunidades.<\/p>\n<p><strong>Trag\u00e9dia<\/strong><\/p>\n<p>Em 2024, completou cinco anos o rompimento da barragem da Vale em Brumadinho, em Minas Gerais. Na trag\u00e9dia &#8211; em janeiro de 2019 &#8211; 272 pessoas perderam a vida, incluindo nessa conta dois beb\u00eas de mulheres que estavam gr\u00e1vidas. O colapso da estrutura liberou uma avalanche de rejeitos, o que tamb\u00e9m gerou grandes impactos em diversos munic\u00edpios da bacia do Rio Paraopeba.<\/p>\n<p>Ap\u00f3s o desastre, foi sancionada a Lei Mar de Lama Nunca Mais, em 2019. A lei pro\u00edbe novas barragens a montante e determina que seja feita a descaracteriza\u00e7\u00e3o das que ainda est\u00e3o ativas. Forquilha III passa por esse processo.<\/p>\n<p>Barragens a montante s\u00e3o aquelas cujo corpo da barragem \u00e9 constru\u00eddo com o uso de rejeito atrav\u00e9s de alteamentos sucessivos sobre o pr\u00f3prio rejeito depositado. Foi o m\u00e9todo utilizado nas barragens rompidas em Mariana e Brumadinho.<\/p>\n<p>Fonte: R7<\/p>\n<\/p><\/div>\n<p><br \/>\n<br \/><a href=\"https:\/\/diariodobrasilnoticias.com.br\/noticia\/trincas-superficiais-sao-identificadas-pela-vale-em-barragem-localizada-em-ouro-preto-mg-66e6b28e9d3a0\">Source link <\/a><\/p>","protected":false},"excerpt":{"rendered":"<p>A Vale identificou trincas superficiais na barragem Forquilha III, na mina de F\u00e1brica, em Ouro Preto, em Minas Gerais, conforme informou a pr\u00f3pria companhia. Em nota, ela assegurou que as&hellip;<\/p>","protected":false},"author":1,"featured_media":37417,"comment_status":"closed","ping_status":"open","sticky":false,"template":"","format":"standard","meta":{"content-type":"","footnotes":""},"categories":[16],"tags":[123,2448,5313,1267],"class_list":["post-37416","post","type-post","status-publish","format-standard","has-post-thumbnail","hentry","category-noticias","tag-brasil","tag-diario","tag-noticia","tag-noticias"],"_links":{"self":[{"href":"https:\/\/tvbrazilusa.com\/pt\/wp-json\/wp\/v2\/posts\/37416","targetHints":{"allow":["GET"]}}],"collection":[{"href":"https:\/\/tvbrazilusa.com\/pt\/wp-json\/wp\/v2\/posts"}],"about":[{"href":"https:\/\/tvbrazilusa.com\/pt\/wp-json\/wp\/v2\/types\/post"}],"author":[{"embeddable":true,"href":"https:\/\/tvbrazilusa.com\/pt\/wp-json\/wp\/v2\/users\/1"}],"replies":[{"embeddable":true,"href":"https:\/\/tvbrazilusa.com\/pt\/wp-json\/wp\/v2\/comments?post=37416"}],"version-history":[{"count":1,"href":"https:\/\/tvbrazilusa.com\/pt\/wp-json\/wp\/v2\/posts\/37416\/revisions"}],"predecessor-version":[{"id":37418,"href":"https:\/\/tvbrazilusa.com\/pt\/wp-json\/wp\/v2\/posts\/37416\/revisions\/37418"}],"wp:featuredmedia":[{"embeddable":true,"href":"https:\/\/tvbrazilusa.com\/pt\/wp-json\/wp\/v2\/media\/37417"}],"wp:attachment":[{"href":"https:\/\/tvbrazilusa.com\/pt\/wp-json\/wp\/v2\/media?parent=37416"}],"wp:term":[{"taxonomy":"category","embeddable":true,"href":"https:\/\/tvbrazilusa.com\/pt\/wp-json\/wp\/v2\/categories?post=37416"},{"taxonomy":"post_tag","embeddable":true,"href":"https:\/\/tvbrazilusa.com\/pt\/wp-json\/wp\/v2\/tags?post=37416"}],"curies":[{"name":"wp","href":"https:\/\/api.w.org\/{rel}","templated":true}]}}