{"id":37422,"date":"2024-09-15T10:38:37","date_gmt":"2024-09-15T10:38:37","guid":{"rendered":"https:\/\/tvbrazilusa.com\/2024\/09\/15\/tarifa-adicional-na-conta-de-energia-deve-se-manter-ate-o-final-do-ano\/"},"modified":"2024-09-15T10:38:38","modified_gmt":"2024-09-15T10:38:38","slug":"tarifa-adicional-na-conta-de-energia-deve-se-manter-ate-o-final-do-ano","status":"publish","type":"post","link":"https:\/\/tvbrazilusa.com\/pt\/2024\/09\/15\/tarifa-adicional-na-conta-de-energia-deve-se-manter-ate-o-final-do-ano\/","title":{"rendered":"Tarifa adicional na conta de energia deve se manter at\u00e9 o final do ano"},"content":{"rendered":"<p> <script async src=\"https:\/\/pagead2.googlesyndication.com\/pagead\/js\/adsbygoogle.js?client=ca-pub-8864793242727901\"\r\n     crossorigin=\"anonymous\"><\/script><br \/>\n<\/p>\n<div id=\"taboola-read-more\" style=\"display:block; width:100%\">\n<p>O clima mais seco e quente que vem sendo observado no Pa\u00eds, combinado com uma perspectiva negativa para a hidrologia, deve manter os pre\u00e7os da energia elevados e fazer as bandeiras tarif\u00e1rias permanecerem vermelhas pelo menos por mais um m\u00eas, durante outubro, segundo especialistas consultados pelo Broadcast Energia.<\/p>\n<p>Para novembro e dezembro, h\u00e1 mais d\u00favidas sobre qual ser\u00e1 a colora\u00e7\u00e3o da bandeira, diante das incertezas sobre o in\u00edcio do pr\u00f3ximo per\u00edodo \u00famido e qual volume de chuvas que poder\u00e1 ser observado. Ainda assim, um retorno ao patamar verde, sem cobran\u00e7a adicional na conta de luz, \u00e9 esperado por parte dos especialistas do setor apenas para 2025.<\/p>\n<p>Na Comerc Energia, por exemplo, os estudos prospectivos indicam bandeira vermelha Patamar II para outubro, passando para Vermelha Patamar I em novembro e Amarela em dezembro. O retorno para o patamar verde \u00e9 esperado apenas a partir de janeiro do ano que vem.<\/p>\n<p>A diretora de Assuntos Regulat\u00f3rios e Institucionais da Comerc Energia, Ana Carla Petti, explica que a perspectiva atual de bandeira Vermelha Patamar 2 para outubro reflete tanto o cen\u00e1rio hidrol\u00f3gico de setembro, com aflu\u00eancia em 47% da m\u00e9dia hist\u00f3rica no Sistema Interligado Nacional (SIN), como uma perspectiva para outubro de situa\u00e7\u00e3o tamb\u00e9m pouco confort\u00e1vel, embora &#8216;n\u00e3o t\u00e3o severa&#8217;.<\/p>\n<p>&#8216;Ainda n\u00e3o estamos enxergando chuva para outubro, come\u00e7ou a aparecer uma chuvinha ali no in\u00edcio daquele m\u00eas, mas ainda n\u00e3o \u00e9 algo firme que vai acontecer&#8217;, diz.<\/p>\n<p>De acordo com ela, em novembro a expectativa \u00e9 de que o cen\u00e1rio melhore, mas ainda mantendo a perspectiva de aflu\u00eancia abaixo da m\u00e9dia hist\u00f3rica, em patamar entre 60% e 70% do esperado para o m\u00eas.<\/p>\n<p>No entanto, Petti alerta que o m\u00eas de outubro \u00e9 muito sens\u00edvel e que se os volumes pluviom\u00e9tricos forem mais elevados, os pre\u00e7os da energia caem e melhora toda a proje\u00e7\u00e3o \u00e0 frente, enquanto se chover muito pouco, os pre\u00e7os subir\u00e3o significativa, propagando a expectativa ruim para os meses subsequentes.<\/p>\n<p>Na mesma linha \u00e9 a an\u00e1lise da Thymos Energia, que tamb\u00e9m trabalha com a perspectiva de bandeira vermelha para outubro, mas no patamar 1, e um retorno \u00e0 bandeira verde apenas em 2025. &#8216;A tend\u00eancia \u00e9 que o m\u00eas de outubro permane\u00e7a com bandeira vermelha, devido ao cen\u00e1rio de aflu\u00eancia que eleva os pre\u00e7os e reduz a gera\u00e7\u00e3o hidrel\u00e9trica, diminuindo o GSF. Para os meses seguintes, novembro e dezembro, h\u00e1 uma incerteza relacionada ao in\u00edcio do per\u00edodo \u00famido, em alguns cen\u00e1rios de melhor aflu\u00eancia a bandeira voltaria a ser amarela&#8217;, diz a diretora de Regula\u00e7\u00e3o e Estudos de Mercado, Mayra Guimar\u00e3es.<\/p>\n<p>O o diretor-presidente da comercializadora Armor Energia, Fred Menezes, acredita que dadas as circunst\u00e2ncias atuais, de tempo seco e um poss\u00edvel atraso no in\u00edcio das chuvas, \u00e9 poss\u00edvel que a bandeira permane\u00e7a vermelha at\u00e9 os primeiros meses de 2025. &#8216;H\u00e1 um m\u00eas n\u00e3o estava (no radar a mudan\u00e7a na bandeira), a maioria dos agentes e tamb\u00e9m dos economistas projetava o risco de bandeira vermelha apenas para o fim do ano, a deteriora\u00e7\u00e3o dos reservat\u00f3rios foi mais r\u00e1pida do que o esperado&#8217;, comenta.<\/p>\n<p>Para o s\u00f3cio da comercializadora Ecom Energia Marcio Sant&#8217;Anna, por sua vez, o retorno das chuvas no in\u00edcio do per\u00edodo \u00famido pode permitir um r\u00e1pido retorno \u00e0 bandeira Verde. De acordo com ele, as avalia\u00e7\u00f5es preliminares dos meteorologistas t\u00eam apontado para um in\u00edcio da temporada de chuvas mais fraca do que de costume em outubro, &#8216;mas ainda nada aponta que vai ter atraso ou que o per\u00edodo \u00famido n\u00e3o vai existir&#8217;, destacou.<\/p>\n<p>Fonte: Correio do Povo<\/p>\n<\/p><\/div>\n<p><br \/>\n<br \/><a href=\"https:\/\/diariodobrasilnoticias.com.br\/noticia\/tarifa-adicional-na-conta-de-energia-deve-se-manter-ate-o-final-do-ano-66e6b58fac0d5\">Source link <\/a><\/p>","protected":false},"excerpt":{"rendered":"<p>O clima mais seco e quente que vem sendo observado no Pa\u00eds, combinado com uma perspectiva negativa para a hidrologia, deve manter os pre\u00e7os da energia elevados e fazer as&hellip;<\/p>","protected":false},"author":1,"featured_media":37423,"comment_status":"closed","ping_status":"open","sticky":false,"template":"","format":"standard","meta":{"content-type":"","footnotes":""},"categories":[16],"tags":[123,2448,5313,1267],"class_list":["post-37422","post","type-post","status-publish","format-standard","has-post-thumbnail","hentry","category-noticias","tag-brasil","tag-diario","tag-noticia","tag-noticias"],"_links":{"self":[{"href":"https:\/\/tvbrazilusa.com\/pt\/wp-json\/wp\/v2\/posts\/37422","targetHints":{"allow":["GET"]}}],"collection":[{"href":"https:\/\/tvbrazilusa.com\/pt\/wp-json\/wp\/v2\/posts"}],"about":[{"href":"https:\/\/tvbrazilusa.com\/pt\/wp-json\/wp\/v2\/types\/post"}],"author":[{"embeddable":true,"href":"https:\/\/tvbrazilusa.com\/pt\/wp-json\/wp\/v2\/users\/1"}],"replies":[{"embeddable":true,"href":"https:\/\/tvbrazilusa.com\/pt\/wp-json\/wp\/v2\/comments?post=37422"}],"version-history":[{"count":1,"href":"https:\/\/tvbrazilusa.com\/pt\/wp-json\/wp\/v2\/posts\/37422\/revisions"}],"predecessor-version":[{"id":37424,"href":"https:\/\/tvbrazilusa.com\/pt\/wp-json\/wp\/v2\/posts\/37422\/revisions\/37424"}],"wp:featuredmedia":[{"embeddable":true,"href":"https:\/\/tvbrazilusa.com\/pt\/wp-json\/wp\/v2\/media\/37423"}],"wp:attachment":[{"href":"https:\/\/tvbrazilusa.com\/pt\/wp-json\/wp\/v2\/media?parent=37422"}],"wp:term":[{"taxonomy":"category","embeddable":true,"href":"https:\/\/tvbrazilusa.com\/pt\/wp-json\/wp\/v2\/categories?post=37422"},{"taxonomy":"post_tag","embeddable":true,"href":"https:\/\/tvbrazilusa.com\/pt\/wp-json\/wp\/v2\/tags?post=37422"}],"curies":[{"name":"wp","href":"https:\/\/api.w.org\/{rel}","templated":true}]}}