{"id":37425,"date":"2024-09-15T10:51:05","date_gmt":"2024-09-15T10:51:05","guid":{"rendered":"https:\/\/tvbrazilusa.com\/2024\/09\/15\/ministro-do-interior-venezuelano-diosdado-cabello-prende-sem-provas-um-grupo-de-estrangeiros-americanos-e-espanhois-a-acusacao-seria-de-conspiracao\/"},"modified":"2024-09-15T10:51:06","modified_gmt":"2024-09-15T10:51:06","slug":"ministro-do-interior-venezuelano-diosdado-cabello-prende-sem-provas-um-grupo-de-estrangeiros-americanos-e-espanhois-a-acusacao-seria-de-conspiracao","status":"publish","type":"post","link":"https:\/\/tvbrazilusa.com\/pt\/2024\/09\/15\/ministro-do-interior-venezuelano-diosdado-cabello-prende-sem-provas-um-grupo-de-estrangeiros-americanos-e-espanhois-a-acusacao-seria-de-conspiracao\/","title":{"rendered":"Ministro do Interior venezuelano, Diosdado Cabello, prende, sem provas, um grupo de estrangeiros americanos e espanh\u00f3is; a acusa\u00e7\u00e3o seria de conspira\u00e7\u00e3o"},"content":{"rendered":"<p> <script async src=\"https:\/\/pagead2.googlesyndication.com\/pagead\/js\/adsbygoogle.js?client=ca-pub-8864793242727901\"\r\n     crossorigin=\"anonymous\"><\/script><br \/>\n<\/p>\n<div id=\"taboola-read-more\" style=\"display:block; width:100%\">\n<p>O ministro do Interior da Venezuela, Diosdado Cabello, anunciou, neste s\u00e1bado (14\/9), a pris\u00e3o de tr\u00eas norte-americanos, dois espanh\u00f3is e um tcheco acusados de conspira\u00e7\u00e3o contra o pa\u00eds. A informa\u00e7\u00e3o foi divulgada por meio do canal de televis\u00e3o p\u00fablica da Venezuela.<\/p>\n<p>Cabello acusa o grupo de terem liga\u00e7\u00f5es com o Centro Nacional de Intelig\u00eancia (CNI), servi\u00e7o de intelig\u00eancia espanhol, e que supostamente teriam a inten\u00e7\u00e3o de comprar armas e cometer homic\u00eddios.<\/p>\n<p>\u201cDois cidad\u00e3os espanh\u00f3is foram presos em Puerto Ayacucho. Jos\u00e9 Mar\u00eda Basoa Valdovinos e Andr\u00e9s Mart\u00ednez Adasme, pr\u00f3ximos ao aeroporto de Puerto Ayacucho, em situa\u00e7\u00e3o irregular, tirando fotos. Encontramos links em seus telefones com uma mulher chamada Mar\u00eda Teresa Clavijo, de Aragua, l\u00edder do Vente Venezuela, ligada aos chamados comandos [grupos da oposi\u00e7\u00e3o liderados por Mar\u00eda Corina Machado]\u201d, disse o ministro do Interior.<\/p>\n<p>Sem apresentar provas, Diosdado Cabello acusou o grupo estranheiro de entrar no pa\u00eds com armas oriundas dos Estados Unidos. \u201cEntraram 400 fuzis vindos dos Estados Unidos e pistolas, ligados \u00e0 oposi\u00e7\u00e3o. \u00c9 apenas uma amostra do que foi recuperado, do que foi capturado em opera\u00e7\u00f5es de intelig\u00eancia. Tentaram entrar nele pela rota normal.\u201d<\/p>\n<p>As pris\u00f5es aconteceram depois que o candidato de oposi\u00e7\u00e3o \u00e0 Presid\u00eancia da Venezuela Edmundo Gonz\u00e1lez desembarcou na Espanha para pedir asilo, em decorr\u00eancia da crise pol\u00edtica e diplom\u00e1tica que vive o pa\u00eds da Am\u00e9rica do Sul.<\/p>\n<p>Gonz\u00e1lez contesta a vit\u00f3ria do presidente Nicol\u00e1s Maduro. A Justi\u00e7a da Venezuela chegou a emitir um mandado de pris\u00e3o contra o oposicionista.<\/p>\n<p><strong>Amea\u00e7as de mercen\u00e1rio<\/strong><\/p>\n<p>Na \u00faltima segunda-feira (9\/9), o empres\u00e1rio norte-americano Erik Prince, conhecido no mundo dos mercen\u00e1rios, fez uma nova amea\u00e7a contra o regime de Maduro e anunciou que uma a\u00e7\u00e3o deveria acontecer na Venezuela dentro de cinco dias, como mostrou o Metr\u00f3poles.<\/p>\n<p>\u201cFiquem atentos todos os amantes da liberdade da Venezuela. Mais a seguir\u201d, escreveu Erik Prince na legenda da publica\u00e7\u00e3o no X, com o link de uma p\u00e1gina da iniciativa. O Metr\u00f3poles teve acesso ao conte\u00fado por meio de fontes no exterior.<\/p>\n<p>Prince chegou a afirmar que a administra\u00e7\u00e3o de Joe Biden deveria aumentar a recompensa pela cabe\u00e7a do herdeiro pol\u00edtico de Hugo Ch\u00e1vez para US$ 100 milh\u00f5es, como formar de mostrar apoio a \u201cliberdade e elei\u00e7\u00f5es leg\u00edtimas\u201d no pa\u00eds da Am\u00e9rica Latina.<\/p>\n<p>Fonte: Metr\u00f3poles<\/p>\n<\/p><\/div>\n<p><br \/>\n<br \/><a href=\"https:\/\/diariodobrasilnoticias.com.br\/noticia\/ministro-do-interior-venezuelano-diosdado-cabello-prende-sem-provas-um-grupo-de-estrangeiros-americanos-e-espanhois-a-acusacao-seria-de-conspiracao-66e6b74288ef9\">Source link <\/a><\/p>","protected":false},"excerpt":{"rendered":"<p>O ministro do Interior da Venezuela, Diosdado Cabello, anunciou, neste s\u00e1bado (14\/9), a pris\u00e3o de tr\u00eas norte-americanos, dois espanh\u00f3is e um tcheco acusados de conspira\u00e7\u00e3o contra o pa\u00eds. A informa\u00e7\u00e3o&hellip;<\/p>","protected":false},"author":1,"featured_media":37426,"comment_status":"closed","ping_status":"open","sticky":false,"template":"","format":"standard","meta":{"content-type":"","footnotes":""},"categories":[16],"tags":[123,2448,5313,1267],"class_list":["post-37425","post","type-post","status-publish","format-standard","has-post-thumbnail","hentry","category-noticias","tag-brasil","tag-diario","tag-noticia","tag-noticias"],"_links":{"self":[{"href":"https:\/\/tvbrazilusa.com\/pt\/wp-json\/wp\/v2\/posts\/37425","targetHints":{"allow":["GET"]}}],"collection":[{"href":"https:\/\/tvbrazilusa.com\/pt\/wp-json\/wp\/v2\/posts"}],"about":[{"href":"https:\/\/tvbrazilusa.com\/pt\/wp-json\/wp\/v2\/types\/post"}],"author":[{"embeddable":true,"href":"https:\/\/tvbrazilusa.com\/pt\/wp-json\/wp\/v2\/users\/1"}],"replies":[{"embeddable":true,"href":"https:\/\/tvbrazilusa.com\/pt\/wp-json\/wp\/v2\/comments?post=37425"}],"version-history":[{"count":1,"href":"https:\/\/tvbrazilusa.com\/pt\/wp-json\/wp\/v2\/posts\/37425\/revisions"}],"predecessor-version":[{"id":37427,"href":"https:\/\/tvbrazilusa.com\/pt\/wp-json\/wp\/v2\/posts\/37425\/revisions\/37427"}],"wp:featuredmedia":[{"embeddable":true,"href":"https:\/\/tvbrazilusa.com\/pt\/wp-json\/wp\/v2\/media\/37426"}],"wp:attachment":[{"href":"https:\/\/tvbrazilusa.com\/pt\/wp-json\/wp\/v2\/media?parent=37425"}],"wp:term":[{"taxonomy":"category","embeddable":true,"href":"https:\/\/tvbrazilusa.com\/pt\/wp-json\/wp\/v2\/categories?post=37425"},{"taxonomy":"post_tag","embeddable":true,"href":"https:\/\/tvbrazilusa.com\/pt\/wp-json\/wp\/v2\/tags?post=37425"}],"curies":[{"name":"wp","href":"https:\/\/api.w.org\/{rel}","templated":true}]}}