{"id":37428,"date":"2024-09-15T11:05:35","date_gmt":"2024-09-15T11:05:35","guid":{"rendered":"https:\/\/tvbrazilusa.com\/2024\/09\/15\/plano-de-ataque-com-granada-estava-sendo-planejado-contra-a-embaixada-da-argentina-em-caracas-na-venezuela-segundo-o-ministro-do-interior-e-justica-venezuelano\/"},"modified":"2024-09-15T11:05:37","modified_gmt":"2024-09-15T11:05:37","slug":"plano-de-ataque-com-granada-estava-sendo-planejado-contra-a-embaixada-da-argentina-em-caracas-na-venezuela-segundo-o-ministro-do-interior-e-justica-venezuelano","status":"publish","type":"post","link":"https:\/\/tvbrazilusa.com\/pt\/2024\/09\/15\/plano-de-ataque-com-granada-estava-sendo-planejado-contra-a-embaixada-da-argentina-em-caracas-na-venezuela-segundo-o-ministro-do-interior-e-justica-venezuelano\/","title":{"rendered":"Plano de ataque com granada estava sendo planejado contra a embaixada da Argentina em Caracas, na Venezuela, segundo o ministro do Interior e Justi\u00e7a venezuelano"},"content":{"rendered":"<p> <script async src=\"https:\/\/pagead2.googlesyndication.com\/pagead\/js\/adsbygoogle.js?client=ca-pub-8864793242727901\"\r\n     crossorigin=\"anonymous\"><\/script><br \/>\n<\/p>\n<div id=\"taboola-read-more\" style=\"display:block; width:100%\">\n<p>O ministro do Interior e Justi\u00e7a da Venezuela, Diosdado Cabello, disse neste s\u00e1bado (14) que o governo prendeu pessoas que planejavam um ataque com granadas contra a embaixada da Argentina em Caracas, atualmente custodiada pelo Brasil, e onde est\u00e3o asilados seis opositores venezuelanos.<\/p>\n<p>\u201cH\u00e1 alguns dias capturamos algumas pessoas que, por acaso, dizemos por acaso mas \u00e9 por um trabalho de intelig\u00eancia, falavam de lan\u00e7ar umas granadas e explosivos na embaixada argentina\u201d, disse Cabello em uma coletiva na qual anunciou a apreens\u00e3o de armas de alto calibre que, segundo ele, seriam utilizados para outros atentados no pa\u00eds.<\/p>\n<p>O ministro venezuelano indicou que o objetivo do ataque \u00e0 embaixada argentina seria culpar o governo de Nicol\u00e1s Maduro. \u201cIsso virava o jogo perfeitamente para o fato de que se a embaixada argentina, onde est\u00e3o uns senhores e senhoras da oposi\u00e7\u00e3o fosse atacada, culpariam imediatamente o governo da Venezuela\u201d, expressou.<\/p>\n<p>Seis opositores que integram a equipe da ex-deputada Mar\u00eda Corina Machado est\u00e3o asilados na embaixada argentina desde mar\u00e7o, quando um mandato de pris\u00e3o foi emitido pelo Minist\u00e9rio P\u00fablico contra eles, assim como aconteceu com o ex-candidato \u00e0 presid\u00eancia Edmundo Gonz\u00e1lez.<\/p>\n<p>Cabello os qualificou como \u201cterroristas delinquentes da oposi\u00e7\u00e3o\u201d, que est\u00e3o na embaixada \u201cna qualidade de refugiados\u201d. Em seu pronunciamento, o ministro venezuelano mostrou foto de tr\u00eas homens que estariam presos pelo suposto planejamento do ataque.<\/p>\n<p>A embaixada da Argentina em Caracas \u00e9 custodiada e representada pelo Brasil desde o in\u00edcio de agosto, desde que o corpo diplom\u00e1tico do governo de Javier Milei foi expulso do pa\u00eds por questionar a atribui\u00e7\u00e3o da vit\u00f3ria das elei\u00e7\u00f5es presidenciais de 28 de julho a Maduro por mais de 51%. A oposi\u00e7\u00e3o afirma ter vencido o pleito com 67% dos votos.<\/p>\n<p>H\u00e1 uma semana, policiais e agentes de intelig\u00eancia do governo cercaram a sede diplom\u00e1tica. Al\u00e9m do cerco, os asilados tamb\u00e9m denunciaram que a eletricidade do local foi cortada. Paralelamente, interlocutores do governo brasileiro eram notificados extra-oficialmente pela Venezuela que deixariam de ter autoriza\u00e7\u00e3o para custodiar a representa\u00e7\u00e3o argentina.<\/p>\n<p>Em resposta, o Brasil manifestou a necessidade de designa\u00e7\u00e3o de outro pa\u00eds para assumir a representa\u00e7\u00e3o argentina na Venezuela e que esta responsabilidade somente ser\u00e1 passada adiante quando essa substitui\u00e7\u00e3o for oficializada.<\/p>\n<p>Posteriormente, o governo chavista afirmou ter \u201cprovas\u201d de que a sede diplom\u00e1tica argentina est\u00e1 sendo utilizada para o planejamento de \u201catividades terroristas\u201d e de \u201ctentativas de assassinato\u201d de Maduro e da vice-presidente venezuelana Delcy Rodr\u00edguez pelos asilados.<\/p>\n<p>A CNN apurou que, por pelo menos um dia, agentes de Maduro impediram que os opositores recebessem alimentos na embaixada, permitindo somente a entrada de \u00e1gua. A situa\u00e7\u00e3o s\u00f3 foi resolvida depois que interlocutores do governo brasileiro dialogaram com integrantes da administra\u00e7\u00e3o venezuelana para a entrada de mantimentos.<\/p>\n<p>Um dos principais l\u00edderes do chavismo, Cabello mencionou a apreens\u00e3o dos suspeitos do suposto ataque \u00e0 embaixada ao anunciar, neste s\u00e1bado, a apreens\u00e3o de mais de 400 fuzis e outras armas de alto calibre supostamente traficadas dos Estados Unidos para a Venezuela, que foram camufladas no interior de cont\u00eaineres de ra\u00e7\u00e3o para cachorro para promover atentados terroristas de setores opositores no pa\u00eds.<\/p>\n<p>Fonte: CNN<\/p>\n<\/p><\/div>\n<p><br \/>\n<br \/><a href=\"https:\/\/diariodobrasilnoticias.com.br\/noticia\/plano-de-ataque-com-granada-estava-sendo-planejado-contra-a-embaixada-da-argentina-em-caracas-na-venezuela-segundo-o-ministro-do-interior-e-justica-venezuelano-66e6ad1e143f9\">Source link <\/a><\/p>","protected":false},"excerpt":{"rendered":"<p>O ministro do Interior e Justi\u00e7a da Venezuela, Diosdado Cabello, disse neste s\u00e1bado (14) que o governo prendeu pessoas que planejavam um ataque com granadas contra a embaixada da Argentina&hellip;<\/p>","protected":false},"author":1,"featured_media":37429,"comment_status":"closed","ping_status":"open","sticky":false,"template":"","format":"standard","meta":{"content-type":"","footnotes":""},"categories":[16],"tags":[123,2448,5313,1267],"class_list":["post-37428","post","type-post","status-publish","format-standard","has-post-thumbnail","hentry","category-noticias","tag-brasil","tag-diario","tag-noticia","tag-noticias"],"_links":{"self":[{"href":"https:\/\/tvbrazilusa.com\/pt\/wp-json\/wp\/v2\/posts\/37428","targetHints":{"allow":["GET"]}}],"collection":[{"href":"https:\/\/tvbrazilusa.com\/pt\/wp-json\/wp\/v2\/posts"}],"about":[{"href":"https:\/\/tvbrazilusa.com\/pt\/wp-json\/wp\/v2\/types\/post"}],"author":[{"embeddable":true,"href":"https:\/\/tvbrazilusa.com\/pt\/wp-json\/wp\/v2\/users\/1"}],"replies":[{"embeddable":true,"href":"https:\/\/tvbrazilusa.com\/pt\/wp-json\/wp\/v2\/comments?post=37428"}],"version-history":[{"count":1,"href":"https:\/\/tvbrazilusa.com\/pt\/wp-json\/wp\/v2\/posts\/37428\/revisions"}],"predecessor-version":[{"id":37430,"href":"https:\/\/tvbrazilusa.com\/pt\/wp-json\/wp\/v2\/posts\/37428\/revisions\/37430"}],"wp:featuredmedia":[{"embeddable":true,"href":"https:\/\/tvbrazilusa.com\/pt\/wp-json\/wp\/v2\/media\/37429"}],"wp:attachment":[{"href":"https:\/\/tvbrazilusa.com\/pt\/wp-json\/wp\/v2\/media?parent=37428"}],"wp:term":[{"taxonomy":"category","embeddable":true,"href":"https:\/\/tvbrazilusa.com\/pt\/wp-json\/wp\/v2\/categories?post=37428"},{"taxonomy":"post_tag","embeddable":true,"href":"https:\/\/tvbrazilusa.com\/pt\/wp-json\/wp\/v2\/tags?post=37428"}],"curies":[{"name":"wp","href":"https:\/\/api.w.org\/{rel}","templated":true}]}}