{"id":37448,"date":"2024-09-15T12:26:27","date_gmt":"2024-09-15T12:26:27","guid":{"rendered":"https:\/\/tvbrazilusa.com\/2024\/09\/15\/candidatos-de-cidades-mais-afetadas-por-incendios-nao-possuem-acoes-contra-queimadas-em-seus-planos-de-governo\/"},"modified":"2024-09-15T12:26:28","modified_gmt":"2024-09-15T12:26:28","slug":"candidatos-de-cidades-mais-afetadas-por-incendios-nao-possuem-acoes-contra-queimadas-em-seus-planos-de-governo","status":"publish","type":"post","link":"https:\/\/tvbrazilusa.com\/pt\/2024\/09\/15\/candidatos-de-cidades-mais-afetadas-por-incendios-nao-possuem-acoes-contra-queimadas-em-seus-planos-de-governo\/","title":{"rendered":"Candidatos de cidades mais afetadas por inc\u00eandios n\u00e3o possuem a\u00e7\u00f5es contra queimadas em seus planos de governo"},"content":{"rendered":"<p> <script async src=\"https:\/\/pagead2.googlesyndication.com\/pagead\/js\/adsbygoogle.js?client=ca-pub-8864793242727901\"\r\n     crossorigin=\"anonymous\"><\/script><br \/>\n<\/p>\n<div id=\"taboola-read-more\" style=\"display:block; width:100%\">\n<p>Em meio \u00e0 alta nos inc\u00eandios florestais que se espalham pelo pa\u00eds, grande parte dos candidatos das 10 cidades que mais concentram focos de calor n\u00e3o incluem, em seus respectivos planos de governo, propostas para combater as queimadas.<\/p>\n<p>As cidades mais afetadas pelas queimadas s\u00e3o Corumb\u00e1 (MS), S\u00e3o F\u00e9lix do Xingu (PA), Altamira (PA), Novo Progresso (PA), Apu\u00ed (AM), L\u00e1brea (AM), Itaituba (PA), Porto Velho (RO), Colniza (MT) e Novo Aripuan\u00e3 (AM).<\/p>\n<p>Levantamento do Metr\u00f3poles, feito com base em dados do Instituto Nacional de Pesquisas Espaciais (Inpe) e do Tribunal Superior Eleitoral (TSE), aponta que 19 dos 42 candidatos apresentam proposi\u00e7\u00f5es robustas para a \u00e1rea de meio ambiente, e apenas oito citam queimadas.<\/p>\n<p>A reportagem analisou os planos de governo apresentados pelos candidatos \u00e0 Justi\u00e7a Eleitoral e os agrupou nos seguintes cen\u00e1rios: com proposta espec\u00edfica para o meio ambiente; com proposta gen\u00e9rica (que cita o tema, mas n\u00e3o detalha as a\u00e7\u00f5es a serem adotadas); e sem proposta. Al\u00e9m disso, o Metr\u00f3poles verificou quais documentos mencionam a quest\u00e3o das queimadas.<\/p>\n<p>Nesse sentido, 19 candidatos elencam propostas para a \u00e1rea ambiental. Desse total, cinco trazem sugest\u00f5es para combater os inc\u00eandios florestais. Outros 16 apresentam propostas gen\u00e9ricas \u2014 tr\u00eas citam queimadas. Por fim, sete n\u00e3o mencionam projetos para o meio ambiente nas cidades onde concorrem.<\/p>\n<p><strong>Focos de calor no Brasil<\/strong><\/p>\n<p>Dados do sistema de monitoramento do Inpe demonstram que, de 1\u00ba de janeiro a 12 de setembro de 2024, foram detectados 176.317 focos de calor. O n\u00famero representa um aumento de 110% em compara\u00e7\u00e3o com o mesmo per\u00edodo do ano passado.<\/p>\n<p>A regi\u00e3o Amaz\u00f4nica concentra grande parte dos focos de calor (49%), seguida pelo Cerrado (32,5%), pela Mata Atl\u00e2ntica (8,8%), pelo Pantanal (6%) e pela Caatinga (2,6%).<\/p>\n<p>O Pantanal, presente em Mato Grosso e Mato Grosso do Sul, registrou alta de 1.913% em focos de calor neste ano. A situa\u00e7\u00e3o na regi\u00e3o se agravou em decorr\u00eancia da forte seca que abrange o pa\u00eds.<\/p>\n<p>Dados do Instituto Nacional de Meteorologia (Inmet) apontam que Pantanal, parte do Cerrado, Mata Atl\u00e2ntica e Amaz\u00f4nia sofrem com uma onda de calor, com temperaturas de 5\u00b0C acima do normal para o per\u00edodo.<\/p>\n<p><strong>Fogo nas elei\u00e7\u00f5es<\/strong><\/p>\n<p>O munic\u00edpio com maior \u00edndice de inc\u00eandios \u00e9 S\u00e3o F\u00e9lix do Xingu, com 5.651 focos neste ano. O atual prefeito e candidato a reelei\u00e7\u00e3o, Cl\u00e9ber de Souza (MDB), \u00e9 investigado por divulgar informa\u00e7\u00f5es falsas e dificultar a retirada de invasores da terra ind\u00edgena Apyterewa, no sudeste do Par\u00e1.<\/p>\n<p>Entre os candidatos \u00e0 prefeitura de S\u00e3o F\u00e9lix do Xingu, todos possuem propostas ligadas ao meio ambiente. Os planos incluem campanhas para conscientiza\u00e7\u00e3o a respeito da preserva\u00e7\u00e3o ambiental ou para arboriza\u00e7\u00e3o do munic\u00edpio, que sofre com as queimadas.<\/p>\n<p>Corumb\u00e1, no Mato Grosso do Sul, conhecida como capital do Pantanal, sofreu com os inc\u00eandios florestais neste ano. A nuvem de fuma\u00e7a proveniente dessa \u00e1rea se dissipou para munic\u00edpios pr\u00f3ximos. Segundo o Inpe, a cidade pantaneira registrou 4.713 focos de calor.<\/p>\n<p>A cidade sul-mato-grossense conta com quatro candidatos \u00e0 prefeitura. Apenas um deles, Luiz Antonio Pardal (PP), apresenta proposta para \u00e1rea ambiental que cita a situa\u00e7\u00e3o do fogo no bioma.<\/p>\n<p>O munic\u00edpio de Altamira, situado no sul do Par\u00e1, \u00e9 o terceiro com maior n\u00famero de focos de inc\u00eandios florestais neste ano. Concorrem \u00e0 prefeitura local seis candidatos, dos quais cinco t\u00eam planos de governo dispon\u00edveis na p\u00e1gina do TSE. Em todos, constam propostas para o meio ambiente, mas n\u00e3o h\u00e1 men\u00e7\u00e3o direta \u00e0s queimadas.<\/p>\n<p>O primeiro turno das elei\u00e7\u00f5es municipais est\u00e1 marcado para 6 de outubro. Caso necess\u00e1rio, o segundo turno deve ocorrer no dia 27 do mesmo m\u00eas.<\/p>\n<p>Fonte: Metr\u00f3poles<\/p>\n<\/p><\/div>\n<p><br \/>\n<br \/><a href=\"https:\/\/diariodobrasilnoticias.com.br\/noticia\/candidatos-de-cidades-mais-afetadas-por-incendios-nao-possuem-acoes-contra-queimadas-em-seus-planos-de-governo-66e6cfa17cf1c\">Source link <\/a><\/p>","protected":false},"excerpt":{"rendered":"<p>Em meio \u00e0 alta nos inc\u00eandios florestais que se espalham pelo pa\u00eds, grande parte dos candidatos das 10 cidades que mais concentram focos de calor n\u00e3o incluem, em seus respectivos&hellip;<\/p>","protected":false},"author":1,"featured_media":37449,"comment_status":"closed","ping_status":"open","sticky":false,"template":"","format":"standard","meta":{"content-type":"","footnotes":""},"categories":[16],"tags":[123,2448,5313,1267],"class_list":["post-37448","post","type-post","status-publish","format-standard","has-post-thumbnail","hentry","category-noticias","tag-brasil","tag-diario","tag-noticia","tag-noticias"],"_links":{"self":[{"href":"https:\/\/tvbrazilusa.com\/pt\/wp-json\/wp\/v2\/posts\/37448","targetHints":{"allow":["GET"]}}],"collection":[{"href":"https:\/\/tvbrazilusa.com\/pt\/wp-json\/wp\/v2\/posts"}],"about":[{"href":"https:\/\/tvbrazilusa.com\/pt\/wp-json\/wp\/v2\/types\/post"}],"author":[{"embeddable":true,"href":"https:\/\/tvbrazilusa.com\/pt\/wp-json\/wp\/v2\/users\/1"}],"replies":[{"embeddable":true,"href":"https:\/\/tvbrazilusa.com\/pt\/wp-json\/wp\/v2\/comments?post=37448"}],"version-history":[{"count":1,"href":"https:\/\/tvbrazilusa.com\/pt\/wp-json\/wp\/v2\/posts\/37448\/revisions"}],"predecessor-version":[{"id":37450,"href":"https:\/\/tvbrazilusa.com\/pt\/wp-json\/wp\/v2\/posts\/37448\/revisions\/37450"}],"wp:featuredmedia":[{"embeddable":true,"href":"https:\/\/tvbrazilusa.com\/pt\/wp-json\/wp\/v2\/media\/37449"}],"wp:attachment":[{"href":"https:\/\/tvbrazilusa.com\/pt\/wp-json\/wp\/v2\/media?parent=37448"}],"wp:term":[{"taxonomy":"category","embeddable":true,"href":"https:\/\/tvbrazilusa.com\/pt\/wp-json\/wp\/v2\/categories?post=37448"},{"taxonomy":"post_tag","embeddable":true,"href":"https:\/\/tvbrazilusa.com\/pt\/wp-json\/wp\/v2\/tags?post=37448"}],"curies":[{"name":"wp","href":"https:\/\/api.w.org\/{rel}","templated":true}]}}