{"id":37474,"date":"2024-09-15T13:45:37","date_gmt":"2024-09-15T13:45:37","guid":{"rendered":"https:\/\/tvbrazilusa.com\/2024\/09\/15\/estados-unidos-e-espanha-negam-operacao-para-gerar-instabilidade-politica-na-venezuela\/"},"modified":"2024-09-15T13:45:39","modified_gmt":"2024-09-15T13:45:39","slug":"estados-unidos-e-espanha-negam-operacao-para-gerar-instabilidade-politica-na-venezuela","status":"publish","type":"post","link":"https:\/\/tvbrazilusa.com\/pt\/2024\/09\/15\/estados-unidos-e-espanha-negam-operacao-para-gerar-instabilidade-politica-na-venezuela\/","title":{"rendered":"Estados Unidos e Espanha negam opera\u00e7\u00e3o para gerar instabilidade pol\u00edtica na Venezuela"},"content":{"rendered":"<p> <script async src=\"https:\/\/pagead2.googlesyndication.com\/pagead\/js\/adsbygoogle.js?client=ca-pub-8864793242727901\"\r\n     crossorigin=\"anonymous\"><\/script><br \/>\n<\/p>\n<div id=\"taboola-read-more\" style=\"display:block; width:100%\">\n<p>Oficiais dos Estados Unidos e da Espanha negaram a acusa\u00e7\u00e3o de compl\u00f4 feita pelo governo venezuelano para \u201cdesestabilizar&#8221; e \u201cgerar a\u00e7\u00f5es violentas\u201d no pa\u00eds.<\/p>\n<p>Um porta-voz do Departamento de Estado americano classificou como &#8220;categoricamente falsas&#8221; as acusa\u00e7\u00f5es de que os EUA estariam envolvidos em um compl\u00f4 para desestabilizar o governo Maduro.<\/p>\n<p>O funcion\u00e1rio confirmou que um militar americano foi detido e citou &#8220;relat\u00f3rios n\u00e3o confirmados de outros dois cidad\u00e3os americanos detidos na Venezuela&#8221;, de acordo com a ag\u00eancia Reuters.<\/p>\n<p>&#8220;A Espanha nega e rejeita absolutamente qualquer insinua\u00e7\u00e3o de estar implicada em uma opera\u00e7\u00e3o de desestabiliza\u00e7\u00e3o pol\u00edtica na Venezuela&#8221;, disse uma fonte do Minist\u00e9rio das Rela\u00e7\u00f5es Exteriores espanhol.<\/p>\n<p>&#8220;O governo confirmou que os (dois cidad\u00e3os espanh\u00f3is) detidos n\u00e3o fazem parte do Centro de Intelig\u00eancia Nacional ou de qualquer organiza\u00e7\u00e3o estatal. A Espanha defende uma solu\u00e7\u00e3o democr\u00e1tica e pac\u00edfica para a situa\u00e7\u00e3o na Venezuela&#8221;.<\/p>\n<p>Segundo Diosdado Cabello, ministro do Interior venezuelano, foram presos dois cidad\u00e3os espanh\u00f3is (Jos\u00e9 Mar\u00eda Basua e Andr\u00e9s Mart\u00ednez Adasme), um cidad\u00e3o tcheco e tr\u00eas americanos identificados como Wilbert Josep Casta\u00f1eda, um &#8220;militar da ativa&#8221; e &#8220;chefe&#8221; da opera\u00e7\u00e3o, Estrella David e Aaron Barren Logan.<\/p>\n<p>O ministro venezuelano afirmou ainda que foram apreendidos 400 fuzis dos Estados Unidos.<\/p>\n<p>Ele tamb\u00e9m mencionou um suposto plano para atentar contra o presidente Nicol\u00e1s Maduro e autoridades do Executivo, ap\u00f3s as elei\u00e7\u00f5es de 28 de julho, nas quais foi proclamada a reelei\u00e7\u00e3o do presidente em meio a den\u00fancias de fraude pela oposi\u00e7\u00e3o.<\/p>\n<p>As pris\u00f5es provavelmente aprofundar\u00e3o as rela\u00e7\u00f5es j\u00e1 tensas da Venezuela com a Espanha e os Estados Unidos ap\u00f3s a disputada elei\u00e7\u00e3o presidencial em julho.<\/p>\n<p>Cabello vinculou os supostos planos para &#8220;atacar&#8221; a Venezuela a centros de intelig\u00eancia da Espanha, dos Estados Unidos e \u00e0 l\u00edder opositora Mar\u00eda Corina Machado, al\u00e9m de outros dirigentes.<\/p>\n<p>Nesta semana, a Venezuela chamou sua embaixadora em Madri para consultas e convocou o embaixador espanhol em Caracas para protestar contra os questionamentos \u00e0 reelei\u00e7\u00e3o de Maduro.<\/p>\n<p>As rela\u00e7\u00f5es com o pa\u00eds europeu tamb\u00e9m se complicaram pela decis\u00e3o do chefe do governo espanhol, Pedro S\u00e1nchez, de se reunir em La Moncloa com o opositor venezuelano Edmundo Gonz\u00e1lez Urrutia, que \u00e9 procurado pela justi\u00e7a de seu pa\u00eds e viajou \u00e0 Espanha para solicitar asilo.<\/p>\n<p>Cabello vinculou os supostos planos para &#8220;atacar&#8221; a Venezuela a centros de intelig\u00eancia da Espanha, dos Estados Unidos e \u00e0 l\u00edder opositora Mar\u00eda Corina Machado, al\u00e9m de outros dirigentes.<\/p>\n<p>Fonte: G1<\/p>\n<\/p><\/div>\n<p><br \/>\n<br \/><a href=\"https:\/\/diariodobrasilnoticias.com.br\/noticia\/estados-unidos-e-espanha-negam-operacao-para-gerar-instabilidade-politica-na-venezuela-66e6e1b1830d5\">Source link <\/a><\/p>","protected":false},"excerpt":{"rendered":"<p>Oficiais dos Estados Unidos e da Espanha negaram a acusa\u00e7\u00e3o de compl\u00f4 feita pelo governo venezuelano para \u201cdesestabilizar&#8221; e \u201cgerar a\u00e7\u00f5es violentas\u201d no pa\u00eds. Um porta-voz do Departamento de Estado&hellip;<\/p>","protected":false},"author":1,"featured_media":37475,"comment_status":"closed","ping_status":"open","sticky":false,"template":"","format":"standard","meta":{"content-type":"","footnotes":""},"categories":[16],"tags":[123,2448,5313,1267],"class_list":["post-37474","post","type-post","status-publish","format-standard","has-post-thumbnail","hentry","category-noticias","tag-brasil","tag-diario","tag-noticia","tag-noticias"],"_links":{"self":[{"href":"https:\/\/tvbrazilusa.com\/pt\/wp-json\/wp\/v2\/posts\/37474","targetHints":{"allow":["GET"]}}],"collection":[{"href":"https:\/\/tvbrazilusa.com\/pt\/wp-json\/wp\/v2\/posts"}],"about":[{"href":"https:\/\/tvbrazilusa.com\/pt\/wp-json\/wp\/v2\/types\/post"}],"author":[{"embeddable":true,"href":"https:\/\/tvbrazilusa.com\/pt\/wp-json\/wp\/v2\/users\/1"}],"replies":[{"embeddable":true,"href":"https:\/\/tvbrazilusa.com\/pt\/wp-json\/wp\/v2\/comments?post=37474"}],"version-history":[{"count":1,"href":"https:\/\/tvbrazilusa.com\/pt\/wp-json\/wp\/v2\/posts\/37474\/revisions"}],"predecessor-version":[{"id":37476,"href":"https:\/\/tvbrazilusa.com\/pt\/wp-json\/wp\/v2\/posts\/37474\/revisions\/37476"}],"wp:featuredmedia":[{"embeddable":true,"href":"https:\/\/tvbrazilusa.com\/pt\/wp-json\/wp\/v2\/media\/37475"}],"wp:attachment":[{"href":"https:\/\/tvbrazilusa.com\/pt\/wp-json\/wp\/v2\/media?parent=37474"}],"wp:term":[{"taxonomy":"category","embeddable":true,"href":"https:\/\/tvbrazilusa.com\/pt\/wp-json\/wp\/v2\/categories?post=37474"},{"taxonomy":"post_tag","embeddable":true,"href":"https:\/\/tvbrazilusa.com\/pt\/wp-json\/wp\/v2\/tags?post=37474"}],"curies":[{"name":"wp","href":"https:\/\/api.w.org\/{rel}","templated":true}]}}