{"id":37488,"date":"2024-09-15T14:26:09","date_gmt":"2024-09-15T14:26:09","guid":{"rendered":"https:\/\/tvbrazilusa.com\/2024\/09\/15\/queimadas-segundo-a-metsul-os-niveis-de-monoxido-de-carbono-estao-altissimos-a-inalacao-do-gas-pode-comprometer-a-saude-da-populacao\/"},"modified":"2024-09-15T14:26:10","modified_gmt":"2024-09-15T14:26:10","slug":"queimadas-segundo-a-metsul-os-niveis-de-monoxido-de-carbono-estao-altissimos-a-inalacao-do-gas-pode-comprometer-a-saude-da-populacao","status":"publish","type":"post","link":"https:\/\/tvbrazilusa.com\/pt\/2024\/09\/15\/queimadas-segundo-a-metsul-os-niveis-de-monoxido-de-carbono-estao-altissimos-a-inalacao-do-gas-pode-comprometer-a-saude-da-populacao\/","title":{"rendered":"Queimadas: segundo a MetSul, os n\u00edveis de mon\u00f3xido de carbono est\u00e3o &#8216;alt\u00edssimos&#8217;; a inala\u00e7\u00e3o do g\u00e1s pode comprometer a sa\u00fade da popula\u00e7\u00e3o"},"content":{"rendered":"<p> <script async src=\"https:\/\/pagead2.googlesyndication.com\/pagead\/js\/adsbygoogle.js?client=ca-pub-8864793242727901\"\r\n     crossorigin=\"anonymous\"><\/script><br \/>\n<\/p>\n<div id=\"taboola-read-more\" style=\"display:block; width:100%\">\n<p>A onda de fogo que atinge o Brasil e outros pa\u00edses da Am\u00e9rica do Sul fez com que a concentra\u00e7\u00e3o de mon\u00f3xido de carbono (CO) na atmosfera atingisse &#8220;n\u00edveis alt\u00edssimos&#8221; em parte do territ\u00f3rio brasileiro, segundo a MetSul meteorologia. A inala\u00e7\u00e3o deste g\u00e1s &#8220;incolor, inodoro e at\u00e9 fatal em ambientes fechados&#8221; \u2014 que cobre principalmente S\u00e3o Paulo e as regi\u00e3o amaz\u00f4nica e Centro-Oeste do pa\u00eds \u2014 dificulta o transporte de oxig\u00eanio no corpo humano e compromete o dia a dia da popula\u00e7\u00e3o.<\/p>\n<p>&#8220;O comprometimento do transporte de oxig\u00eanio para os tecidos e \u00f3rg\u00e3os pode causar uma variedade de sintomas, desde manifesta\u00e7\u00f5es leves, como tontura, confus\u00e3o mental e dificuldade de concentra\u00e7\u00e3o, at\u00e9 efeitos graves, como dificuldade respirat\u00f3ria e arritmias card\u00edacas, especialmente em casos de exposi\u00e7\u00e3o a concentra\u00e7\u00f5es elevadas&#8221;, explica Lucas Ferrante, doutor em biologia e pesquisador da Universidade de S\u00e3o Paulo (USP) e da Universidade Federal do Amazonas (Ufam).<\/p>\n<p>Ferrante destaca que a Amaz\u00f4nia ocidental \u00e9 uma &#8220;importante exportadora de vapor d&#8217;\u00e1gua para o sul e sudeste do Brasil, al\u00e9m de pa\u00edses como Argentina e Paraguai&#8221;. Por\u00e9m, diante das condi\u00e7\u00f5es clim\u00e1ticas, a regi\u00e3o transformou-se em um &#8220;grande exportador de um rio voador de fuma\u00e7a e mon\u00f3xido de carbono&#8221;.<\/p>\n<p><strong>Inc\u00eandios s\u00e3o fontes de polui\u00e7\u00e3o<\/strong><\/p>\n<p>A MetSul ressalta que inc\u00eandios em vegeta\u00e7\u00e3o s\u00e3o uma &#8220;fonte importante de polui\u00e7\u00e3o por mon\u00f3xido de carbono&#8221; e que o g\u00e1s \u00e9 &#8220;espalhado pelos ventos e padr\u00f5es de circula\u00e7\u00e3o por toda a baixa atmosfera&#8221;.<\/p>\n<p>&#8220;O mon\u00f3xido de carbono \u00e9 um g\u00e1s tra\u00e7o na atmosfera e n\u00e3o tem efeito direto na temperatura global, como o metano e o di\u00f3xido de carbono. No entanto, o mon\u00f3xido de carbono desempenha um papel importante na qu\u00edmica atmosf\u00e9rica e afeta a capacidade da atmosfera de se limpar de muitos outros gases poluentes. Em combina\u00e7\u00e3o com outros poluentes e luz solar, ele tamb\u00e9m participa da forma\u00e7\u00e3o de oz\u00f4nio atmosf\u00e9rico inferior (\u201cruim\u201d) e da polui\u00e7\u00e3o urbana&#8221;, apontou o instituto de meteorologia na quinta-feira.<\/p>\n<p>Em meio ao cen\u00e1rio de seca extrema e queimadas no Norte do pa\u00eds, dados do Copernicus, o programa de observa\u00e7\u00e3o da Terra da Uni\u00e3o Europeia, indicam que o Sudoeste da Amaz\u00f4nia foi a regi\u00e3o que mais emitiu gases de efeito estufa no planeta no in\u00edcio desta semana, segundo Ferrante. A conclus\u00e3o \u00e9 baseada no volume de aeross\u00f3is e de mon\u00f3xido de carbono captado nessa \u00e1rea de emiss\u00e3o. Esses gases s\u00e3o associados aos que causam o efeito estufa na atmosfera, como o di\u00f3xido de carbono, que tamb\u00e9m \u00e9 liberado nos inc\u00eandios.<\/p>\n<p>&#8220;A regi\u00e3o se tornou a maior emissora de gases de efeito estufa devido ao avan\u00e7o do desmatamento e \u00e0s queimadas&#8221;, alerta Ferrante, que pesquisa os efeitos da a\u00e7\u00e3o humana sobre a Amaz\u00f4nia h\u00e1 mais de uma d\u00e9cada.<\/p>\n<p><strong>Alta de queimadas<\/strong><\/p>\n<p>A partir da seca, o Brasil vem sofrendo com a alta de queimadas, que leva consequ\u00eancias \u00e0s cidades do Norte e do Sul. Isso tamb\u00e9m contribui para o aumento das temperaturas. Al\u00e9m dos munic\u00edpios do Norte estarem sofrendo com as queimadas da pr\u00f3pria Amaz\u00f4nia, os estados do Sul e do Sudeste recebem a fuma\u00e7a, j\u00e1 que um corredor de vento se desloca do Norte ao Sul do pa\u00eds, no momento.<\/p>\n<p>No final de semana passado, foram registrados 7028 focos de calor no pa\u00eds, de acordo com dados do Programa Queimadas do Instituto Nacional de Pesquisas Espaciais (INPE). Em julho e agosto, o n\u00famero bateu recorde em diversos locais, inclusive na Amaz\u00f4nia, onde o n\u00edvel de chuva est\u00e1 abaixo do normal, afetando as bacias hidrogr\u00e1ficas e tornando a vegeta\u00e7\u00e3o mais suscet\u00edvel ao fogo.<\/p>\n<p>Fonte: Exame<\/p>\n<\/div>\n<p><br \/>\n<br \/><a href=\"https:\/\/diariodobrasilnoticias.com.br\/noticia\/queimadas-segundo-a-metsul-os-niveis-de-monoxido-de-carbono-estao-altissimos-a-inalacao-do-gas-pode-comprometer-a-saude-da-populacao-66e6e780f0e71\">Source link <\/a><\/p>","protected":false},"excerpt":{"rendered":"<p>A onda de fogo que atinge o Brasil e outros pa\u00edses da Am\u00e9rica do Sul fez com que a concentra\u00e7\u00e3o de mon\u00f3xido de carbono (CO) na atmosfera atingisse &#8220;n\u00edveis alt\u00edssimos&#8221;&hellip;<\/p>","protected":false},"author":1,"featured_media":37489,"comment_status":"closed","ping_status":"open","sticky":false,"template":"","format":"standard","meta":{"content-type":"","footnotes":""},"categories":[16],"tags":[123,2448,5313,1267],"class_list":["post-37488","post","type-post","status-publish","format-standard","has-post-thumbnail","hentry","category-noticias","tag-brasil","tag-diario","tag-noticia","tag-noticias"],"_links":{"self":[{"href":"https:\/\/tvbrazilusa.com\/pt\/wp-json\/wp\/v2\/posts\/37488","targetHints":{"allow":["GET"]}}],"collection":[{"href":"https:\/\/tvbrazilusa.com\/pt\/wp-json\/wp\/v2\/posts"}],"about":[{"href":"https:\/\/tvbrazilusa.com\/pt\/wp-json\/wp\/v2\/types\/post"}],"author":[{"embeddable":true,"href":"https:\/\/tvbrazilusa.com\/pt\/wp-json\/wp\/v2\/users\/1"}],"replies":[{"embeddable":true,"href":"https:\/\/tvbrazilusa.com\/pt\/wp-json\/wp\/v2\/comments?post=37488"}],"version-history":[{"count":1,"href":"https:\/\/tvbrazilusa.com\/pt\/wp-json\/wp\/v2\/posts\/37488\/revisions"}],"predecessor-version":[{"id":37490,"href":"https:\/\/tvbrazilusa.com\/pt\/wp-json\/wp\/v2\/posts\/37488\/revisions\/37490"}],"wp:featuredmedia":[{"embeddable":true,"href":"https:\/\/tvbrazilusa.com\/pt\/wp-json\/wp\/v2\/media\/37489"}],"wp:attachment":[{"href":"https:\/\/tvbrazilusa.com\/pt\/wp-json\/wp\/v2\/media?parent=37488"}],"wp:term":[{"taxonomy":"category","embeddable":true,"href":"https:\/\/tvbrazilusa.com\/pt\/wp-json\/wp\/v2\/categories?post=37488"},{"taxonomy":"post_tag","embeddable":true,"href":"https:\/\/tvbrazilusa.com\/pt\/wp-json\/wp\/v2\/tags?post=37488"}],"curies":[{"name":"wp","href":"https:\/\/api.w.org\/{rel}","templated":true}]}}