{"id":37546,"date":"2024-09-15T17:58:31","date_gmt":"2024-09-15T17:58:31","guid":{"rendered":"https:\/\/tvbrazilusa.com\/2024\/09\/15\/mendonca-pede-manifestacao-da-pgr-sobre-caso-silvio-almeida-paulo-figueiredo\/"},"modified":"2024-09-15T18:33:16","modified_gmt":"2024-09-15T18:33:16","slug":"mendonca-pede-manifestacao-da-pgr-sobre-caso-silvio-almeida-paulo-figueiredo","status":"publish","type":"post","link":"https:\/\/tvbrazilusa.com\/pt\/2024\/09\/15\/mendonca-pede-manifestacao-da-pgr-sobre-caso-silvio-almeida-paulo-figueiredo\/","title":{"rendered":"Mendon\u00e7a pede manifesta\u00e7\u00e3o da PGR sobre caso Silvio Almeida &#8211; Paulo Figueiredo"},"content":{"rendered":"<p> <script async src=\"https:\/\/pagead2.googlesyndication.com\/pagead\/js\/adsbygoogle.js?client=ca-pub-8864793242727901\"\r\n     crossorigin=\"anonymous\"><\/script><br \/>\n<\/p>\n<div id=\"wtr-content\" data-bg=\"#FFFFFF\" data-fg=\"#006d91\" data-width=\"25\" data-mute=\"1\" data-fgopacity=\"1.00\" data-mutedopacity=\"0.5\" data-placement=\"bottom\" data-placement-offset=\"0\" data-content-offset=\"262\" data-placement-touch=\"bottom\" data-placement-offset-touch=\"0\" data-transparent=\"\" data-shadow=\"0\" data-touch=\"1\" data-non-touch=\"1\" data-comments=\"0\" data-commentsbg=\"transparent\" data-location=\"page\" data-mutedfg=\"#006d91\" data-endfg=\"#006d91\" data-rtl=\"\">\n<h3 class=\"wp-block-heading\">PGR deve se manifestar sobre a compet\u00eancia do STF para conduzir a apura\u00e7\u00e3o contra Silvio Almeida<\/h3>\n<p>O ministro do Supremo Tribunal Federal (STF) Andr\u00e9 Mendon\u00e7a pediu \u00e0 Procuradoria-Geral da Rep\u00fablica (PGR) que se manifeste sobre a compet\u00eancia da Corte para analisar as\u00a0den\u00fancias\u00a0de ass\u00e9dio sexual contra o ex-ministro dos Direitos Humanos Silvio Almeida.<\/p>\n<p>Ele foi\u00a0demitido\u00a0pelo presidente Lula (PT) na semana passada e negou todas as acusa\u00e7\u00f5es. Em nota, divulgada no \u00faltimo dia 6, Almeida afirmou que\u00a0pediu para ser exonerado\u00a0\u201ca fim de conceder liberdade e isen\u00e7\u00e3o \u00e0s apura\u00e7\u00f5es\u201d. O ex-ministro destacou ainda que incentivar\u00e1 \u201cindistintamente a realiza\u00e7\u00e3o de criteriosas investiga\u00e7\u00f5es\u201d.<\/p>\n<p>A Pol\u00edcia Federal abriu uma investiga\u00e7\u00e3o para apurar o caso. Na quinta-feira (12), a PF encaminhou ao STF um\u00a0relat\u00f3rio preliminar\u00a0para saber se a apura\u00e7\u00e3o deve tramitar na Corte ou na primeira inst\u00e2ncia da Justi\u00e7a.<\/p>\n<p>Almeida tinha foro privilegiado por ser ministro do governo, mas com a demiss\u00e3o ele perdeu essa prerrogativa. O processo est\u00e1 em sigilo de justi\u00e7a, como \u00e9 de praxe em ocorr\u00eancias envolvendo den\u00fancias de viol\u00eancia sexual, e n\u00e3o h\u00e1 prazo para decis\u00e3o de Mendon\u00e7a, informou a\u00a0<em>Ag\u00eancia Brasil<\/em>.<\/p>\n<p>A ministra da Igualdade Racial, Anielle Franco, teria relatado a Lula e a outros ministros que se sentiu assediada pelo ex-chefe da pasta dos Direitos Humanos. Anielle divulgou um\u00a0comunicado\u00a0pouco depois da demiss\u00e3o do ministro e defendeu que \u201cn\u00e3o \u00e9 aceit\u00e1vel relativizar ou diminuir epis\u00f3dios de viol\u00eancia\u201d.<\/p>\n<p>\u201cReconhecer a gravidade dessa pr\u00e1tica e agir imediatamente \u00e9 o procedimento correto, por isso ressalto a a\u00e7\u00e3o contundente do presidente Lula e agrade\u00e7o a todas as manifesta\u00e7\u00f5es de apoio e solidariedade que recebi\u201d, disse a ministra no \u00faltimo dia 6.<\/p>\n<h3 class=\"wp-block-heading\">Silvio Almeida nega acusa\u00e7\u00f5es<\/h3>\n<p>As den\u00fancias se tornaram p\u00fablicas ap\u00f3s o portal\u00a0<em>Metr\u00f3poles<\/em>\u00a0divulgar que a organiza\u00e7\u00e3o Me Too Brasil, que atua na prote\u00e7\u00e3o de mulheres v\u00edtimas de viol\u00eancia, havia recebido relatos de ass\u00e9dio sexual contra Almeida.<\/p>\n<p>Em sua primeira manifesta\u00e7\u00e3o sobre o caso, o ent\u00e3o ministro classificou as acusa\u00e7\u00f5es como \u201cmentiras\u201d e \u201cila\u00e7\u00f5es absurdas\u201d sem provas, com o \u201c\u00fanico intuito\u201d de prejudic\u00e1-lo. Na sexta (6), a defesa de Almeida informou que acionou a Justi\u00e7a Federal para obter explica\u00e7\u00f5es da entidade.<\/p>\n<p>No in\u00edcio desta semana, Lula anunciou a deputada estadual\u00a0Maca\u00e9 Evaristo\u00a0(PT-MG) como a nova ministra dos Direitos Humanos. Maca\u00e9 afirmou que as investiga\u00e7\u00f5es devem garantir a\u00a0privacidade das denunciantes\u00a0e amplo direito de defesa.<\/p>\n<p><strong><a href=\"https:\/\/www.gazetadopovo.com.br\/republica\/mendonca-pede-manifestacao-da-pgr-silvio-almeida\/\">Source link<\/a><\/strong><\/p>\n<\/div>\n<p><br \/>\n<br \/><a href=\"https:\/\/paulofigueiredoshow.com\/mendonca-pede-manifestacao-da-pgr-sobre-caso-silvio-almeida\/\">Source link <\/a><\/p>","protected":false},"excerpt":{"rendered":"<p>PGR deve se manifestar sobre a compet\u00eancia do STF para conduzir a apura\u00e7\u00e3o contra Silvio Almeida O ministro do Supremo Tribunal Federal (STF) Andr\u00e9 Mendon\u00e7a pediu \u00e0 Procuradoria-Geral da Rep\u00fablica&hellip;<\/p>","protected":false},"author":1,"featured_media":37547,"comment_status":"closed","ping_status":"open","sticky":false,"template":"","format":"standard","meta":{"content-type":"","footnotes":""},"categories":[16],"tags":[4731,511,17487,336,89,5220,4228,699,1378,18080,871],"class_list":["post-37546","post","type-post","status-publish","format-standard","has-post-thumbnail","hentry","category-noticias","tag-assedio","tag-caso","tag-ex-ministro","tag-governo","tag-lula","tag-manifestacao","tag-mendonca","tag-pgr","tag-pt","tag-silvio-almeida","tag-stf"],"_links":{"self":[{"href":"https:\/\/tvbrazilusa.com\/pt\/wp-json\/wp\/v2\/posts\/37546","targetHints":{"allow":["GET"]}}],"collection":[{"href":"https:\/\/tvbrazilusa.com\/pt\/wp-json\/wp\/v2\/posts"}],"about":[{"href":"https:\/\/tvbrazilusa.com\/pt\/wp-json\/wp\/v2\/types\/post"}],"author":[{"embeddable":true,"href":"https:\/\/tvbrazilusa.com\/pt\/wp-json\/wp\/v2\/users\/1"}],"replies":[{"embeddable":true,"href":"https:\/\/tvbrazilusa.com\/pt\/wp-json\/wp\/v2\/comments?post=37546"}],"version-history":[{"count":1,"href":"https:\/\/tvbrazilusa.com\/pt\/wp-json\/wp\/v2\/posts\/37546\/revisions"}],"predecessor-version":[{"id":37548,"href":"https:\/\/tvbrazilusa.com\/pt\/wp-json\/wp\/v2\/posts\/37546\/revisions\/37548"}],"wp:featuredmedia":[{"embeddable":true,"href":"https:\/\/tvbrazilusa.com\/pt\/wp-json\/wp\/v2\/media\/37547"}],"wp:attachment":[{"href":"https:\/\/tvbrazilusa.com\/pt\/wp-json\/wp\/v2\/media?parent=37546"}],"wp:term":[{"taxonomy":"category","embeddable":true,"href":"https:\/\/tvbrazilusa.com\/pt\/wp-json\/wp\/v2\/categories?post=37546"},{"taxonomy":"post_tag","embeddable":true,"href":"https:\/\/tvbrazilusa.com\/pt\/wp-json\/wp\/v2\/tags?post=37546"}],"curies":[{"name":"wp","href":"https:\/\/api.w.org\/{rel}","templated":true}]}}