{"id":3755,"date":"2023-11-23T15:00:26","date_gmt":"2023-11-23T15:00:26","guid":{"rendered":"https:\/\/tvbrazilusa.com\/2023\/11\/23\/vitimas-do-sistema-paulo-figueiredo-entrevista-advogado-de-presos-politicos-e-verdades-vem-a-tona\/"},"modified":"2023-11-23T15:00:26","modified_gmt":"2023-11-23T15:00:26","slug":"vitimas-do-sistema-paulo-figueiredo-entrevista-advogado-de-presos-politicos-e-verdades-vem-a-tona","status":"publish","type":"post","link":"https:\/\/tvbrazilusa.com\/pt\/2023\/11\/23\/vitimas-do-sistema-paulo-figueiredo-entrevista-advogado-de-presos-politicos-e-verdades-vem-a-tona\/","title":{"rendered":"V\u00cdTIMAS DO SISTEMA &#8211; Paulo Figueiredo Entrevista Advogado de Presos Pol\u00edticos e Verdades V\u00eam \u00e0 Tona"},"content":{"rendered":"<p><iframe  width=\"580\" height=\"385\" src=\"https:\/\/www.youtube.com\/embed\/exa4a5NXo7M?modestbranding=1\" frameborder=\"0\" allowfullscreen><\/iframe><br \/>\n<br \/>INSCRI\u00c7\u00d5ES ABERTAS para o maior curso de pol\u00edtica do Brasil! &#8211;<\/p>\n<p>Apoie o trabalho do Paulo Figueiredo com 30% de desconto: <\/p>\n<p>Assine e apoie o Fio Di\u00e1rio: &#8211;<\/p>\n<p>Whatsapp, Intagram e muito mais: &#8211;<\/p>\n<p><a href=\"https:\/\/www.youtube.com\/watch?v=exa4a5NXo7M\">source<\/a><\/p>","protected":false},"excerpt":{"rendered":"<p>INSCRI\u00c7\u00d5ES ABERTAS para o maior curso de pol\u00edtica do Brasil! &#8211; Apoie o trabalho do Paulo Figueiredo com 30% de desconto: Assine e apoie o Fio Di\u00e1rio: &#8211; Whatsapp, Intagram&hellip;<\/p>","protected":false},"author":1,"featured_media":3756,"comment_status":"","ping_status":"open","sticky":false,"template":"","format":"standard","meta":{"content-type":"","footnotes":""},"categories":[18],"tags":[],"class_list":["post-3755","post","type-post","status-publish","format-standard","has-post-thumbnail","hentry","category-paulo-figueiredo"],"_links":{"self":[{"href":"https:\/\/tvbrazilusa.com\/pt\/wp-json\/wp\/v2\/posts\/3755","targetHints":{"allow":["GET"]}}],"collection":[{"href":"https:\/\/tvbrazilusa.com\/pt\/wp-json\/wp\/v2\/posts"}],"about":[{"href":"https:\/\/tvbrazilusa.com\/pt\/wp-json\/wp\/v2\/types\/post"}],"author":[{"embeddable":true,"href":"https:\/\/tvbrazilusa.com\/pt\/wp-json\/wp\/v2\/users\/1"}],"replies":[{"embeddable":true,"href":"https:\/\/tvbrazilusa.com\/pt\/wp-json\/wp\/v2\/comments?post=3755"}],"version-history":[{"count":0,"href":"https:\/\/tvbrazilusa.com\/pt\/wp-json\/wp\/v2\/posts\/3755\/revisions"}],"wp:featuredmedia":[{"embeddable":true,"href":"https:\/\/tvbrazilusa.com\/pt\/wp-json\/wp\/v2\/media\/3756"}],"wp:attachment":[{"href":"https:\/\/tvbrazilusa.com\/pt\/wp-json\/wp\/v2\/media?parent=3755"}],"wp:term":[{"taxonomy":"category","embeddable":true,"href":"https:\/\/tvbrazilusa.com\/pt\/wp-json\/wp\/v2\/categories?post=3755"},{"taxonomy":"post_tag","embeddable":true,"href":"https:\/\/tvbrazilusa.com\/pt\/wp-json\/wp\/v2\/tags?post=3755"}],"curies":[{"name":"wp","href":"https:\/\/api.w.org\/{rel}","templated":true}]}}