{"id":37552,"date":"2024-09-15T18:47:47","date_gmt":"2024-09-15T18:47:47","guid":{"rendered":"https:\/\/tvbrazilusa.com\/2024\/09\/15\/vance-nao-recua-em-falsas-alegacoes-sobre-migrantes-em-ohio-mesmo-em-meio-a-ameacas-a-comunidade\/"},"modified":"2024-09-15T18:52:59","modified_gmt":"2024-09-15T18:52:59","slug":"vance-nao-recua-em-falsas-alegacoes-sobre-migrantes-em-ohio-mesmo-em-meio-a-ameacas-a-comunidade","status":"publish","type":"post","link":"https:\/\/tvbrazilusa.com\/pt\/2024\/09\/15\/vance-nao-recua-em-falsas-alegacoes-sobre-migrantes-em-ohio-mesmo-em-meio-a-ameacas-a-comunidade\/","title":{"rendered":"Vance n\u00e3o recua em falsas alega\u00e7\u00f5es sobre migrantes em Ohio, mesmo em meio a amea\u00e7as \u00e0 comunidade"},"content":{"rendered":"<p> <script async src=\"https:\/\/pagead2.googlesyndication.com\/pagead\/js\/adsbygoogle.js?client=ca-pub-8864793242727901\"\r\n     crossorigin=\"anonymous\"><\/script><br \/>\n<\/p>\n<div id=\"\">\n<header class=\"m-article-header m-article-header--standard\">\n\t\t\t\t\t\t\t\t\t\t\t\t<span id=\"article-header-primary-term\"><br \/>\n\t\t\t\t\t\t\t\t<a class=\"a-term a-term--primary\" href=\"https:\/\/www.boston.com\/tag\/politics\/\"><\/p>\n<p>\t\t\t\t\t\t\t\tPol\u00edtica\t\t\t\t\t\t\t\t<\/a><br \/>\n\t\t\t\t\t\t\t<\/span><\/p>\n<h2 class=\"m-article-header__sub-headline\"\/>\n<figure class=\"a-photo m-article-header__photo\"><figcaption class=\"a-photo__caption\">\n<p>\tO candidato republicano \u00e0 vice-presid\u00eancia, senador JD Vance, republicano de Ohio, fala com rep\u00f3rteres antes de deixar o Aeroporto Pitt-Greenville ap\u00f3s um evento de campanha em Greenville, Carolina do Norte, no s\u00e1bado, 14 de setembro de 2024.<em> Foto AP\/Steve Helber<\/em>\t<\/figcaption><\/figure>\n<div class=\"m-article-header__meta\">\n<div class=\"m-article-header__byline\">\n<p class=\"m-article-header__author\">\n<p>\t\t\t\t\t\t\t\tPor COLLEEN LONG, Associated Press\t\t\t\t\t\t\t<\/p>\n<p>\t\t\t\t\t\t    \t\t\t\t\t\t\t<time class=\"m-article-header__date\"><\/p>\n<p>        \t\t\t\t\t\t\t15 de setembro de 2024 | 14h47    \t\t\t\t\t\t\t<\/time><\/p><\/div>\n<\/p><\/div>\n<\/header>\n<p>WASHINGTON (AP) \u2014 O candidato republicano \u00e0 vice-presid\u00eancia, JD Vance, n\u00e3o recuou no domingo das falsas alega\u00e7\u00f5es que ele e Donald Trump t\u00eam feito de que haitianos em uma comunidade de Ohio est\u00e3o sequestrando e comendo animais de estima\u00e7\u00e3o, mesmo com o governador republicano do estado e outras autoridades insistindo que n\u00e3o h\u00e1 evid\u00eancias de tal comportamento.<\/p>\n<p>Vance, um senador de Ohio, disse que os eleitores em Springfield est\u00e3o trazendo preocupa\u00e7\u00f5es a ele e que pelo menos 10 eram &#8220;verific\u00e1veis&#8221;. Em uma s\u00e9rie de entrevistas em programas de not\u00edcias, ele disse que estava amplificando as alega\u00e7\u00f5es como uma forma de chamar a aten\u00e7\u00e3o para as pol\u00edticas de imigra\u00e7\u00e3o da democrata Kamala Harris, que ele disse serem frouxas, acrescentando: &#8220;Todos que lidaram com um grande fluxo de migra\u00e7\u00e3o sabem que \u00e0s vezes h\u00e1 pr\u00e1ticas culturais que parecem muito distantes para muitos americanos&#8221;.<\/p>\n<p>Autoridades locais e estaduais disseram que as alega\u00e7\u00f5es s\u00e3o falsas, colocam a cidade de forma errada em uma luz negativa e atra\u00edram aten\u00e7\u00e3o negativa indesejada e assustadora desde que Trump a mencionou no debate presidencial na semana passada, quando chamou Springfield pelo nome. Por dois dias seguidos, amea\u00e7as de bomba levaram \u00e0 evacua\u00e7\u00e3o de escolas e pr\u00e9dios governamentais, com algumas amea\u00e7as por e-mail fazendo refer\u00eancia a um influxo de migrantes na comunidade.<\/p>\n<p>Mas n\u00e3o foram apenas as autoridades de Springfield que estavam refutando as alega\u00e7\u00f5es. O governador Mike DeWine, R-Ohio, disse no domingo que \u201ch\u00e1 muito lixo na internet e, voc\u00ea sabe, este \u00e9 um peda\u00e7o de lixo que simplesmente n\u00e3o era verdade. N\u00e3o h\u00e1 nenhuma evid\u00eancia disso.\u201d<\/p>\n<p>Ele continuou dizendo: \u201cDeixe-me contar o que sabemos, no entanto. O que sabemos \u00e9 que os haitianos que est\u00e3o em Springfield s\u00e3o legais. Eles vieram para Springfield para trabalhar. Ohio est\u00e1 se movendo, e Springfield realmente fez um grande ressurgimento com muitas empresas chegando. Esses haitianos vieram para trabalhar para essas empresas. O que as empresas nos dizem \u00e9 que s\u00e3o trabalhadores muito bons. Eles est\u00e3o muito felizes em t\u00ea-los l\u00e1. E, francamente, isso ajudou a economia.\u201d<\/p>\n<p>Ainda assim, a narrativa dominou as mensagens da campanha de Trump na semana passada e est\u00e1 destacando como alguns no Partido Republicano est\u00e3o dispostos a abra\u00e7ar e amplificar falsas alega\u00e7\u00f5es como parte da ret\u00f3rica inflamat\u00f3ria e anti-imigrante que Trump promoveu ao longo de suas campanhas.<\/p>\n<p>\u201cN\u00e3o importa o que algum prefeito local tenha dito sobre esse caso, estou ouvindo de dezenas de eleitores que est\u00e3o preocupados com essas quest\u00f5es\u201d, disse Vance.<\/p>\n<p>Ele acrescentou: \u201cAcho que \u00e9 importante dizer que n\u00e3o estamos bravos com os migrantes haitianos que querem ter uma vida melhor. Estamos bravos com Kamala Harris por deixar isso acontecer com uma pequena cidade de Ohio, e gra\u00e7as a Deus Donald Trump chamou a aten\u00e7\u00e3o para isso e lutaria contra essas pol\u00edticas se o povo americano.\u201d<\/p>\n<p>Cerca de 15.000 imigrantes chegaram nos \u00faltimos anos \u00e0 cidade predominantemente branca e oper\u00e1ria, com cerca de 60.000 habitantes, a pouco mais de uma hora a oeste de Columbus.<\/p>\n<p>Springfield tamb\u00e9m diz que os imigrantes haitianos est\u00e3o nos Estados Unidos legalmente sob um programa federal que lhes permite permanecer no pa\u00eds temporariamente. No m\u00eas passado, o governo Biden concedeu elegibilidade para status legal tempor\u00e1rio a cerca de 300.000 haitianos que j\u00e1 estavam nos EUA, citando condi\u00e7\u00f5es no Haiti que s\u00e3o consideradas inseguras para seu retorno. O governo do Haiti estendeu o estado de emerg\u00eancia para todo o pa\u00eds devido \u00e0 viol\u00eancia end\u00eamica de gangues.<\/p>\n<p>O prefeito de Springfield, Rob Rue, um republicano, disse que \u201co departamento do xerife voltou aos \u00faltimos 11 meses, e n\u00e3o temos nenhuma alega\u00e7\u00e3o verific\u00e1vel de que isso realmente aconteceu. Recebemos uma reclama\u00e7\u00e3o. Foi investigado. \u2026 Acho que eles n\u00e3o conseguiram ligar de volta e falar com a pessoa que fez a reclama\u00e7\u00e3o.\u201d<\/p>\n<p>Perguntaram a Vance em uma entrevista se ele sabia que as alega\u00e7\u00f5es eram falsas.<\/p>\n<p>\u201cSe eu tiver que criar hist\u00f3rias para que a m\u00eddia americana realmente preste aten\u00e7\u00e3o ao sofrimento do povo americano, ent\u00e3o \u00e9 isso que farei\u201d, disse Vance, esclarecendo rapidamente que ele \u201ccriou o foco que permitiu que a m\u00eddia falasse sobre essa hist\u00f3ria e o sofrimento causado pelas pol\u00edticas\u201d.<\/p>\n<p>Vance participou do programa &#8220;Face the Nation&#8221; da CBS, do programa &#8220;State of the Union&#8221; da CNN e do programa &#8220;Meet the Press&#8221; da NBC, enquanto DeWine apareceu no &#8220;This Week&#8221; da ABC e Ron participou do programa &#8220;CNN&#8221;.<\/p>\n<\/p><\/div>\n<p><script>\n\t\tvar consent=\"grant\";\n\t\t\/* The above code is parsing the JSON data from the local storage and storing it in a variable. *\/\n\t\t\t\t\tconst onetrustStorageConsent = JSON.parse(localStorage.getItem( 'consent_one_trust_bdc' ) );\n\t\t\tif ( ( onetrustStorageConsent !== null ) ) {\n\t\t\t\t\/* Checking to see if the user has consented to the use of cookies.\n\t\t\t\t* If they have not, it is deleting the cookie.\n\t\t\t\t* This will comment for now, until further notice.\n\t\t\t\t*\/\n\t\t\t\t\/\/if ( onetrustStorageConsent.C0002 === false ) {\n\t\t\t\t\/\/\tdocument.cookie=\"_fbp=;expires=Thu, 01 Jan 2010 00:00:00 UTC; path=\/; domain=.boston.com\";\n\t\t\t\t\/\/}\n\t\t\t\t\/* Checking if the user has given consent for the cookie C0002.\n\t\t\t\t* If the user has given consent, the variable consent will be set to 'grant'.\n\t\t\t\t* If the user has not given consent,the variable consent will be set to 'revoke'.\n\t\t\t\t* Documentation https:\/\/developers.facebook.com\/docs\/meta-pixel\/implementation\/gdpr\n\t\t\t\t*\/\n\t\t\t\tif ( onetrustStorageConsent.C0002 !== true ) {\n\t\t\t\t\tconsent=\"revoke\";\n\t\t\t\t}\n\t\t\t}\n\t\t\t\t!function(f,b,e,v,n,t,s)\n\t\t{if(f.fbq)return;n=f.fbq=function(){n.callMethod?\n\t\tn.callMethod.apply(n,arguments):n.queue.push(arguments)};\n\t\tif(!f._fbq)f._fbq=n;n.push=n;n.loaded=!0;n.version='2.0';\n\t\tn.queue=[];t=b.createElement(e);t.async=!0;\n\t\tt.src=v;s=b.getElementsByTagName(e)[0];\n\t\ts.parentNode.insertBefore(t,s)}(window, document,'script',\n\t\t'https:\/\/connect.facebook.net\/en_US\/fbevents.js');\n\t\tfbq('consent', consent);\n\t\tfbq('init', '989222871864976');\n\t\tfbq('track', 'PageView');\n\t<\/script><script type=\"module\">\n\t\tvar consent=\"grant\";\n\t\t\/* The above code is parsing the JSON data from the local storage and storing it in a variable. *\/\n\t\t\tconst onetrustStorageConsent = JSON.parse(localStorage.getItem( 'consent_one_trust_bdc' ) );\n\t\t\t\/* Checking to see if the user has consented to the use of cookies.\n\t\t\t* If they have not, it is deleting the cookie.\n\t\t\t* This will comment for now, until further notice.\n\t\t\t*\/\n\t\t\t\/\/if ( onetrustStorageConsent.C0002 === false ) {\n\t\t\t\/\/\tdocument.cookie=\"_fbp=;expires=Thu, 01 Jan 2010 00:00:00 UTC; path=\/; domain=.boston.com\";\n\t\t\t\/\/}\n\t\t\t\/* Checking if the user has given consent for the cookie C0002.\n\t\t\t* If the user has given consent, the variable consent will be set to 'grant'.\n\t\t\t* If the user has not given consent,the variable consent will be set to 'revoke'.\n\t\t\t* Documentation https:\/\/developers.facebook.com\/docs\/meta-pixel\/implementation\/gdpr\n\t\t\t*\/\n\t\t\tif ( ( onetrustStorageConsent !== null ) && (onetrustStorageConsent.C0002 !== true ) ) {\n\t\t\t\tconsent=\"revoke\";\n\t\t\t}\n\t\t\t\t!function(f,b,e,v,n,t,s){if(f.fbq)return;n=f.fbq=function()\n\t\t{n.callMethod? n.callMethod.apply(n,arguments):n.queue.push(arguments)}\n\t\t;if(!f._fbq)f._fbq=n;\n\t\tn.push=n;n.loaded=!0;n.version='2.0';n.queue=[];t=b.createElement(e);t.async=!0;\n\t\tt.src=v;s=b.getElementsByTagName(e)[0];s.parentNode.insertBefore(t,s)}(window,\n\t\tdocument,'script','https:\/\/connect.facebook.net\/en_US\/fbevents.js');\n\t\tfbq('consent', consent);\n\t\tfbq('init', '813236348753005');\n\t\tfbq('track', \"PageView\");\n\t<\/script><br \/>\n<br \/><br \/>\n<br \/><a href=\"https:\/\/www.boston.com\/news\/politics\/2024\/09\/15\/vance-doesnt-back-away-from-false-claims-about-migrants-in-ohio-even-amid-threats-to-the-community\/\">Source link <\/a><\/p>","protected":false},"excerpt":{"rendered":"<p>Pol\u00edtica O candidato republicano \u00e0 vice-presid\u00eancia, senador JD Vance, republicano de Ohio, fala com rep\u00f3rteres antes de deixar o Aeroporto Pitt-Greenville ap\u00f3s um evento de campanha em Greenville, Carolina do&hellip;<\/p>","protected":false},"author":1,"featured_media":37553,"comment_status":"closed","ping_status":"open","sticky":false,"template":"","format":"standard","meta":{"content-type":"","footnotes":""},"categories":[1],"tags":[],"class_list":["post-37552","post","type-post","status-publish","format-standard","has-post-thumbnail","hentry","category-uncategorized"],"_links":{"self":[{"href":"https:\/\/tvbrazilusa.com\/pt\/wp-json\/wp\/v2\/posts\/37552","targetHints":{"allow":["GET"]}}],"collection":[{"href":"https:\/\/tvbrazilusa.com\/pt\/wp-json\/wp\/v2\/posts"}],"about":[{"href":"https:\/\/tvbrazilusa.com\/pt\/wp-json\/wp\/v2\/types\/post"}],"author":[{"embeddable":true,"href":"https:\/\/tvbrazilusa.com\/pt\/wp-json\/wp\/v2\/users\/1"}],"replies":[{"embeddable":true,"href":"https:\/\/tvbrazilusa.com\/pt\/wp-json\/wp\/v2\/comments?post=37552"}],"version-history":[{"count":1,"href":"https:\/\/tvbrazilusa.com\/pt\/wp-json\/wp\/v2\/posts\/37552\/revisions"}],"predecessor-version":[{"id":37554,"href":"https:\/\/tvbrazilusa.com\/pt\/wp-json\/wp\/v2\/posts\/37552\/revisions\/37554"}],"wp:featuredmedia":[{"embeddable":true,"href":"https:\/\/tvbrazilusa.com\/pt\/wp-json\/wp\/v2\/media\/37553"}],"wp:attachment":[{"href":"https:\/\/tvbrazilusa.com\/pt\/wp-json\/wp\/v2\/media?parent=37552"}],"wp:term":[{"taxonomy":"category","embeddable":true,"href":"https:\/\/tvbrazilusa.com\/pt\/wp-json\/wp\/v2\/categories?post=37552"},{"taxonomy":"post_tag","embeddable":true,"href":"https:\/\/tvbrazilusa.com\/pt\/wp-json\/wp\/v2\/tags?post=37552"}],"curies":[{"name":"wp","href":"https:\/\/api.w.org\/{rel}","templated":true}]}}