{"id":3757,"date":"2024-07-18T21:45:00","date_gmt":"2024-07-18T21:45:00","guid":{"rendered":"https:\/\/tvbrazilusa.com\/2024\/07\/18\/governo-lula-usa-noticia-do-governo-temer-para-dizer-que-precos-de-frutas-estao-baixos-paulo-figueiredo\/"},"modified":"2024-07-19T09:11:43","modified_gmt":"2024-07-19T09:11:43","slug":"governo-lula-usa-noticia-do-governo-temer-para-dizer-que-precos-de-frutas-estao-baixos-paulo-figueiredo","status":"publish","type":"post","link":"https:\/\/tvbrazilusa.com\/pt\/2024\/07\/18\/governo-lula-usa-noticia-do-governo-temer-para-dizer-que-precos-de-frutas-estao-baixos-paulo-figueiredo\/","title":{"rendered":"Governo Lula usa not\u00edcia do governo Temer para dizer que pre\u00e7os de frutas est\u00e3o baixos &#8211; Paulo Figueiredo"},"content":{"rendered":"<p> <script async src=\"https:\/\/pagead2.googlesyndication.com\/pagead\/js\/adsbygoogle.js?client=ca-pub-8864793242727901\"\r\n     crossorigin=\"anonymous\"><\/script><br \/>\n<\/p>\n<div id=\"wtr-content\" data-bg=\"#FFFFFF\" data-fg=\"#006d91\" data-width=\"25\" data-mute=\"1\" data-fgopacity=\"1.00\" data-mutedopacity=\"0.5\" data-placement=\"bottom\" data-placement-offset=\"0\" data-content-offset=\"262\" data-placement-touch=\"bottom\" data-placement-offset-touch=\"0\" data-transparent=\"\" data-shadow=\"0\" data-touch=\"1\" data-non-touch=\"1\" data-comments=\"0\" data-commentsbg=\"transparent\" data-location=\"page\" data-mutedfg=\"#006d91\" data-endfg=\"#006d91\" data-rtl=\"\">\n<h3 class=\"wp-block-heading\">A publica\u00e7\u00e3o foi apagada depois que internautas indicaram que o texto n\u00e3o tratava do governo petista<\/h3>\n<p>Na tarde da quarta-feira a 17, o\u00a0<strong>governo Lula<\/strong>\u00a0usou uma not\u00edcia publicada durante o governo de\u00a0<strong>Michel Temer<\/strong>\u00a0para falar de uma suposta redu\u00e7\u00e3o no pre\u00e7o das frutas. O post no perfil do\u00a0<strong>governo federal<\/strong>\u00a0no Twitter\/X tamb\u00e9m fazia refer\u00eancia aos memes negativos sobre o ministro da Fazenda, Fernando Haddad.<\/p>\n<div class=\"wp-block-image\">\n<figure class=\"aligncenter size-large is-resized\"><\/figure>\n<\/div>\n<p>O texto exibido no segundo quadrinho foi publicado pela Confedera\u00e7\u00e3o de Agricultura e Pecu\u00e1ria do Brasil (CNA).<\/p>\n<div class=\"wp-block-image\">\n<figure class=\"aligncenter size-large is-resized\"><img decoding=\"async\" src=\"https:\/\/medias.revistaoeste.com\/qa-staging\/wp-content\/uploads\/2024\/07\/noticia-cna.jpg\" alt=\"\" style=\"width:686px;height:auto\"\/><\/figure>\n<\/div>\n<p>Os memes publicados pelo governo foram retirados do ar depois de internautas revelarem que uma das not\u00edcias n\u00e3o tratava do desempenho do governo Lula. At\u00e9 o momento, a Secretaria de Comunica\u00e7\u00e3o (Secom) n\u00e3o se pronunciou sobre o caso.<\/p>\n<figure class=\"wp-block-embed is-type-rich is-provider-twitter wp-block-embed-twitter\"\/>\n<p><strong>Segundo o levantamento de junho do \u00cdndice Nacional de Pre\u00e7os ao Consumidor Amplo (IPCA), o pre\u00e7o das frutas caiu apenas 2,62%<\/strong>, a menor redu\u00e7\u00e3o entre os alimentos. A cenoura teve uma queda de 9,47% e a cebola de 7,49%.<\/p>\n<p>Por outro lado, a batata-inglesa teve um aumento significativo de 14,49%, o leite longa vida subiu 7,43%, o caf\u00e9 mo\u00eddo aumentou 3,03% e o arroz subiu 2,25%.<\/p>\n<p>O grupo de alimentos teve uma alta de 0,44%, menor que o 0,66% de maio, mas ainda assim contribuiu com 0,1 ponto porcentual para o avan\u00e7o do IPCA, que registrou aumento de 0,21% no m\u00eas.<\/p>\n<h3 class=\"wp-block-heading\">Aliados do governo Lula alegam que memes com Haddad n\u00e3o afetam popularidade<\/h3>\n<p>As publica\u00e7\u00f5es do governo Lula sobre um suposto fortalecimento da economia ocorrem em meio \u00e0\u00a0<strong>populariza\u00e7\u00e3o de memes que ligam Haddad ao aumento dos impostos<\/strong>.<\/p>\n<p>Para os internautas, o \u201cministro Taxadd\u201d \u00e9 o principal respons\u00e1vel pelo aumento dos pre\u00e7os de produtos b\u00e1sicos, pela cria\u00e7\u00e3o de novos tributos e pelo avan\u00e7o da reforme tribut\u00e1ria.<\/p>\n<p>Nesta semana, Jilmar Tatto, secret\u00e1rio de Comunica\u00e7\u00e3o do PT, minimizou a quest\u00e3o. Ele disse que os memes \u201cn\u00e3o v\u00e3o pegar\u201d. O deputado federal defende a ideia de que o ministro ser\u00e1 conhecido como \u201caquele que desonerou\u201d e pelas medidas para \u201cajudar pessoas de baixa renda\u201d.<\/p>\n<p>Em sua defesa, o secret\u00e1rio destacou medidas do ministro no governo, como o mecanismo de\u00a0<em>cashback\u00a0<\/em>para a popula\u00e7\u00e3o de baixa renda, que est\u00e1 previsto na reforma tribut\u00e1ria.<\/p>\n<p>Jilmar Tatto mencionou que os aumentos de impostos s\u00e3o apenas para os mais ricos. Ele citou a cobran\u00e7a de IPVA sobre jatos e iates e o \u201cimposto do pecado\u201d sobre produtos prejudiciais \u00e0 sa\u00fade e ao meio ambiente, como cigarros e bebidas alco\u00f3licas.<\/p>\n<p>Haddad, assim como o presidente Lula, tamb\u00e9m defende a taxa\u00e7\u00e3o internacional de bilion\u00e1rios.<\/p>\n<p><strong><a href=\"https:\/\/revistaoeste.com\/politica\/governo-lula-usa-noticia-do-governo-temer-para-dizer-que-precos-de-frutas-estao-baixos\/\">Source link<\/a><\/strong><\/p>\n<\/div>\n<p><br \/>\n<br \/><a href=\"https:\/\/paulofigueiredoshow.com\/governo-lula-usa-noticia-do-governo-temer-para-dizer-que-precos-de-frutas-estao-baixos\/\">Source link <\/a><\/p>","protected":false},"excerpt":{"rendered":"<p>A publica\u00e7\u00e3o foi apagada depois que internautas indicaram que o texto n\u00e3o tratava do governo petista Na tarde da quarta-feira a 17, o\u00a0governo Lula\u00a0usou uma not\u00edcia publicada durante o governo&hellip;<\/p>","protected":false},"author":1,"featured_media":3758,"comment_status":"closed","ping_status":"open","sticky":false,"template":"","format":"standard","meta":{"content-type":"","footnotes":""},"categories":[16],"tags":[],"class_list":["post-3757","post","type-post","status-publish","format-standard","has-post-thumbnail","hentry","category-noticias"],"_links":{"self":[{"href":"https:\/\/tvbrazilusa.com\/pt\/wp-json\/wp\/v2\/posts\/3757","targetHints":{"allow":["GET"]}}],"collection":[{"href":"https:\/\/tvbrazilusa.com\/pt\/wp-json\/wp\/v2\/posts"}],"about":[{"href":"https:\/\/tvbrazilusa.com\/pt\/wp-json\/wp\/v2\/types\/post"}],"author":[{"embeddable":true,"href":"https:\/\/tvbrazilusa.com\/pt\/wp-json\/wp\/v2\/users\/1"}],"replies":[{"embeddable":true,"href":"https:\/\/tvbrazilusa.com\/pt\/wp-json\/wp\/v2\/comments?post=3757"}],"version-history":[{"count":1,"href":"https:\/\/tvbrazilusa.com\/pt\/wp-json\/wp\/v2\/posts\/3757\/revisions"}],"predecessor-version":[{"id":3759,"href":"https:\/\/tvbrazilusa.com\/pt\/wp-json\/wp\/v2\/posts\/3757\/revisions\/3759"}],"wp:featuredmedia":[{"embeddable":true,"href":"https:\/\/tvbrazilusa.com\/pt\/wp-json\/wp\/v2\/media\/3758"}],"wp:attachment":[{"href":"https:\/\/tvbrazilusa.com\/pt\/wp-json\/wp\/v2\/media?parent=3757"}],"wp:term":[{"taxonomy":"category","embeddable":true,"href":"https:\/\/tvbrazilusa.com\/pt\/wp-json\/wp\/v2\/categories?post=3757"},{"taxonomy":"post_tag","embeddable":true,"href":"https:\/\/tvbrazilusa.com\/pt\/wp-json\/wp\/v2\/tags?post=3757"}],"curies":[{"name":"wp","href":"https:\/\/api.w.org\/{rel}","templated":true}]}}