{"id":37623,"date":"2024-09-15T22:10:42","date_gmt":"2024-09-15T22:10:42","guid":{"rendered":"https:\/\/tvbrazilusa.com\/2024\/09\/15\/menina-de-14-anos-fica-largada-a-propria-sorte-apos-ser-retirada-de-voo-por-sobrepeso-no-aviao\/"},"modified":"2024-09-15T22:10:43","modified_gmt":"2024-09-15T22:10:43","slug":"menina-de-14-anos-fica-largada-a-propria-sorte-apos-ser-retirada-de-voo-por-sobrepeso-no-aviao","status":"publish","type":"post","link":"https:\/\/tvbrazilusa.com\/pt\/2024\/09\/15\/menina-de-14-anos-fica-largada-a-propria-sorte-apos-ser-retirada-de-voo-por-sobrepeso-no-aviao\/","title":{"rendered":"Menina de 14 anos fica largada \u00e0 pr\u00f3pria sorte ap\u00f3s ser retirada de voo por sobrepeso no avi\u00e3o"},"content":{"rendered":"<p> <script async src=\"https:\/\/pagead2.googlesyndication.com\/pagead\/js\/adsbygoogle.js?client=ca-pub-8864793242727901\"\r\n     crossorigin=\"anonymous\"><\/script><br \/>\n<\/p>\n<div id=\"taboola-read-more\" style=\"display:block; width:100%\">\n<p class=\"amp-wp-3e4f961\" data-amp-original-style=\"margin-top:55px\">Um incidente preocupante ocorreu com uma jovem de 14 anos, Camryn Larkan, quando a empresa a\u00e9rea canadense Porter Airlines a removeu acidentalmente de um voo e a deixou por conta pr\u00f3pria por 24 horas. A m\u00e3e da garota afirma que agentes de embarque falharam em verificar se ela era menor de idade.<\/p>\n<p>De acordo com a<a href=\"https:\/\/www.cbc.ca\/news\/canada\/toronto\/porter-airlines-deplaning-1.7320109\" target=\"_blank\" rel=\"nofollow noopener noreferrer\"> m\u00eddia canadense<\/a>, Camryn deveria voar como uma crian\u00e7a n\u00e3o acompanhada em um voo da a\u00e9rea para Victoria, British Columbia, no dia 30 de agosto, ap\u00f3s visitar familiares em Toronto. Ap\u00f3s ter embarcado e j\u00e1 estar sentada, uma comiss\u00e1ria de bordo abordou-a, informando que havia um problema n\u00e3o especificado e pediu que ela recolhesse seus pertences e deixasse a aeronave.<\/p>\n<p class=\"amp-wp-08a2134\" data-amp-original-style=\"margin-bottom:55px\">Confusa, Camryn pensou que retornaria em breve para seu assento, mas acabou percebendo que a porta do avi\u00e3o havia sido fechada, o que gerou uma onda de ansiedade. \u201c<em>Fiquei realmente confusa\u2026 pensei que estava voltando para o meu assento. Achava que s\u00f3 iam pegar minhas malas\u201d, <\/em>relatou Camryn \u00e0 CBC News.<\/p>\n<p class=\"amp-wp-3e4f961\" data-amp-original-style=\"margin-top:55px\">Ap\u00f3s a decolagem do avi\u00e3o, Camryn descobriu que, devido a um desequil\u00edbrio de peso, alguns passageiros precisavam ser retirados involuntariamente, incluindo ela. A jovem afirma que foi deixada para se virar sozinha, sem assist\u00eancia ou qualquer compensa\u00e7\u00e3o oferecida pela companhia a\u00e9rea.<\/p>\n<p>Felizmente, seu pai, que reside em Toronto, conseguiu busc\u00e1-la no aeroporto, mas a fam\u00edlia continua desapontada e preocupada com a forma como a Porter Airlines lidou com a situa\u00e7\u00e3o, colocando Camryn em potencial perigo.<\/p>\n<p>A Porter Airlines, em sua defesa, declarou que sua equipe n\u00e3o tinha conhecimento de que Camryn era menor de idade. Se soubessem, os protocolos adequados de prote\u00e7\u00e3o teriam sido implementados.<\/p>\n<p class=\"amp-wp-08a2134\" data-amp-original-style=\"margin-bottom:55px\">Um porta-voz da companhia explicou:<em>\u201cNossa equipe pediu volunt\u00e1rios para viajar no dia seguinte para Victoria. Quando ningu\u00e9m se apresentou, os passageiros foram selecionados com base em seu tipo de tarifa.\u201d A<\/em> declara\u00e7\u00e3o acrescentou que <em>\u201cn\u00e3o era de conhecimento da equipe na \u00e9poca que Camryn era uma menor.\u201d<\/em><\/p>\n<p><center><\/center><\/p>\n<p class=\"amp-wp-3e4f961\" data-amp-original-style=\"margin-top:55px\">Como muitas companhias a\u00e9reas, a Porter oferece um programa para menores n\u00e3o acompanhados que garante que crian\u00e7as sejam supervisionadas por funcion\u00e1rios da companhia e cuidadas em caso de interrup\u00e7\u00f5es.<\/p>\n<p>O servi\u00e7o para menores \u00e9 obrigat\u00f3rio para crian\u00e7as de 8 a 11 anos, mas os pais podem optar pela contrata\u00e7\u00e3o da taxa de $100 para jovens de 12 a 16 anos. A m\u00e3e de Camryn afirma que n\u00e3o estava ciente de que a Porter oferecia esse servi\u00e7o, o que resultou na n\u00e3o contrata\u00e7\u00e3o do mesmo.<\/p>\n<p>Se Camryn tivesse sido registrada como menor n\u00e3o acompanhada, \u00e9 improv\u00e1vel que ela tivesse sido retirada do voo, visto que isso seria mais custoso e complicado em termos de log\u00edstica para a companhia a\u00e9rea. No entanto, ainda permanece um mist\u00e9rio por que o sistema de reservas da Porter n\u00e3o sinalizou que Camryn era menor de 18 anos.<\/p>\n<p class=\"amp-wp-08a2134\" data-amp-original-style=\"margin-bottom:55px\">Este incidente levanta quest\u00f5es importantes sobre a seguran\u00e7a e a responsabilidade das companhias a\u00e9reas em garantir o bem-estar dos jovens passageiros, especialmente em situa\u00e7\u00f5es que podem expor crian\u00e7as a riscos desnecess\u00e1rios.<\/p>\n<p class=\"amp-wp-08a2134\" data-amp-original-style=\"margin-bottom:55px\">AEROIN\u00a0<\/p>\n<\/p><\/div>\n<p><br \/>\n<br \/><a href=\"https:\/\/diariodobrasilnoticias.com.br\/noticia\/menina-de-14-anos-fica-largada-a-propria-sorte-apos-ser-retirada-de-voo-por-sobrepeso-no-aviao-66e72cb24489e\">Source link <\/a><\/p>","protected":false},"excerpt":{"rendered":"<p>Um incidente preocupante ocorreu com uma jovem de 14 anos, Camryn Larkan, quando a empresa a\u00e9rea canadense Porter Airlines a removeu acidentalmente de um voo e a deixou por conta&hellip;<\/p>","protected":false},"author":1,"featured_media":37624,"comment_status":"closed","ping_status":"open","sticky":false,"template":"","format":"standard","meta":{"content-type":"","footnotes":""},"categories":[16],"tags":[123,2448,5313,1267],"class_list":["post-37623","post","type-post","status-publish","format-standard","has-post-thumbnail","hentry","category-noticias","tag-brasil","tag-diario","tag-noticia","tag-noticias"],"_links":{"self":[{"href":"https:\/\/tvbrazilusa.com\/pt\/wp-json\/wp\/v2\/posts\/37623","targetHints":{"allow":["GET"]}}],"collection":[{"href":"https:\/\/tvbrazilusa.com\/pt\/wp-json\/wp\/v2\/posts"}],"about":[{"href":"https:\/\/tvbrazilusa.com\/pt\/wp-json\/wp\/v2\/types\/post"}],"author":[{"embeddable":true,"href":"https:\/\/tvbrazilusa.com\/pt\/wp-json\/wp\/v2\/users\/1"}],"replies":[{"embeddable":true,"href":"https:\/\/tvbrazilusa.com\/pt\/wp-json\/wp\/v2\/comments?post=37623"}],"version-history":[{"count":1,"href":"https:\/\/tvbrazilusa.com\/pt\/wp-json\/wp\/v2\/posts\/37623\/revisions"}],"predecessor-version":[{"id":37625,"href":"https:\/\/tvbrazilusa.com\/pt\/wp-json\/wp\/v2\/posts\/37623\/revisions\/37625"}],"wp:featuredmedia":[{"embeddable":true,"href":"https:\/\/tvbrazilusa.com\/pt\/wp-json\/wp\/v2\/media\/37624"}],"wp:attachment":[{"href":"https:\/\/tvbrazilusa.com\/pt\/wp-json\/wp\/v2\/media?parent=37623"}],"wp:term":[{"taxonomy":"category","embeddable":true,"href":"https:\/\/tvbrazilusa.com\/pt\/wp-json\/wp\/v2\/categories?post=37623"},{"taxonomy":"post_tag","embeddable":true,"href":"https:\/\/tvbrazilusa.com\/pt\/wp-json\/wp\/v2\/tags?post=37623"}],"curies":[{"name":"wp","href":"https:\/\/api.w.org\/{rel}","templated":true}]}}