{"id":37629,"date":"2024-09-15T22:26:35","date_gmt":"2024-09-15T22:26:35","guid":{"rendered":"https:\/\/tvbrazilusa.com\/2024\/09\/15\/manifestante-pro-israel-arrecada-doacoes-apos-supostamente-atirar-em-alguem-em-newton\/"},"modified":"2024-09-15T22:28:57","modified_gmt":"2024-09-15T22:28:57","slug":"manifestante-pro-israel-arrecada-doacoes-apos-supostamente-atirar-em-alguem-em-newton","status":"publish","type":"post","link":"https:\/\/tvbrazilusa.com\/pt\/2024\/09\/15\/manifestante-pro-israel-arrecada-doacoes-apos-supostamente-atirar-em-alguem-em-newton\/","title":{"rendered":"Manifestante pr\u00f3-Israel arrecada doa\u00e7\u00f5es ap\u00f3s supostamente atirar em algu\u00e9m em Newton"},"content":{"rendered":"<p> <script async src=\"https:\/\/pagead2.googlesyndication.com\/pagead\/js\/adsbygoogle.js?client=ca-pub-8864793242727901\"\r\n     crossorigin=\"anonymous\"><\/script><br \/>\n<\/p>\n<div id=\"\">\n<header class=\"m-article-header m-article-header--standard\">\n\t\t\t\t\t\t\t\t\t\t\t\t<span id=\"article-header-primary-term\"><br \/>\n\t\t\t\t\t\t\t\t<a class=\"a-term a-term--primary\" href=\"https:\/\/www.boston.com\/tag\/local-news\/\"><\/p>\n<p>\t\t\t\t\t\t\t\tNot\u00edcias locais\t\t\t\t\t\t\t\t<\/a><br \/>\n\t\t\t\t\t\t\t<\/span><\/p>\n<h2 class=\"m-article-header__sub-headline\">Scott Hayes se declarou inocente de supostamente atirar em um homem que o abordou em uma manifesta\u00e7\u00e3o pr\u00f3-Israel em Newton. Apoiadores do suposto atirador arrecadaram mais de $200.000.<\/h2>\n<figure class=\"a-photo m-article-header__photo\"><figcaption class=\"a-photo__caption\">\n<p>\tO manifestante pr\u00f3-Israel Scott Hayes se declarou inocente das acusa\u00e7\u00f5es em sua acusa\u00e7\u00e3o no Tribunal Distrital de Newton.  <em> (Jonathan Wiggs\/Equipe Globe)<\/em>\t<\/figcaption><\/figure>\n<\/header>\n<p>O homem de Framingham que <a href=\"https:\/\/www.boston.com\/news\/crime\/2024\/09\/13\/pro-israel-demonstrator-pleads-not-guilty-after-newton-shooting\/\">declarou-se inocente<\/a> atirar em um homem que o abordou em uma manifesta\u00e7\u00e3o pr\u00f3-Israel em Newton est\u00e1 arrecadando centenas de milhares de d\u00f3lares em doa\u00e7\u00f5es para apoiar sua defesa.<\/p>\n<p>Scott Hayes, 47, foi preso na quinta-feira em uma manifesta\u00e7\u00e3o perto das ruas Washington e Harvard em Newton ap\u00f3s uma alterca\u00e7\u00e3o verbal entre ele e um transeunte que se tornou f\u00edsica. Um homem de Newton, 31 anos, gritou coment\u00e1rios para os manifestantes antes de correr pela rua e derrubar Hayes no ch\u00e3o, disseram as autoridades.<\/p>\n<p>Hayes teria atirado no homem durante a briga. <a href=\"https:\/\/www.bostonglobe.com\/2024\/09\/14\/metro\/newton-shooting-scott-hayes-caleb-gannon-israel-hamas-war\/\"><em>O Globo de Boston<\/em> identificado <\/a>o homem que foi baleado como Caleb Gannon. Um <a href=\"https:\/\/www.instagram.com\/cebegannon\/\">Conta do Instagram<\/a> para Gannon inclui links para ajudar fam\u00edlias de Gaza e outras postagens pr\u00f3-palestinas.<\/p>\n<p>Scott postou no X sobre participar de manifesta\u00e7\u00f5es pr\u00f3-Israel e condenar o que ele descreve como antissemitismo. Em um post de maio deste ano, ele postou uma foto de uma arma <a href=\"https:\/\/x.com\/ScottHayes11b\/status\/1792321507542327794\">legendado<\/a> \u201cEi, odiadores de judeus. Vamos l\u00e1.\u201d<\/p>\n<figure class=\"wp-block-embed is-type-rich is-provider-twitter wp-block-embed-twitter\"\/>\n<p>Em um <a href=\"https:\/\/x.com\/realDailyWire\/status\/1834398206056100156\">v\u00eddeo aparentemente mostrando<\/a> parte da alterca\u00e7\u00e3o de quinta-feira, Gannon grita do outro lado da rua para os manifestantes que eles &#8220;est\u00e3o defendendo o genoc\u00eddio&#8221;. O v\u00eddeo ent\u00e3o corta para Gannon correndo pela rua e pulando em algu\u00e9m que parece ser Hayes, que pode ser ouvido dizendo &#8220;pegue minha pistola&#8221;.<\/p>\n<p>Hayes \u00e9 acusado de agress\u00e3o e agress\u00e3o com arma perigosa. Ele foi solto sob fian\u00e7a na sexta-feira e recebeu ordens de ficar longe de Gannon, manter confinamento domiciliar di\u00e1rio entre 19h e 6h, ficar longe da cidade de Newton e n\u00e3o possuir nenhuma arma. Sua licen\u00e7a para porte tamb\u00e9m foi suspensa.<\/p>\n<p>As autoridades disseram que est\u00e3o processando acusa\u00e7\u00f5es criminais contra Gannon. A pol\u00edcia de Newton apresentou acusa\u00e7\u00f5es de agress\u00e3o e agress\u00e3o f\u00edsica contra ele, pendentes de causa prov\u00e1vel.<\/p>\n<h2 class=\"wp-block-heading\" id=\"h-gofundme-raises-more-than-200-000-for-hayes\">GoFundMe arrecada mais de US$ 200.000 para Hayes<\/h2>\n<p>Uma arrecada\u00e7\u00e3o de fundos iniciada para Hayes arrecadou mais de $ 231.000 de uma meta de $ 270.000 at\u00e9 a noite de domingo, de acordo com um GoFundMe organizado por um grupo de defesa do antissemitismo sediado em Marblehead. A arrecada\u00e7\u00e3o de fundos identifica Hayes como um veterano que n\u00e3o \u00e9 judeu, mas &#8220;tem defendido o povo judeu e seu direito \u00e0 autodetermina\u00e7\u00e3o e governan\u00e7a em toda Boston&#8221;. <\/p>\n<p>O arrecadador de fundos disse que Hayes estava \u201clutando\u201d com Gannon \u201cquando uma arma disparou\u201d. Hayes tamb\u00e9m forneceu tratamento m\u00e9dico de emerg\u00eancia, disse o GoFundMe.<\/p>\n<p>\u201cEle agora precisa de ajuda, pois essa turbul\u00eancia entrou em sua vida\u201d, dizia o post. <\/p>\n<p>O advogado de Hayes n\u00e3o retornou um pedido de coment\u00e1rio na noite de domingo, mas a CBS News <a href=\"https:\/\/www.cbsnews.com\/boston\/news\/newton-pro-israel-rally-shooting-scott-hayes\/\">relatado<\/a> que seu advogado chamou isso de um \u201ccaso cl\u00e1ssico de leg\u00edtima defesa\u201d.<\/p>\n<p>O cap\u00edtulo da Nova Inglaterra da Anti-Defamation League disse que estava preocupado com o momento das acusa\u00e7\u00f5es de Hayes. Um promotor p\u00fablico assistente disse ao tribunal na semana passada que o caso est\u00e1 &#8220;evoluindo&#8221; enquanto eles coletam v\u00eddeos e entrevistam testemunhas.<\/p>\n<p>\u201cRelatos de que acusa\u00e7\u00f5es foram imediatamente apresentadas antes da conclus\u00e3o da investiga\u00e7\u00e3o s\u00e3o preocupantes. Protestos n\u00e3o devem sujeitar ningu\u00e9m \u00e0 viol\u00eancia\u201d, escreveu o cap\u00edtulo da ADL nas redes sociais. \u201cN\u00f3s encorajamos a Pol\u00edcia de Newton e o Promotor P\u00fablico de Middlesex a conduzir uma investiga\u00e7\u00e3o completa de todo o incidente.\u201d<\/p>\n<p>Espera-se que Gannon sobreviva, Ryan disse na sexta-feira. O gabinete dela n\u00e3o retornou uma solicita\u00e7\u00e3o de atualiza\u00e7\u00e3o sobre a condi\u00e7\u00e3o dele no domingo.<\/p>\n<div class=\"m-block m-generic-cta\t m-generic-cta--post-content\t m-generic-cta--dark\t m-generic-cta--homepage\t m-generic-cta--email-signup\t\t m-generic-cta-block-style--default \tt-amp__generic-cta\"><\/p>\n<div class=\"m-generic-cta__wrap\">\n<div class=\"m-generic-cta__content\">\n<h3 class=\"m-generic-cta__title\">Boston.com Hoje<\/h3>\n<p class=\"m-generic-cta__subtitle\">Inscreva-se para receber as \u00faltimas manchetes na sua caixa de entrada todas as manh\u00e3s.<\/p>\n<\/p><\/div>\n<\/p><\/div>\n<\/div><\/div>\n<p><script>\n\t\tvar consent=\"grant\";\n\t\t\/* The above code is parsing the JSON data from the local storage and storing it in a variable. *\/\n\t\t\t\t\tconst onetrustStorageConsent = JSON.parse(localStorage.getItem( 'consent_one_trust_bdc' ) );\n\t\t\tif ( ( onetrustStorageConsent !== null ) ) {\n\t\t\t\t\/* Checking to see if the user has consented to the use of cookies.\n\t\t\t\t* If they have not, it is deleting the cookie.\n\t\t\t\t* This will comment for now, until further notice.\n\t\t\t\t*\/\n\t\t\t\t\/\/if ( onetrustStorageConsent.C0002 === false ) {\n\t\t\t\t\/\/\tdocument.cookie=\"_fbp=;expires=Thu, 01 Jan 2010 00:00:00 UTC; path=\/; domain=.boston.com\";\n\t\t\t\t\/\/}\n\t\t\t\t\/* Checking if the user has given consent for the cookie C0002.\n\t\t\t\t* If the user has given consent, the variable consent will be set to 'grant'.\n\t\t\t\t* If the user has not given consent,the variable consent will be set to 'revoke'.\n\t\t\t\t* Documentation https:\/\/developers.facebook.com\/docs\/meta-pixel\/implementation\/gdpr\n\t\t\t\t*\/\n\t\t\t\tif ( onetrustStorageConsent.C0002 !== true ) {\n\t\t\t\t\tconsent=\"revoke\";\n\t\t\t\t}\n\t\t\t}\n\t\t\t\t!function(f,b,e,v,n,t,s)\n\t\t{if(f.fbq)return;n=f.fbq=function(){n.callMethod?\n\t\tn.callMethod.apply(n,arguments):n.queue.push(arguments)};\n\t\tif(!f._fbq)f._fbq=n;n.push=n;n.loaded=!0;n.version='2.0';\n\t\tn.queue=[];t=b.createElement(e);t.async=!0;\n\t\tt.src=v;s=b.getElementsByTagName(e)[0];\n\t\ts.parentNode.insertBefore(t,s)}(window, document,'script',\n\t\t'https:\/\/connect.facebook.net\/en_US\/fbevents.js');\n\t\tfbq('consent', consent);\n\t\tfbq('init', '989222871864976');\n\t\tfbq('track', 'PageView');\n\t<\/script><script type=\"module\">\n\t\tvar consent=\"grant\";\n\t\t\/* The above code is parsing the JSON data from the local storage and storing it in a variable. *\/\n\t\t\tconst onetrustStorageConsent = JSON.parse(localStorage.getItem( 'consent_one_trust_bdc' ) );\n\t\t\t\/* Checking to see if the user has consented to the use of cookies.\n\t\t\t* If they have not, it is deleting the cookie.\n\t\t\t* This will comment for now, until further notice.\n\t\t\t*\/\n\t\t\t\/\/if ( onetrustStorageConsent.C0002 === false ) {\n\t\t\t\/\/\tdocument.cookie=\"_fbp=;expires=Thu, 01 Jan 2010 00:00:00 UTC; path=\/; domain=.boston.com\";\n\t\t\t\/\/}\n\t\t\t\/* Checking if the user has given consent for the cookie C0002.\n\t\t\t* If the user has given consent, the variable consent will be set to 'grant'.\n\t\t\t* If the user has not given consent,the variable consent will be set to 'revoke'.\n\t\t\t* Documentation https:\/\/developers.facebook.com\/docs\/meta-pixel\/implementation\/gdpr\n\t\t\t*\/\n\t\t\tif ( ( onetrustStorageConsent !== null ) && (onetrustStorageConsent.C0002 !== true ) ) {\n\t\t\t\tconsent=\"revoke\";\n\t\t\t}\n\t\t\t\t!function(f,b,e,v,n,t,s){if(f.fbq)return;n=f.fbq=function()\n\t\t{n.callMethod? n.callMethod.apply(n,arguments):n.queue.push(arguments)}\n\t\t;if(!f._fbq)f._fbq=n;\n\t\tn.push=n;n.loaded=!0;n.version='2.0';n.queue=[];t=b.createElement(e);t.async=!0;\n\t\tt.src=v;s=b.getElementsByTagName(e)[0];s.parentNode.insertBefore(t,s)}(window,\n\t\tdocument,'script','https:\/\/connect.facebook.net\/en_US\/fbevents.js');\n\t\tfbq('consent', consent);\n\t\tfbq('init', '813236348753005');\n\t\tfbq('track', \"PageView\");\n\t<\/script><script async src=\"\/\/www.instagram.com\/embed.js\"><\/script><br \/>\n<br \/><br \/>\n<br \/><a href=\"https:\/\/www.boston.com\/news\/local-news\/2024\/09\/15\/pro-israel-demonstrator-rakes-in-donations-after-allegedly-shooting-someone-in-newton\/\">Source link <\/a><\/p>","protected":false},"excerpt":{"rendered":"<p>Not\u00edcias locais Scott Hayes se declarou inocente de supostamente atirar em um homem que o abordou em uma manifesta\u00e7\u00e3o pr\u00f3-Israel em Newton. Apoiadores do suposto atirador arrecadaram mais de $200.000.&hellip;<\/p>","protected":false},"author":1,"featured_media":37630,"comment_status":"closed","ping_status":"open","sticky":false,"template":"","format":"standard","meta":{"content-type":"","footnotes":""},"categories":[1],"tags":[],"class_list":["post-37629","post","type-post","status-publish","format-standard","has-post-thumbnail","hentry","category-uncategorized"],"_links":{"self":[{"href":"https:\/\/tvbrazilusa.com\/pt\/wp-json\/wp\/v2\/posts\/37629","targetHints":{"allow":["GET"]}}],"collection":[{"href":"https:\/\/tvbrazilusa.com\/pt\/wp-json\/wp\/v2\/posts"}],"about":[{"href":"https:\/\/tvbrazilusa.com\/pt\/wp-json\/wp\/v2\/types\/post"}],"author":[{"embeddable":true,"href":"https:\/\/tvbrazilusa.com\/pt\/wp-json\/wp\/v2\/users\/1"}],"replies":[{"embeddable":true,"href":"https:\/\/tvbrazilusa.com\/pt\/wp-json\/wp\/v2\/comments?post=37629"}],"version-history":[{"count":1,"href":"https:\/\/tvbrazilusa.com\/pt\/wp-json\/wp\/v2\/posts\/37629\/revisions"}],"predecessor-version":[{"id":37631,"href":"https:\/\/tvbrazilusa.com\/pt\/wp-json\/wp\/v2\/posts\/37629\/revisions\/37631"}],"wp:featuredmedia":[{"embeddable":true,"href":"https:\/\/tvbrazilusa.com\/pt\/wp-json\/wp\/v2\/media\/37630"}],"wp:attachment":[{"href":"https:\/\/tvbrazilusa.com\/pt\/wp-json\/wp\/v2\/media?parent=37629"}],"wp:term":[{"taxonomy":"category","embeddable":true,"href":"https:\/\/tvbrazilusa.com\/pt\/wp-json\/wp\/v2\/categories?post=37629"},{"taxonomy":"post_tag","embeddable":true,"href":"https:\/\/tvbrazilusa.com\/pt\/wp-json\/wp\/v2\/tags?post=37629"}],"curies":[{"name":"wp","href":"https:\/\/api.w.org\/{rel}","templated":true}]}}