{"id":37668,"date":"2024-09-16T00:11:12","date_gmt":"2024-09-16T00:11:12","guid":{"rendered":"https:\/\/tvbrazilusa.com\/2024\/09\/16\/um-fim-de-semana-de-celebracao-e-orgulho-termina-com-o-desfile-do-dia-de-porto-rico-em-greater-waterbury\/"},"modified":"2024-09-16T00:16:12","modified_gmt":"2024-09-16T00:16:12","slug":"um-fim-de-semana-de-celebracao-e-orgulho-termina-com-o-desfile-do-dia-de-porto-rico-em-greater-waterbury","status":"publish","type":"post","link":"https:\/\/tvbrazilusa.com\/pt\/2024\/09\/16\/um-fim-de-semana-de-celebracao-e-orgulho-termina-com-o-desfile-do-dia-de-porto-rico-em-greater-waterbury\/","title":{"rendered":"Um fim de semana de celebra\u00e7\u00e3o e orgulho termina com o Desfile do Dia de Porto Rico em Greater Waterbury"},"content":{"rendered":"<script async src=\"https:\/\/pagead2.googlesyndication.com\/pagead\/js\/adsbygoogle.js?client=ca-pub-8864793242727901\"\r\n     crossorigin=\"anonymous\"><\/script>\n<p>WATERBURY, Connecticut (WTNH) \u2013 Domingo encerrou um fim de semana de orgulho e heran\u00e7a porto-riquenha em Waterbury com o 25\u00ba anivers\u00e1rio do Desfile do Dia Porto-riquenho de Greater Waterbury. <\/p>\n<p>A rota do desfile ia da Freight Street at\u00e9 a Prefeitura, com centenas de pessoas presentes para assistir. <\/p>\n<p>&#8220;Adoro ver as pessoas se unindo, todos trabalhando juntos, menos viol\u00eancia, menos drama, e isso \u00e9 uma coisa maravilhosa&#8221;, disse o seguran\u00e7a Francisco Ramos ao News 8. <\/p>\n<p>O fim de semana come\u00e7ou na sexta-feira com uma cerim\u00f4nia de hasteamento da bandeira e o an\u00fancio do &#8220;Prefeito Porto-riquenho do Dia&#8221; de Waterbury. O s\u00e1bado foi dedicado ao segundo &#8220;Borifest&#8221; anual. <\/p>\n<p><br \/>\n<br \/><a href=\"https:\/\/www.wtnh.com\/news\/connecticut\/new-haven\/a-weekend-of-celebration-and-pride-ends-with-the-greater-waterbury-puerto-rican-day-parade\/\">Source link <\/a><\/p>","protected":false},"excerpt":{"rendered":"<p>WATERBURY, Connecticut (WTNH) \u2013 Domingo encerrou um fim de semana de orgulho e heran\u00e7a porto-riquenha em Waterbury com o 25\u00ba anivers\u00e1rio do Desfile do Dia Porto-riquenho de Greater Waterbury. A&hellip;<\/p>","protected":false},"author":1,"featured_media":37669,"comment_status":"closed","ping_status":"open","sticky":false,"template":"","format":"standard","meta":{"content-type":"","footnotes":""},"categories":[1],"tags":[],"class_list":["post-37668","post","type-post","status-publish","format-standard","has-post-thumbnail","hentry","category-uncategorized"],"_links":{"self":[{"href":"https:\/\/tvbrazilusa.com\/pt\/wp-json\/wp\/v2\/posts\/37668","targetHints":{"allow":["GET"]}}],"collection":[{"href":"https:\/\/tvbrazilusa.com\/pt\/wp-json\/wp\/v2\/posts"}],"about":[{"href":"https:\/\/tvbrazilusa.com\/pt\/wp-json\/wp\/v2\/types\/post"}],"author":[{"embeddable":true,"href":"https:\/\/tvbrazilusa.com\/pt\/wp-json\/wp\/v2\/users\/1"}],"replies":[{"embeddable":true,"href":"https:\/\/tvbrazilusa.com\/pt\/wp-json\/wp\/v2\/comments?post=37668"}],"version-history":[{"count":1,"href":"https:\/\/tvbrazilusa.com\/pt\/wp-json\/wp\/v2\/posts\/37668\/revisions"}],"predecessor-version":[{"id":37670,"href":"https:\/\/tvbrazilusa.com\/pt\/wp-json\/wp\/v2\/posts\/37668\/revisions\/37670"}],"wp:featuredmedia":[{"embeddable":true,"href":"https:\/\/tvbrazilusa.com\/pt\/wp-json\/wp\/v2\/media\/37669"}],"wp:attachment":[{"href":"https:\/\/tvbrazilusa.com\/pt\/wp-json\/wp\/v2\/media?parent=37668"}],"wp:term":[{"taxonomy":"category","embeddable":true,"href":"https:\/\/tvbrazilusa.com\/pt\/wp-json\/wp\/v2\/categories?post=37668"},{"taxonomy":"post_tag","embeddable":true,"href":"https:\/\/tvbrazilusa.com\/pt\/wp-json\/wp\/v2\/tags?post=37668"}],"curies":[{"name":"wp","href":"https:\/\/api.w.org\/{rel}","templated":true}]}}