{"id":37676,"date":"2024-09-16T00:33:18","date_gmt":"2024-09-16T00:33:18","guid":{"rendered":"https:\/\/tvbrazilusa.com\/2024\/09\/16\/agora-dino-autoriza-governo-a-abrir-credito-fora-da-meta-fiscal-para-combate-a-incendios\/"},"modified":"2024-09-16T00:33:20","modified_gmt":"2024-09-16T00:33:20","slug":"agora-dino-autoriza-governo-a-abrir-credito-fora-da-meta-fiscal-para-combate-a-incendios","status":"publish","type":"post","link":"https:\/\/tvbrazilusa.com\/pt\/2024\/09\/16\/agora-dino-autoriza-governo-a-abrir-credito-fora-da-meta-fiscal-para-combate-a-incendios\/","title":{"rendered":"AGORA: Dino autoriza governo a abrir cr\u00e9dito fora da meta fiscal para combate a inc\u00eandios"},"content":{"rendered":"<p> <script async src=\"https:\/\/pagead2.googlesyndication.com\/pagead\/js\/adsbygoogle.js?client=ca-pub-8864793242727901\"\r\n     crossorigin=\"anonymous\"><\/script><br \/>\n<\/p>\n<div>\n<figure class=\"post-image\">\n<\/figure>\n<p><span style=\"font-size: 12px\">Ministro do STF Flavio Dino Ministro do STF Flavio Dino \u2022 13\/12\/2023REUTERS\/Adriano Machado<\/span><\/p>\n<div id=\"taboola-read-more\" style=\"display:block; width:100%\">\n<p>O ministro do Supremo Tribunal Federal (STF) Fl\u00e1vio Dino autorizou neste domingo (15) a abertura de cr\u00e9ditos extraordin\u00e1rios para combater os inc\u00eandios e queimadas na Amaz\u00f4nia e no Pantanal. Nessa modalidade, a libera\u00e7\u00e3o de recursos n\u00e3o est\u00e1 limitada pelo arcabou\u00e7o fiscal e n\u00e3o ser\u00e1 computada para fins de c\u00e1lculo das metas fiscais.<\/p>\n<p>A autoriza\u00e7\u00e3o possibilita que o governo federal envie uma medida provis\u00f3ria (MP) ao Congresso Nacional com o valor a ser destinado ao combate aos inc\u00eandios. A medida se assemelha a MP que destinou cr\u00e9dito extraordin\u00e1rio de R$ 12,2 bilh\u00f5es para executar a\u00e7\u00f5es para munic\u00edpios do Rio Grande do Sul afetados pelas fortes chuvas em maio.<\/p>\n<p>\u201cN\u00e3o podemos negar o m\u00e1ximo e efetivo <a href=\"https:\/\/www.cnnbrasil.com.br\/economia\/macroeconomia\/fazenda-ve-possibilidade-de-abertura-de-credito-extra-para-combate-a-incendios\/\">socorro a mais da metade do nosso territ\u00f3rio<\/a>, suas respectivas popula\u00e7\u00f5es e toda a flora e fauna da Amaz\u00f4nia e Pantanal, sob a justificativa de cumprimento de uma regra cont\u00e1bil n\u00e3o constante na Carta Magna\u201d, diz a decis\u00e3o.<br \/>Dino tamb\u00e9m suspendeu o intervalo para recontrata\u00e7\u00e3o de brigadistas e autorizou a imediata recontrata\u00e7\u00e3o tempor\u00e1ria para o controle e combate de inc\u00eandios florestais. Em julho, o governo federal reduziu de 2 anos para 3 meses o interregno para recontrata\u00e7\u00e3o de brigadistas.<\/p>\n<p>\u201cOs pr\u00f3prios representantes governamentais relataram que, diante do agravamento da situa\u00e7\u00e3o, at\u00e9 mesmo o prazo de 3 meses<br \/>vem se mostrando ineficiente, na medida em que o Governo Federal \u00e9 obrigado a dispensar brigadistas experientes em um dos momentos mais cr\u00edticos da nossa hist\u00f3ria no que diz respeito \u00e0s pol\u00edticas de prote\u00e7\u00e3o ambiental\u201d, diz Dino na decis\u00e3o.<\/p>\n<p>O ministro do STF tamb\u00e9m determinou o uso do Fundo para Aparelhamento e Operacionaliza\u00e7\u00e3o das Atividades-fim da Pol\u00edcia Federal (Funapol) para dinamizar e mobilizar recursos para apura\u00e7\u00e3o e combate aos crimes ambientais na Amaz\u00f4nia e no Pantanal.<\/p>\n<p>Levantamento da Advocacia Geral da Uni\u00e3o (AGU) indica que 85% dos focos est\u00e3o na Amaz\u00f4nia e no Pantanal. Neste ano, 58% do territ\u00f3rio nacional foi afetado pela seca.<\/p>\n<p>CNN<\/p>\n<\/div>\n<div class=\"row mt-3\">\n<div class=\"col-sm-6\">\n<p><a href=\"https:\/\/chat.whatsapp.com\/GwURnmOyPiN1XheGYvCspN\" target=\"_blank\" rel=\"noopener\"><br \/>\n<img decoding=\"async\" src=\"https:\/\/diariodobrasilnoticias.com.br\/assets-site\/images\/bot_whatsapp.png\"\/><\/a>\n<\/div>\n<div class=\"col-sm-6\">\n<a href=\"https:\/\/t.me\/+_4gTmi5LKo03OTM5\" target=\"_blank\" rel=\"noopener\"><br \/>\n<img decoding=\"async\" src=\"https:\/\/diariodobrasilnoticias.com.br\/assets-site\/images\/bot_telegram.png\"\/><\/a>\n<\/div>\n<\/div>\n<\/div>\n<p><br \/>\n<br \/><a href=\"https:\/\/diariodobrasilnoticias.com.br\/noticia\/agora-dino-autoriza-governo-a-abrir-credito-fora-da-meta-fiscal-para-combate-a-incendios-66e73ea0ac72c\">Source link <\/a><\/p>","protected":false},"excerpt":{"rendered":"<p>Ministro do STF Flavio Dino Ministro do STF Flavio Dino \u2022 13\/12\/2023REUTERS\/Adriano Machado O ministro do Supremo Tribunal Federal (STF) Fl\u00e1vio Dino autorizou neste domingo (15) a abertura de cr\u00e9ditos&hellip;<\/p>","protected":false},"author":1,"featured_media":37677,"comment_status":"closed","ping_status":"open","sticky":false,"template":"","format":"standard","meta":{"content-type":"","footnotes":""},"categories":[16],"tags":[123,2448,5313,1267],"class_list":["post-37676","post","type-post","status-publish","format-standard","has-post-thumbnail","hentry","category-noticias","tag-brasil","tag-diario","tag-noticia","tag-noticias"],"_links":{"self":[{"href":"https:\/\/tvbrazilusa.com\/pt\/wp-json\/wp\/v2\/posts\/37676","targetHints":{"allow":["GET"]}}],"collection":[{"href":"https:\/\/tvbrazilusa.com\/pt\/wp-json\/wp\/v2\/posts"}],"about":[{"href":"https:\/\/tvbrazilusa.com\/pt\/wp-json\/wp\/v2\/types\/post"}],"author":[{"embeddable":true,"href":"https:\/\/tvbrazilusa.com\/pt\/wp-json\/wp\/v2\/users\/1"}],"replies":[{"embeddable":true,"href":"https:\/\/tvbrazilusa.com\/pt\/wp-json\/wp\/v2\/comments?post=37676"}],"version-history":[{"count":1,"href":"https:\/\/tvbrazilusa.com\/pt\/wp-json\/wp\/v2\/posts\/37676\/revisions"}],"predecessor-version":[{"id":37678,"href":"https:\/\/tvbrazilusa.com\/pt\/wp-json\/wp\/v2\/posts\/37676\/revisions\/37678"}],"wp:featuredmedia":[{"embeddable":true,"href":"https:\/\/tvbrazilusa.com\/pt\/wp-json\/wp\/v2\/media\/37677"}],"wp:attachment":[{"href":"https:\/\/tvbrazilusa.com\/pt\/wp-json\/wp\/v2\/media?parent=37676"}],"wp:term":[{"taxonomy":"category","embeddable":true,"href":"https:\/\/tvbrazilusa.com\/pt\/wp-json\/wp\/v2\/categories?post=37676"},{"taxonomy":"post_tag","embeddable":true,"href":"https:\/\/tvbrazilusa.com\/pt\/wp-json\/wp\/v2\/tags?post=37676"}],"curies":[{"name":"wp","href":"https:\/\/api.w.org\/{rel}","templated":true}]}}