{"id":37719,"date":"2024-09-16T01:58:41","date_gmt":"2024-09-16T01:58:41","guid":{"rendered":"https:\/\/tvbrazilusa.com\/2024\/09\/16\/brasil-sinaliza-contra-austeridade-fiscal-ao-nomear-economista-antiliberal-para-cargo-no-fmi-paulo-figueiredo\/"},"modified":"2024-09-16T02:06:13","modified_gmt":"2024-09-16T02:06:13","slug":"brasil-sinaliza-contra-austeridade-fiscal-ao-nomear-economista-antiliberal-para-cargo-no-fmi-paulo-figueiredo","status":"publish","type":"post","link":"https:\/\/tvbrazilusa.com\/pt\/2024\/09\/16\/brasil-sinaliza-contra-austeridade-fiscal-ao-nomear-economista-antiliberal-para-cargo-no-fmi-paulo-figueiredo\/","title":{"rendered":"Brasil sinaliza contra austeridade fiscal ao nomear economista antiliberal para cargo no FMI &#8211; Paulo Figueiredo"},"content":{"rendered":"<p> <script async src=\"https:\/\/pagead2.googlesyndication.com\/pagead\/js\/adsbygoogle.js?client=ca-pub-8864793242727901\"\r\n     crossorigin=\"anonymous\"><\/script><br \/>\n<\/p>\n<div id=\"wtr-content\" data-bg=\"#FFFFFF\" data-fg=\"#006d91\" data-width=\"25\" data-mute=\"1\" data-fgopacity=\"1.00\" data-mutedopacity=\"0.5\" data-placement=\"bottom\" data-placement-offset=\"0\" data-content-offset=\"262\" data-placement-touch=\"bottom\" data-placement-offset-touch=\"0\" data-transparent=\"\" data-shadow=\"0\" data-touch=\"1\" data-non-touch=\"1\" data-comments=\"0\" data-commentsbg=\"transparent\" data-location=\"page\" data-mutedfg=\"#006d91\" data-endfg=\"#006d91\" data-rtl=\"\">\n<p>A indica\u00e7\u00e3o de um economista de vi\u00e9s antiliberal para uma diretoria do Fundo Monet\u00e1rio Internacional (FMI) \u00e9 uma sinaliza\u00e7\u00e3o do governo de Luiz In\u00e1cio Lula da Silva de contrariedade \u00e0 pol\u00edtica de austeridade fiscal do fundo, que \u00e9 um dos principais \u00f3rg\u00e3os financeiros das democracias liberais do Ocidente, segundo analistas ouvidos pela\u00a0<strong>Gazeta do Povo<\/strong>. Andr\u00e9 Roncaglia foi indicado pelo governo em agosto e deve assumir o novo cargo neste m\u00eas de setembro, substituindo o economista Afonso Bevilaqua, que havia sido indicado pela gest\u00e3o do ex-presidente Jair Bolsonaro.<\/p>\n<p>O ato se soma a outros ataques feitos por Lula contra o sistema financeiro ocidental. Em mar\u00e7o de 2023 o petista criticou o uso do d\u00f3lar como moeda dominante no com\u00e9rcio internacional afirmando ser esta a raz\u00e3o do endividamento de pa\u00edses em desenvolvimento. Lula tamb\u00e9m embarcou em uma iniciativa pol\u00edtica da China de adotar uma moeda no \u00e2mbito dos BRICS (bloco pol\u00edtico formado por Brasil, R\u00fassia, \u00cdndia, China, \u00c1frica do Sul,\u00a0Egito,\u00a0Emirados \u00c1rabes Unidos,\u00a0Ar\u00e1bia Saudita,\u00a0Eti\u00f3pia\u00a0e\u00a0Ir\u00e3) para substituir o d\u00f3lar.<\/p>\n<p>Segundo economista da Universidade de Bras\u00edlia, Roberto Piscitelli, a indica\u00e7\u00e3o de Roncaglia \u00e9 uma marca simb\u00f3lica, mas que n\u00e3o tem capacidade da transforma\u00e7\u00e3o dos rumos pol\u00edticos do FMI. \u201cEle (Roncaglia) \u00e9 um voto pulverizado entre dezenas, n\u00e3o tem o poder de mudar muita coisa\u201d, disse.<\/p>\n<p>Mas a nomea\u00e7\u00e3o carrega o entendimento do governo Lula que as medidas de austeridade exigidas pelo FMI s\u00e3o nefastas, segundo Piscitelli. As cartas de inten\u00e7\u00e3o que acompanham os acordos para os pa\u00edses exigem aperto fiscal nas contas p\u00fablicas e maior rigidez nos gastos do Estado.<\/p>\n<p>\u201cMinha vis\u00e3o de mundo \u00e9 mesmo desenvolvimentista e n\u00e3o fa\u00e7o quest\u00e3o nenhuma de esconder isso. Luto por rela\u00e7\u00f5es comerciais equilibradas\u201d, disse Roncaglia \u00e0\u00a0<strong>Gazeta do Povo<\/strong>. Ele diz se enxergar como representante do \u201cSul global\u201d e rejeita que sua indica\u00e7\u00e3o esteja relacionada \u00e0 atua\u00e7\u00e3o pol\u00edtica do governo brasileiro nos BRICS, considerado um bloco de vi\u00e9s antiamericano.<\/p>\n<p>O governo brasileiro substituiu Afonso Bevilaqua, nome de perfil t\u00e9cnico que estava desde 2019 na cadeira, por um economista ligado \u00e0 esquerda que defende sua vis\u00e3o de mundo em colunas na imprensa e nas redes sociais.<\/p>\n<p>O Minist\u00e9rio da Fazenda de Fernando Haddad (PT) ocupa o chamado Conselho Executivo do FMI. Por isso, Haddad tem a prerrogativa de escolher o diretor-executivo \u2013 terceira inst\u00e2ncia mais alta do pa\u00eds neste Conselho, depois do pr\u00f3prio Haddad e do presidente do Banco Central. Roncaglia poder\u00e1 votar junto com outros 24 diretores de outros pa\u00edses. O Brasil est\u00e1 em 10\u00ba lugar no ranking de poder da diretoria pois tem 2,32% de participa\u00e7\u00e3o. O economista trabalhar\u00e1 baseado em Washington e participar\u00e1 das reuni\u00f5es t\u00e9cnicas que deliberam o cotidiano da institui\u00e7\u00e3o e as a\u00e7\u00f5es de socorro aos pa\u00edses.<\/p>\n<p>Membros da oposi\u00e7\u00e3o criticaram a indica\u00e7\u00e3o, demonstrando preocupa\u00e7\u00e3o com a mensagem enviada. \u201cInfelizmente, as institui\u00e7\u00f5es todas s\u00e3o instrumentalizadas em favor da ideologia do partido. Andamos mais um passo na interfer\u00eancia estatal, um retrocesso para um mundo que deveria estar cada vez mais de fronteiras abertas ao livre mercado\u201d, declarou o deputado federal Marcel Van Hattem (Novo-RS).<\/p>\n<p>A troca substituiu um economista com doutorado na Universidade de Berkeley e especializado em d\u00edvida externa por um acad\u00eamico apoiador do governo petista. Suas colunas de opini\u00e3o defendem temas de esquerda e dizem que o pensamento liberal seria uma \u201cdoen\u00e7a\u201d. Na opini\u00e3o do l\u00edder do Partido Novo na Assembleia Legislativa de S\u00e3o Paulo mestre em economia pela Barcelona School of Economics, Leonardo Siqueira, a relev\u00e2ncia acad\u00eamica de Roncaglia seria menos robusta em rela\u00e7\u00e3o \u00e0 de Bevilaqua.<\/p>\n<p>\u201cMas o pior \u00e9 o governo dizer defender a ci\u00eancia e n\u00e3o se apegar a ela. Roncaglia tem uma vis\u00e3o ultrapassada que n\u00e3o se respalda em artigos acad\u00eamicos, de que o governo pode gastar \u00e0 vontade e que isso incentiva a economia\u201d, disse Siqueira.<\/p>\n<p>Mas a vis\u00e3o antiliberal n\u00e3o \u00e9 particular a Ronclaglia. Trata-se de uma opini\u00e3o consolidada entre economistas de universidades federais, como a Universidade de Bras\u00edlia (UNB), onde Roncaglia \u00e9 professor. A austeridade nas contas p\u00fablicas seria uma \u201cinven\u00e7\u00e3o\u201d n\u00e3o apenas indesej\u00e1vel como tamb\u00e9m nociva de acordo com essa corrente de pensamento.<\/p>\n<p>Ap\u00f3s o governo tentar afrouxar medidas da nova regra do rec\u00e9m-criado Arcabou\u00e7o Fiscal, em abril, o FMI piorou proje\u00e7\u00f5es do pa\u00eds, estimando d\u00e9ficit prim\u00e1rio de 0,6% do Produto Interno Bruto neste ano e de 0,3% em 2025, o que deve garantir contas p\u00fablicas no vermelho at\u00e9 2026, \u00faltimo ano do mandato de Lula. A d\u00edvida p\u00fablica deve alcan\u00e7ar nesta data o valor de mais de 90% do PIB.<\/p>\n<h3 class=\"wp-block-heading\">Lula indicou Dilma para banco dos Brics no ano passado<\/h3>\n<p>O antigo diretor-executivo do Brasil, Afonso Bevilaqua, que estava no cargo desde 2019, primeiro ano do governo Jair Bolsonaro (PL), tamb\u00e9m ocupou o Banco Central do Brasil. Ele sofreu press\u00e3o de pol\u00edticos do PT em 2005 por seu alinhamento com medidas de conten\u00e7\u00e3o da infla\u00e7\u00e3o, como juros b\u00e1sicos calibrados para pressionar para baixo o consumo. Em seu cargo no FMI, ele foi criticado pelo governo esquerdista de Alberto Fern\u00e1ndez por n\u00e3o ter se empenhado mais por um tratamento generoso com a endividada Argentina.<\/p>\n<p>Poucos meses depois de assumir a Presid\u00eancia da Rep\u00fablica, Lula indicou a ex-presidente Dilma Roussef ao banco dos Brics, com sal\u00e1rio de mais de US$ 50 mil, e tamb\u00e9m tratou de aproveitar uma brecha na lei das estatais para acomodar aliados nas cadeiras das mais importantes empresas p\u00fablicas do pa\u00eds.<\/p>\n<h3 class=\"wp-block-heading\">Economista tinha canal no YouTube chamado Conex\u00e3o Xangai<\/h3>\n<p>Ap\u00f3s a nomea\u00e7\u00e3o ao FMI, nas redes sociais amigos do economista celebraram a conquista da \u201cConex\u00e3o Xangai\u201d. O nome do canal no Youtube que Roncaglia manteve com outros economistas de esquerda desde 2021 teria sido escolhido pela pr\u00f3pria audi\u00eancia como um contraponto ao Manhattan Connection. O talk-show criado pelo jornalista Lucas Mendes e exibido nos canais pagos da Globo ficou famoso pelas participa\u00e7\u00f5es de nomes mais identificados com a direita como Paulo Francis e Diogo Mainardi.<\/p>\n<p>Logo na descri\u00e7\u00e3o do canal vem o ataque ao neoliberalismo. \u201cSomos quatro economistas vacinados contra a doen\u00e7a holandesa e o liberalismo de jardim de inf\u00e2ncia e que n\u00e3o acreditam em destino das na\u00e7\u00f5es, mas em economia do projetamento para a prosperidade nacional.\u201d<\/p>\n<p>Roncaglia tende \u00e0 vis\u00e3o de mundo que enxerga o Estado e a flexibiliza\u00e7\u00e3o dos gastos como motor do progresso. \u201cProcurarei levar desenvolvimento a lugares do planeta onde ainda n\u00e3o chegou\u201d, projetou Roncaglia.<\/p>\n<h3 class=\"wp-block-heading\">FMI<\/h3>\n<p>O FMI \u00e9 uma institui\u00e7\u00e3o que foi criada na Conven\u00e7\u00e3o de Bretton Woods, nos EUA, em 1944, \u00faltimo ano da 2\u00aa Guerra Mundial. Na mesma ocasi\u00e3o, o d\u00f3lar se tornaria a moeda mundial, com seu valor atrelado ao ouro. O papel do FMI era regular o sistema financeiro global e manter a estabilidade. Em outras palavras, impedir que pa\u00edses quebrem e a desordem social e econ\u00f4mica gere guerras.<\/p>\n<p>O Brasil, que j\u00e1 foi muitas vezes tirado do aperto pelo fundo, foi um dos membros-fundadores e hoje \u00e9 credor da institui\u00e7\u00e3o, por isso pode indicar um diretor-executivo. O Brasil tamb\u00e9m representa outros pa\u00edses menores no fundo, como Equador e Suriname.<\/p>\n<p>Mas o Brasil tem uma trajet\u00f3ria de muitos acordos descumpridos com o FMI. O primeiro presidente a quebrar sua palavra foi Juscelino Kubitschek, em 1959. Ele queria gastar \u00e0 vontade para atender suas ambi\u00e7\u00f5es de desenvolvimento e inaugurar no prazo a nova capital: Bras\u00edlia.<\/p>\n<p>Durante os governos militares, os projetos desenvolvimentistas da ala que acelerou o chamado Milagre Econ\u00f4mico tamb\u00e9m foram financiados pelo FMI. O pior momento viria com o fracasso do Plano Cruzado, quando o pa\u00eds decretou morat\u00f3ria. O FMI foi retratado ent\u00e3o pela esquerda como sin\u00f4nimo da pobreza do pa\u00eds, com economia ca\u00f3tica e infla\u00e7\u00e3o galopante. Eram comuns slogans contra a institui\u00e7\u00e3o nas manifesta\u00e7\u00f5es de esquerdistas, que viam nas exig\u00eancias de aperto fatores do dom\u00ednio estrangeiro (americano) do pa\u00eds. \u201cFora FMI\u201d era palavra de ordem.<\/p>\n<p>O Plano Real mudaria tudo nos anos 1990. O presidente Itamar Franco regularizou cr\u00e9ditos. A gest\u00e3o de Fernando Henrique Cardoso (PSDB) foi obrigada novamente a se endividar. Na campanha para Presid\u00eancia da Rep\u00fablica de 2002 pagar a d\u00edvida virou promessa de campanha de todos os candidatos, inclusive de Lula. Os passivos no FMI foram quitados no fim de 2005 e, tr\u00eas anos depois, o Brasil virou credor.<\/p>\n<p>A rela\u00e7\u00e3o atual do Brasil pode ser considerada normal. No entanto, em 2014, o pa\u00eds flertou com uma nova ordem mundial e passou a integrar, junto com emergentes como R\u00fassia, \u00cdndia, China e \u00c1frica do Sul o grupo denominado \u201cBrics\u201d, como uma alternativa \u00e0 hegemonia norte-americana. Considerado por especialistas o \u00fanico efeito pr\u00e1tico da cria\u00e7\u00e3o do bloco, a o banco dos Brics foi institu\u00eddo e, desde 2023, \u00e9 presidido por Dilma em Xangai.<\/p>\n<p><strong><a href=\"https:\/\/www.gazetadopovo.com.br\/republica\/brasil-sinaliza-contra-austeridade-fiscal-ao-nomear-economista-antiliberal-para-cargo-no-fmi\/\">Source link<\/a><\/strong><\/p>\n<\/div>\n<p><br \/>\n<br \/><a href=\"https:\/\/paulofigueiredoshow.com\/brasil-sinaliza-contra-austeridade-fiscal-ao-nomear-economista-antiliberal-para-cargo-no-fmi\/\">Source link <\/a><\/p>","protected":false},"excerpt":{"rendered":"<p>A indica\u00e7\u00e3o de um economista de vi\u00e9s antiliberal para uma diretoria do Fundo Monet\u00e1rio Internacional (FMI) \u00e9 uma sinaliza\u00e7\u00e3o do governo de Luiz In\u00e1cio Lula da Silva de contrariedade \u00e0&hellip;<\/p>","protected":false},"author":1,"featured_media":37720,"comment_status":"closed","ping_status":"open","sticky":false,"template":"","format":"standard","meta":{"content-type":"","footnotes":""},"categories":[16],"tags":[20308,20309,123,4304,89,20310,1378],"class_list":["post-37719","post","type-post","status-publish","format-standard","has-post-thumbnail","hentry","category-noticias","tag-andre-roncaglia","tag-antiliberal","tag-brasil","tag-brics","tag-lula","tag-nomear","tag-pt"],"_links":{"self":[{"href":"https:\/\/tvbrazilusa.com\/pt\/wp-json\/wp\/v2\/posts\/37719","targetHints":{"allow":["GET"]}}],"collection":[{"href":"https:\/\/tvbrazilusa.com\/pt\/wp-json\/wp\/v2\/posts"}],"about":[{"href":"https:\/\/tvbrazilusa.com\/pt\/wp-json\/wp\/v2\/types\/post"}],"author":[{"embeddable":true,"href":"https:\/\/tvbrazilusa.com\/pt\/wp-json\/wp\/v2\/users\/1"}],"replies":[{"embeddable":true,"href":"https:\/\/tvbrazilusa.com\/pt\/wp-json\/wp\/v2\/comments?post=37719"}],"version-history":[{"count":1,"href":"https:\/\/tvbrazilusa.com\/pt\/wp-json\/wp\/v2\/posts\/37719\/revisions"}],"predecessor-version":[{"id":37721,"href":"https:\/\/tvbrazilusa.com\/pt\/wp-json\/wp\/v2\/posts\/37719\/revisions\/37721"}],"wp:featuredmedia":[{"embeddable":true,"href":"https:\/\/tvbrazilusa.com\/pt\/wp-json\/wp\/v2\/media\/37720"}],"wp:attachment":[{"href":"https:\/\/tvbrazilusa.com\/pt\/wp-json\/wp\/v2\/media?parent=37719"}],"wp:term":[{"taxonomy":"category","embeddable":true,"href":"https:\/\/tvbrazilusa.com\/pt\/wp-json\/wp\/v2\/categories?post=37719"},{"taxonomy":"post_tag","embeddable":true,"href":"https:\/\/tvbrazilusa.com\/pt\/wp-json\/wp\/v2\/tags?post=37719"}],"curies":[{"name":"wp","href":"https:\/\/api.w.org\/{rel}","templated":true}]}}