{"id":37725,"date":"2024-09-16T00:49:35","date_gmt":"2024-09-16T00:49:35","guid":{"rendered":"https:\/\/tvbrazilusa.com\/2024\/09\/16\/assim-como-alexandre-o-novo-suspeito-de-tentar-matar-trump-tambem-queria-salvar-a-democracia-paulo-figueiredo\/"},"modified":"2024-09-16T02:33:14","modified_gmt":"2024-09-16T02:33:14","slug":"assim-como-alexandre-o-novo-suspeito-de-tentar-matar-trump-tambem-queria-salvar-a-democracia-paulo-figueiredo","status":"publish","type":"post","link":"https:\/\/tvbrazilusa.com\/pt\/2024\/09\/16\/assim-como-alexandre-o-novo-suspeito-de-tentar-matar-trump-tambem-queria-salvar-a-democracia-paulo-figueiredo\/","title":{"rendered":"Assim como Alexandre, o novo suspeito de tentar matar Trump tamb\u00e9m queria &#8220;salvar a democracia&#8221; &#8211; Paulo Figueiredo"},"content":{"rendered":"<p> <script async src=\"https:\/\/pagead2.googlesyndication.com\/pagead\/js\/adsbygoogle.js?client=ca-pub-8864793242727901\"\r\n     crossorigin=\"anonymous\"><\/script><br \/>\n<\/p>\n<div id=\"wtr-content\" data-bg=\"#FFFFFF\" data-fg=\"#006d91\" data-width=\"25\" data-mute=\"1\" data-fgopacity=\"1.00\" data-mutedopacity=\"0.5\" data-placement=\"bottom\" data-placement-offset=\"0\" data-content-offset=\"262\" data-placement-touch=\"bottom\" data-placement-offset-touch=\"0\" data-transparent=\"\" data-shadow=\"0\" data-touch=\"1\" data-non-touch=\"1\" data-comments=\"0\" data-commentsbg=\"transparent\" data-location=\"page\" data-mutedfg=\"#006d91\" data-endfg=\"#006d91\" data-rtl=\"\">\n<p>As postagens nas redes sociais de Ryan Routh, o homem acusado de tentar assassinar Donald Trump, revelam um padr\u00e3o comum entre extremistas que se veem como \u201cdefensores da democracia\u201d. Assim como Alexandre de Moraes, que se posicionou como um \u201cher\u00f3i\u201d ao enfrentar Jair Bolsonaro, Routh parecia acreditar que seu ato violento estava de alguma forma justificado em nome da \u201cprote\u00e7\u00e3o da democracia\u201d.<\/p>\n<p>Em suas contas nas redes sociais, Routh frequentemente fazia coment\u00e1rios radicais e mostrava sua lealdade \u00e0 Ucr\u00e2nia e sua oposi\u00e7\u00e3o feroz a Trump. Ele descrevia Trump como uma \u201camea\u00e7a \u00e0 democracia\u201d, ecoando narrativas populares entre certos grupos da esquerda. Em uma de suas postagens direcionadas ao presidente Joe Biden, ele sugeriu que a campanha de Biden deveria ser chamada de KADAF, um acr\u00f4nimo para \u201cKeep America Democratic and Free\u201d (Mantenha a Am\u00e9rica Democr\u00e1tica e Livre).<\/p>\n<p>Al\u00e9m disso, ele atacava Trump com palavras extremamente duras: \u201cOs Trumps deveriam ser MASA (\u2018Make Americans Slaves Again\u2019 \u2013 Fa\u00e7a os Americanos Escravos Novamente).\u201d Para Routh, a \u201cdemocracia\u201d estava em risco e, de acordo com seus posts, ele parecia acreditar que sua miss\u00e3o era fundamental para preserv\u00e1-la: \u201cA DEMOCRACIA est\u00e1 na c\u00e9dula e n\u00e3o podemos perder. N\u00e3o podemos falhar. O mundo est\u00e1 contando com a gente para mostrar o caminho.\u201d<\/p>\n<div class=\"wp-block-image\">\n<figure class=\"aligncenter size-large is-resized\"><\/figure>\n<\/div>\n<p>Essa ret\u00f3rica, aliada a uma tentativa real de assassinato, levanta preocupa\u00e7\u00f5es sobre o crescente extremismo pol\u00edtico e o uso da viol\u00eancia como meio de \u201cproteger ideologias\u201d. O caso de Ryan Routh, assim como o de muitos outros radicais, reflete uma tend\u00eancia perigosa de justificar atos violentos sob a bandeira da \u201cdefesa da democracia\u201d, um fen\u00f4meno que tem se tornado alarmantemente comum tanto nos EUA quanto em outras partes do mundo.<\/p>\n<p><strong><a href=\"https:\/\/x.com\/realpfigueiredo\/status\/1835473851733475579\">Source link<\/a><\/strong><\/p>\n<\/div>\n<p><br \/>\n<br \/><a href=\"https:\/\/paulofigueiredoshow.com\/assim-como-alexandre-o-novo-suspeito-de-tentar-matar-trump-tambem-queria-salvar-a-democracia\/\">Source link <\/a><\/p>","protected":false},"excerpt":{"rendered":"<p>As postagens nas redes sociais de Ryan Routh, o homem acusado de tentar assassinar Donald Trump, revelam um padr\u00e3o comum entre extremistas que se veem como \u201cdefensores da democracia\u201d. Assim&hellip;<\/p>","protected":false},"author":1,"featured_media":37726,"comment_status":"closed","ping_status":"open","sticky":false,"template":"","format":"standard","meta":{"content-type":"","footnotes":""},"categories":[16],"tags":[1506,4583,356],"class_list":["post-37725","post","type-post","status-publish","format-standard","has-post-thumbnail","hentry","category-noticias","tag-atirador","tag-democracia","tag-trump"],"_links":{"self":[{"href":"https:\/\/tvbrazilusa.com\/pt\/wp-json\/wp\/v2\/posts\/37725","targetHints":{"allow":["GET"]}}],"collection":[{"href":"https:\/\/tvbrazilusa.com\/pt\/wp-json\/wp\/v2\/posts"}],"about":[{"href":"https:\/\/tvbrazilusa.com\/pt\/wp-json\/wp\/v2\/types\/post"}],"author":[{"embeddable":true,"href":"https:\/\/tvbrazilusa.com\/pt\/wp-json\/wp\/v2\/users\/1"}],"replies":[{"embeddable":true,"href":"https:\/\/tvbrazilusa.com\/pt\/wp-json\/wp\/v2\/comments?post=37725"}],"version-history":[{"count":1,"href":"https:\/\/tvbrazilusa.com\/pt\/wp-json\/wp\/v2\/posts\/37725\/revisions"}],"predecessor-version":[{"id":37727,"href":"https:\/\/tvbrazilusa.com\/pt\/wp-json\/wp\/v2\/posts\/37725\/revisions\/37727"}],"wp:featuredmedia":[{"embeddable":true,"href":"https:\/\/tvbrazilusa.com\/pt\/wp-json\/wp\/v2\/media\/37726"}],"wp:attachment":[{"href":"https:\/\/tvbrazilusa.com\/pt\/wp-json\/wp\/v2\/media?parent=37725"}],"wp:term":[{"taxonomy":"category","embeddable":true,"href":"https:\/\/tvbrazilusa.com\/pt\/wp-json\/wp\/v2\/categories?post=37725"},{"taxonomy":"post_tag","embeddable":true,"href":"https:\/\/tvbrazilusa.com\/pt\/wp-json\/wp\/v2\/tags?post=37725"}],"curies":[{"name":"wp","href":"https:\/\/api.w.org\/{rel}","templated":true}]}}