{"id":37770,"date":"2024-09-12T13:33:38","date_gmt":"2024-09-12T13:33:38","guid":{"rendered":"https:\/\/tvbrazilusa.com\/2024\/09\/12\/elmar-e-britto-selam-alianca-para-disputar-presidencia-da-camara-contra-hugo-motta-paulo-figueiredo-2\/"},"modified":"2024-09-16T09:04:11","modified_gmt":"2024-09-16T09:04:11","slug":"elmar-e-britto-selam-alianca-para-disputar-presidencia-da-camara-contra-hugo-motta-paulo-figueiredo-2","status":"publish","type":"post","link":"https:\/\/tvbrazilusa.com\/pt\/2024\/09\/12\/elmar-e-britto-selam-alianca-para-disputar-presidencia-da-camara-contra-hugo-motta-paulo-figueiredo-2\/","title":{"rendered":"Elmar e Britto selam \u2018alian\u00e7a\u2019 para disputar presid\u00eancia da C\u00e2mara contra Hugo Motta &#8211; Paulo Figueiredo"},"content":{"rendered":"<p> <script async src=\"https:\/\/pagead2.googlesyndication.com\/pagead\/js\/adsbygoogle.js?client=ca-pub-8864793242727901\"\r\n     crossorigin=\"anonymous\"><\/script><br \/>\n<\/p>\n<div id=\"wtr-content\" data-bg=\"#FFFFFF\" data-fg=\"#006d91\" data-width=\"25\" data-mute=\"1\" data-fgopacity=\"1.00\" data-mutedopacity=\"0.5\" data-placement=\"bottom\" data-placement-offset=\"0\" data-content-offset=\"262\" data-placement-touch=\"bottom\" data-placement-offset-touch=\"0\" data-transparent=\"\" data-shadow=\"0\" data-touch=\"1\" data-non-touch=\"1\" data-comments=\"\" data-commentsbg=\"transparent\" data-location=\"page\" data-mutedfg=\"#006d91\" data-endfg=\"#006d91\" data-rtl=\"\">\n<h3 class=\"wp-block-heading\">Interlocutores de Motta, contudo, alegam que acordo dificilmente atrapalhar\u00e1 a candidatura do republicano<\/h3>\n<p>Os l\u00edderes Elmar Nascimento (Uni\u00e3o Brasil-BA) e Ant\u00f4nio Britto (PSD-BA) selaram uma\u00a0<strong>\u201calian\u00e7a\u201d<\/strong>\u00a0na noite da segunda-feira 9 em torno da sucess\u00e3o do presidente da C\u00e2mara dos Deputados, Arthur Lira (PP-AL). A dupla \u2014 que agora concorre contra o l\u00edder do Republicanos, deputado Hugo Motta (PB) \u2014 firmou um entendimento de que, com o passar dos meses, a candidatura \u201cmais vi\u00e1vel\u201d vai ter o apoio um do outro.<\/p>\n<p>Inicialmente concorrentes na disputa, os deputados baianos decidiram, ao lado de ambos os partidos, se aliarem para vencer Motta na disputa. O deputado paraibano entrou oficialmente na corrida na semana passada, quando o presidente nacional do Republicanos, Marcos Pereira (SP), desistiu de concorrer ao posto, pois considerou que Motta tinha mais apoio dos l\u00edderes partid\u00e1rios.<\/p>\n<p>Interlocutores de Motta, contudo, alegam que a \u201calian\u00e7a\u201d selada entre os dois partidos dificilmente atrapalhar\u00e1 a candidatura do republicano, por Elmar e Britto seriam como \u201c\u00e1gua e \u00f3leo\u201d.<\/p>\n<p>O acordo entre Britto e Elmar envolveu, at\u00e9 mesmo, a disputa pela presid\u00eancia do Senado. Conforme o combinado entre os partidos, o PSD se encaminha para ser vice na chapa que vai ter o senador Davi Alcolumbre (Uni\u00e3o Brasil-AP) na cabe\u00e7a.<\/p>\n<p>O trio que disputa a C\u00e2mara ainda briga pelo apoio do PL, maior partido da Casa. Conforme apurou\u00a0<strong>Oeste<\/strong>, o PL, contudo, deve seguir quem Lira apoiar. Apesar de indicar a aliados estar mais favor\u00e1vel a escolher Motta, Lira ainda n\u00e3o oficializou o nome de quem ser\u00e1 seu escolhido.<\/p>\n<p>O pleito s\u00f3 ocorre em fevereiro de 2025, mas as discuss\u00f5es j\u00e1 foram antecipadas. A ala de Motta ainda alega ter o apoio do presidente Luiz In\u00e1cio Lula da Silva.<\/p>\n<p><strong><a href=\"https:\/\/revistaoeste.com\/politica\/elmar-e-britto-selam-alianca-para-disputar-presidencia-da-camara-contra-hugo-motta\/\">Source link<\/a><\/strong><\/p>\n<\/div>\n<p><br \/>\n<br \/><a href=\"https:\/\/paulofigueiredoshow.com\/elmar-e-britto-selam-alianca-para-disputar-presidencia-da-camara-contra-hugo-motta\/#comment-2076\">Source link <\/a><\/p>","protected":false},"excerpt":{"rendered":"<p>Interlocutores de Motta, contudo, alegam que acordo dificilmente atrapalhar\u00e1 a candidatura do republicano Os l\u00edderes Elmar Nascimento (Uni\u00e3o Brasil-BA) e Ant\u00f4nio Britto (PSD-BA) selaram uma\u00a0\u201calian\u00e7a\u201d\u00a0na noite da segunda-feira 9 em&hellip;<\/p>","protected":false},"author":1,"featured_media":35169,"comment_status":"closed","ping_status":"open","sticky":false,"template":"","format":"standard","meta":{"content-type":"","footnotes":""},"categories":[16],"tags":[3995,1599,12807,19165,2466,19164],"class_list":["post-37770","post","type-post","status-publish","format-standard","has-post-thumbnail","hentry","category-noticias","tag-combater","tag-deputados","tag-motta","tag-pb","tag-pp","tag-uniao-presidencia"],"_links":{"self":[{"href":"https:\/\/tvbrazilusa.com\/pt\/wp-json\/wp\/v2\/posts\/37770","targetHints":{"allow":["GET"]}}],"collection":[{"href":"https:\/\/tvbrazilusa.com\/pt\/wp-json\/wp\/v2\/posts"}],"about":[{"href":"https:\/\/tvbrazilusa.com\/pt\/wp-json\/wp\/v2\/types\/post"}],"author":[{"embeddable":true,"href":"https:\/\/tvbrazilusa.com\/pt\/wp-json\/wp\/v2\/users\/1"}],"replies":[{"embeddable":true,"href":"https:\/\/tvbrazilusa.com\/pt\/wp-json\/wp\/v2\/comments?post=37770"}],"version-history":[{"count":1,"href":"https:\/\/tvbrazilusa.com\/pt\/wp-json\/wp\/v2\/posts\/37770\/revisions"}],"predecessor-version":[{"id":37771,"href":"https:\/\/tvbrazilusa.com\/pt\/wp-json\/wp\/v2\/posts\/37770\/revisions\/37771"}],"wp:featuredmedia":[{"embeddable":true,"href":"https:\/\/tvbrazilusa.com\/pt\/wp-json\/wp\/v2\/media\/35169"}],"wp:attachment":[{"href":"https:\/\/tvbrazilusa.com\/pt\/wp-json\/wp\/v2\/media?parent=37770"}],"wp:term":[{"taxonomy":"category","embeddable":true,"href":"https:\/\/tvbrazilusa.com\/pt\/wp-json\/wp\/v2\/categories?post=37770"},{"taxonomy":"post_tag","embeddable":true,"href":"https:\/\/tvbrazilusa.com\/pt\/wp-json\/wp\/v2\/tags?post=37770"}],"curies":[{"name":"wp","href":"https:\/\/api.w.org\/{rel}","templated":true}]}}