{"id":37799,"date":"2024-09-16T11:32:17","date_gmt":"2024-09-16T11:32:17","guid":{"rendered":"https:\/\/tvbrazilusa.com\/2024\/09\/16\/honra-datena-e-defendido-por-malafaia-apos-agredir-pablo-marcal\/"},"modified":"2024-09-16T11:32:18","modified_gmt":"2024-09-16T11:32:18","slug":"honra-datena-e-defendido-por-malafaia-apos-agredir-pablo-marcal","status":"publish","type":"post","link":"https:\/\/tvbrazilusa.com\/pt\/2024\/09\/16\/honra-datena-e-defendido-por-malafaia-apos-agredir-pablo-marcal\/","title":{"rendered":"&#8216;HONRA&#8217;: Datena \u00e9 defendido por Malafaia ap\u00f3s agredir Pablo Mar\u00e7al"},"content":{"rendered":"<p> <script async src=\"https:\/\/pagead2.googlesyndication.com\/pagead\/js\/adsbygoogle.js?client=ca-pub-8864793242727901\"\r\n     crossorigin=\"anonymous\"><\/script><br \/>\n<\/p>\n<div id=\"taboola-read-more\" style=\"display:block; width:100%\">\n<p>O pastor Silas Malafaia saiu em defesa de Jos\u00e9 Luiz Datena ap\u00f3s o candidato do PSDB dar uma cadeirada em Pablo Mar\u00e7al (PRTB) no debate da TV Cultura entre postulantes a prefeito de S\u00e3o Paulo, neste domingo (15\/9). De acordo com o religioso, o ex-coach \u201catingiu a honra\u201d do apresentador e fez \u201cjogo de cena\u201d ao solicitar ambul\u00e2ncia e atendimento m\u00e9dico.<\/p>\n<p>Escreveu o religioso em mensagem destinada a seus contatos no WhatsApp: \u201cPablo Mar\u00e7al atinge a honra de Datena, toma cadeirada, sai andando e pede ambul\u00e2ncia. Vem a\u00ed mais uma arma\u00e7\u00e3o de vitimiza\u00e7\u00e3o!\u201d.<\/p>\n<p>Por meio de nota divulgada por sua campanha, Pablo Mar\u00e7al disse estar com \u201cmuita dificuldade para respirar e \u201ccom suspeita de fraturas na regi\u00e3o tor\u00e1cica\u201d.<\/p>\n<p>\u201cInfelizmente, Mar\u00e7al precisou sair do debate \u00e0s pressas, em uma ambul\u00e2ncia, para receber cuidados m\u00e9dicos em car\u00e1ter emergencial. \u00c9 lament\u00e1vel que o debate tenha continuado, mesmo sem a presen\u00e7a do candidato agredido. Pablo Mar\u00e7al est\u00e1 ferido, com suspeita de fraturas na regi\u00e3o tor\u00e1cica e muita dificuldade para respirar\u201d, disse a assessoria do candidato em nota.<\/p>\n<p><strong>Provoca\u00e7\u00e3o e cadeirada<\/strong><br \/>Durante o terceiro bloco do debate, Mar\u00e7al chamou Datena de \u201carreg\u00e3o\u201d e perguntou quando o tucano iria desistir da disputa eleitoral. O candidato do PSDB foi at\u00e9 o p\u00falpito do advers\u00e1rio e atirou nele uma cadeira. O debate, ent\u00e3o, foi interrompido.<\/p>\n<p>Em uma postagem em seu perfil no Instagram, Mar\u00e7al escreveu: \u201cEssa \u00e9 a esquerda do amor\u201d. Antes de deixar o debate, Mar\u00e7al chegou a voltar para o p\u00falpito e conversar com o mediador. Ele saiu do est\u00fadio andando.<\/p>\n<p>Minutos ap\u00f3s o epis\u00f3dio, a assessoria de Mar\u00e7al afirmou, por meio de nota, que o candidato do PRTB \u201cprecisou sair do debate \u00e0s pressas, em uma ambul\u00e2ncia, para receber cuidados m\u00e9dicos em car\u00e1ter emergencial\u201d. Ele seguiu para o Hospital S\u00edrio-Liban\u00eas.<\/p>\n<p>Ap\u00f3s a agress\u00e3o, Datena disse n\u00e3o se arrepender do ocorrido.<\/p>\n<p>Fonte: Metr\u00f3poles<\/p>\n<\/p><\/div>\n<p><br \/>\n<br \/><a href=\"https:\/\/diariodobrasilnoticias.com.br\/noticia\/-honra-datena-e-defendido-por-malafaia-apos-agredir-pablo-marcal-66e811d01df9f\">Source link <\/a><\/p>","protected":false},"excerpt":{"rendered":"<p>O pastor Silas Malafaia saiu em defesa de Jos\u00e9 Luiz Datena ap\u00f3s o candidato do PSDB dar uma cadeirada em Pablo Mar\u00e7al (PRTB) no debate da TV Cultura entre postulantes&hellip;<\/p>","protected":false},"author":1,"featured_media":37800,"comment_status":"closed","ping_status":"open","sticky":false,"template":"","format":"standard","meta":{"content-type":"","footnotes":""},"categories":[16],"tags":[123,2448,5313,1267],"class_list":["post-37799","post","type-post","status-publish","format-standard","has-post-thumbnail","hentry","category-noticias","tag-brasil","tag-diario","tag-noticia","tag-noticias"],"_links":{"self":[{"href":"https:\/\/tvbrazilusa.com\/pt\/wp-json\/wp\/v2\/posts\/37799","targetHints":{"allow":["GET"]}}],"collection":[{"href":"https:\/\/tvbrazilusa.com\/pt\/wp-json\/wp\/v2\/posts"}],"about":[{"href":"https:\/\/tvbrazilusa.com\/pt\/wp-json\/wp\/v2\/types\/post"}],"author":[{"embeddable":true,"href":"https:\/\/tvbrazilusa.com\/pt\/wp-json\/wp\/v2\/users\/1"}],"replies":[{"embeddable":true,"href":"https:\/\/tvbrazilusa.com\/pt\/wp-json\/wp\/v2\/comments?post=37799"}],"version-history":[{"count":1,"href":"https:\/\/tvbrazilusa.com\/pt\/wp-json\/wp\/v2\/posts\/37799\/revisions"}],"predecessor-version":[{"id":37801,"href":"https:\/\/tvbrazilusa.com\/pt\/wp-json\/wp\/v2\/posts\/37799\/revisions\/37801"}],"wp:featuredmedia":[{"embeddable":true,"href":"https:\/\/tvbrazilusa.com\/pt\/wp-json\/wp\/v2\/media\/37800"}],"wp:attachment":[{"href":"https:\/\/tvbrazilusa.com\/pt\/wp-json\/wp\/v2\/media?parent=37799"}],"wp:term":[{"taxonomy":"category","embeddable":true,"href":"https:\/\/tvbrazilusa.com\/pt\/wp-json\/wp\/v2\/categories?post=37799"},{"taxonomy":"post_tag","embeddable":true,"href":"https:\/\/tvbrazilusa.com\/pt\/wp-json\/wp\/v2\/tags?post=37799"}],"curies":[{"name":"wp","href":"https:\/\/api.w.org\/{rel}","templated":true}]}}