{"id":37802,"date":"2024-09-16T11:36:50","date_gmt":"2024-09-16T11:36:50","guid":{"rendered":"https:\/\/tvbrazilusa.com\/2024\/09\/16\/depressao-tropical-pode-atingir-nj-com-chuvas-pesadas-ultima-previsao\/"},"modified":"2024-09-16T11:43:04","modified_gmt":"2024-09-16T11:43:04","slug":"depressao-tropical-pode-atingir-nj-com-chuvas-pesadas-ultima-previsao","status":"publish","type":"post","link":"https:\/\/tvbrazilusa.com\/pt\/2024\/09\/16\/depressao-tropical-pode-atingir-nj-com-chuvas-pesadas-ultima-previsao\/","title":{"rendered":"Depress\u00e3o tropical pode atingir NJ com chuvas pesadas. \u00daltima previs\u00e3o."},"content":{"rendered":"<p> <script async src=\"https:\/\/pagead2.googlesyndication.com\/pagead\/js\/adsbygoogle.js?client=ca-pub-8864793242727901\"\r\n     crossorigin=\"anonymous\"><\/script><br \/>\n<\/p>\n<div>\n<p class=\"article__paragraph article__paragraph--left\" id=\"NFHVVSKSSZH6BBERBHCCKWEOQQ\">Nova Jersey ter\u00e1 mais um dia de tempo ensolarado e seco na segunda-feira antes que as condi\u00e7\u00f5es fiquem mais nubladas e inst\u00e1veis, com o estado podendo ser atingido por fortes chuvas na ter\u00e7a \u00e0 noite e quarta de manh\u00e3, enquanto a depress\u00e3o tropical 8 avan\u00e7a para o norte.<\/p>\n<p class=\"article__paragraph article__paragraph--left\" id=\"WURKIH7WBNARZLBBF5QI5GBRNE\">A segunda-feira deve ser agrad\u00e1vel, com m\u00e1ximas na casa dos 70 graus, antes que as nuvens aumentem e as temperaturas caiam para os 60 graus durante a noite. Para os banhistas, h\u00e1 um alto risco de correntes de retorno no oceano e quase todas as praias est\u00e3o desprotegidas em uma segunda-feira de meados de setembro, ent\u00e3o os nadadores devem ser muito cautelosos ao entrar no oceano.<\/p>\n<p class=\"article__paragraph article__paragraph--left\" id=\"E5PBHPZ54BEWVFVVOKZPILO7KU\">H\u00e1 tamb\u00e9m um alerta de inunda\u00e7\u00e3o costeira em vigor ao longo da Costa de Jersey das 18h \u00e0 meia-noite. Inunda\u00e7\u00f5es pontuais, leves e leves s\u00e3o esperadas.<\/p>\n<p class=\"article__paragraph article__paragraph--left\" id=\"BSEACPLWKVEF3O3S37CF4B6TYY\">A depress\u00e3o tropical 8 est\u00e1 na costa da Carolina do Sul na manh\u00e3 de segunda-feira e lentamente avan\u00e7ar\u00e1 para o interior das Carolinas nos pr\u00f3ximos dias, dizem os meteorologistas.<\/p>\n<figure class=\"article__image\">\n<div class=\"article__image-wrapper\"><picture><source media=\"(max-width: 500px)\" srcset=\"https:\/\/www.nj.com\/resizer\/v2\/PLBGGEDTMRCJPKMK2LUHM5LN24.jpg?auth=b22d103a5e4d2590a1c60ce7ba0129b01f4e7a4c6e4dfd1f01408d1338ede479&#038;width=500&#038;quality=90 500w\"\/><source media=\"(max-width: 800px)\" srcset=\"https:\/\/www.nj.com\/resizer\/v2\/PLBGGEDTMRCJPKMK2LUHM5LN24.jpg?auth=b22d103a5e4d2590a1c60ce7ba0129b01f4e7a4c6e4dfd1f01408d1338ede479&#038;width=800&#038;quality=90 800w\"\/><source srcset=\"https:\/\/www.nj.com\/resizer\/v2\/PLBGGEDTMRCJPKMK2LUHM5LN24.jpg?auth=b22d103a5e4d2590a1c60ce7ba0129b01f4e7a4c6e4dfd1f01408d1338ede479&#038;width=1280&#038;quality=90 1280w\"\/><\/picture><figcaption class=\"article__image-caption\">\n<p class=\"article__mm-image-caption-text\">Pequenas inunda\u00e7\u00f5es costeiras e correntes de retorno provavelmente afetar\u00e3o Nova Jersey nos pr\u00f3ximos dias.<span class=\"article__mm-image-credit\">AccuWeather.com<\/span><\/p>\n<\/figcaption><\/div>\n<\/figure>\n<p class=\"article__paragraph article__paragraph--left\" id=\"FF34KU7BRVDMLPQTWDZ4MWC6GA\">Veremos muito pouco sol na ter\u00e7a-feira em Nova Jersey, embora devamos permanecer sem chuva o dia todo e \u00e0 noite, \u00e0 medida que nossa longa sequ\u00eancia de clima \u00f3timo de fim de ver\u00e3o chega ao fim. As m\u00e1ximas subir\u00e3o para meados dos 70.<\/p>\n<p class=\"article__paragraph article__paragraph--left\" id=\"GJL7XTDW2BBN3JHPHIAXYQVOSM\">\u00c9 poss\u00edvel que ocorram pancadas de chuva e trovoadas na noite de ter\u00e7a-feira at\u00e9 quarta-feira no sul de Jersey, especialmente em \u00e1reas ao sul da Filad\u00e9lfia, informou o Servi\u00e7o Nacional de Meteorologia em sua discuss\u00e3o de previs\u00e3o na manh\u00e3 de segunda-feira.<\/p>\n<p class=\"article__paragraph article__paragraph--left\" id=\"V2UYPUSV7JBVHG524TNBNF54YA\">A depress\u00e3o tropical n\u00e3o passar\u00e1 diretamente sobre Nova Jersey, embora condi\u00e7\u00f5es nubladas e pancadas de chuva sejam poss\u00edveis na quarta e quinta-feira. As m\u00e1ximas ser\u00e3o de 70 durante o dia e 60 \u00e0 noite.<\/p>\n<p class=\"article__paragraph article__paragraph--left\" id=\"WTJYS2WRVRBVJMVZKSPZM57JWU\">O servi\u00e7o meteorol\u00f3gico disse que h\u00e1 uma chance de 20 a 40% de chuva na quinta e sexta-feira.<\/p>\n<h2 class=\"article-heading\">Radar meteorol\u00f3gico atual<\/h2>\n<div class=\"rawhtml\">\n<p><img decoding=\"async\" style=\"width: 100%; height: auto;\" src=\"http:\/\/sirocco.accuweather.com\/nx_mosaic_640x480_public\/sir\/inmasirPA_.gif\" alt=\"\"\/><\/p>\n<\/div>\n<p class=\"article__paragraph article__paragraph--left\" id=\"URP4S2DHVJB73AAI5DZSQ2V5GY\"><i>Nosso jornalismo precisa do seu apoio. Por favor, assine hoje mesmo <\/i><a href=\"https:\/\/www.nj.com\/\"><i>NJ.com<\/i><\/a><i>.<\/i><\/p>\n<p class=\"article__paragraph article__paragraph--left\" id=\"ZFHB3QQFUFHBLGSHRQDI6KOKRU\"><i>Jeff Goldman pode ser contatado em <\/i><a href=\"https:\/\/www.nj.com\/weather\/2024\/09\/mailto:jeff_goldman@njadvancemedia.com\"><i>jeff_goldman@njadvancemedia.com<\/i><\/a><i>.<\/i><\/p>\n<\/div>\n<p><br \/>\n<br \/><a href=\"https:\/\/www.nj.com\/weather\/2024\/09\/nj-weather-tropical-depression-could-hit-state-with-heavy-rain-latest-forecast.html\">Source link <\/a><\/p>","protected":false},"excerpt":{"rendered":"<p>Nova Jersey ter\u00e1 mais um dia de tempo ensolarado e seco na segunda-feira antes que as condi\u00e7\u00f5es fiquem mais nubladas e inst\u00e1veis, com o estado podendo ser atingido por fortes&hellip;<\/p>","protected":false},"author":1,"featured_media":37803,"comment_status":"closed","ping_status":"open","sticky":false,"template":"","format":"standard","meta":{"content-type":"","footnotes":""},"categories":[1],"tags":[],"class_list":["post-37802","post","type-post","status-publish","format-standard","has-post-thumbnail","hentry","category-uncategorized"],"_links":{"self":[{"href":"https:\/\/tvbrazilusa.com\/pt\/wp-json\/wp\/v2\/posts\/37802","targetHints":{"allow":["GET"]}}],"collection":[{"href":"https:\/\/tvbrazilusa.com\/pt\/wp-json\/wp\/v2\/posts"}],"about":[{"href":"https:\/\/tvbrazilusa.com\/pt\/wp-json\/wp\/v2\/types\/post"}],"author":[{"embeddable":true,"href":"https:\/\/tvbrazilusa.com\/pt\/wp-json\/wp\/v2\/users\/1"}],"replies":[{"embeddable":true,"href":"https:\/\/tvbrazilusa.com\/pt\/wp-json\/wp\/v2\/comments?post=37802"}],"version-history":[{"count":1,"href":"https:\/\/tvbrazilusa.com\/pt\/wp-json\/wp\/v2\/posts\/37802\/revisions"}],"predecessor-version":[{"id":37804,"href":"https:\/\/tvbrazilusa.com\/pt\/wp-json\/wp\/v2\/posts\/37802\/revisions\/37804"}],"wp:featuredmedia":[{"embeddable":true,"href":"https:\/\/tvbrazilusa.com\/pt\/wp-json\/wp\/v2\/media\/37803"}],"wp:attachment":[{"href":"https:\/\/tvbrazilusa.com\/pt\/wp-json\/wp\/v2\/media?parent=37802"}],"wp:term":[{"taxonomy":"category","embeddable":true,"href":"https:\/\/tvbrazilusa.com\/pt\/wp-json\/wp\/v2\/categories?post=37802"},{"taxonomy":"post_tag","embeddable":true,"href":"https:\/\/tvbrazilusa.com\/pt\/wp-json\/wp\/v2\/tags?post=37802"}],"curies":[{"name":"wp","href":"https:\/\/api.w.org\/{rel}","templated":true}]}}