{"id":37808,"date":"2024-09-16T11:59:24","date_gmt":"2024-09-16T11:59:24","guid":{"rendered":"https:\/\/tvbrazilusa.com\/2024\/09\/16\/marcal-posta-video-em-ambulancia-apos-cadeirada-de-datena-assista\/"},"modified":"2024-09-16T11:59:25","modified_gmt":"2024-09-16T11:59:25","slug":"marcal-posta-video-em-ambulancia-apos-cadeirada-de-datena-assista","status":"publish","type":"post","link":"https:\/\/tvbrazilusa.com\/pt\/2024\/09\/16\/marcal-posta-video-em-ambulancia-apos-cadeirada-de-datena-assista\/","title":{"rendered":"Mar\u00e7al posta v\u00eddeo em ambul\u00e2ncia ap\u00f3s cadeirada de Datena; ASSISTA"},"content":{"rendered":"<p> <script async src=\"https:\/\/pagead2.googlesyndication.com\/pagead\/js\/adsbygoogle.js?client=ca-pub-8864793242727901\"\r\n     crossorigin=\"anonymous\"><\/script><br \/>\n<\/p>\n<div>\n<figure class=\"post-image\">\n<\/figure>\n<p><span style=\"font-size: 12px\">Reprodu\u00e7\u00e3o<\/span><\/p>\n<div id=\"taboola-read-more\" style=\"display:block; width:100%\">\n<p>O ex-coach e candidato \u00e0 Prefeitura de S\u00e3o Paulo Pablo Mar\u00e7al (PRTB) publicou um v\u00eddeo deitado em uma maca e em uma ambul\u00e2ncia depois de ter levado uma cadeirada de Jos\u00e9 Luiz Datena (PSDB), seu advers\u00e1rio na disputa. A agress\u00e3o se deu em debate da TV Cultura na noite de domingo (15.set.2024).<\/p>\n<p>Na grava\u00e7\u00e3o, \u00e9 poss\u00edvel ver o influenciador usando uma m\u00e1scara aparentemente de oxig\u00eanio e sendo atendido por uma profissional de sa\u00fade. Pessoas que parecem ser da seguran\u00e7a ou assessores de Mar\u00e7al tentam o tranquilizar.<\/p>\n<p>ASSISTA:<\/p>\n<p>Antes da agress\u00e3o, o ex-coach havia sido sorteado para fazer uma pergunta a Datena. Questionou o apresentador sobre quando ele iria desistir na disputa e o chamou, depois, de\u00a0<em>\u201carreg\u00e3o\u201d<\/em>.<\/p>\n<p>A campanha de Mar\u00e7al disse que o ex-coach est\u00e1 com suspeitas de fraturas na regi\u00e3o tor\u00e1cica e com dificuldade para respirar.<\/p>\n<p>Em nota (leia abaixo a \u00edntegra), a assessoria de imprensa do candidato informou que ele foi levado ao Hospital S\u00edrio-Liban\u00eas \u201c\u00e0s pressas\u201d depois da agress\u00e3o.<\/p>\n<p>Em sua conta reserva no Instagram (a Justi\u00e7a Eleitoral suspendeu os perfis oficiais do candidato em agosto), Mar\u00e7al publicou foto internado no hospital em que faz o \u201cM\u201d com as m\u00e3os.<\/p>\n<p><img decoding=\"async\" src=\"https:\/\/static.poder360.com.br\/2024\/09\/marcal-hospital-15set2024.png\" alt=\"\" width=\"100%\"\/><\/p>\n<p>No v\u00eddeo em que aparece na ambul\u00e2ncia com uma m\u00e1scara, internautas que se identificam como seguidores de Mar\u00e7al criticaram o candidato e classificaram o momento como\u00a0<em>\u201cdrama\u201d<\/em>.<\/p>\n<p><img decoding=\"async\" src=\"https:\/\/static.poder360.com.br\/2024\/09\/comentarios-post-marcal-ambulancia-16-set-2024.png\" alt=\"\" width=\"100%\"\/><\/p>\n<p>Fonte: Poder360<\/p>\n<\/p><\/div>\n<div class=\"row mt-3\">\n<div class=\"col-sm-6\">\n<p><a href=\"https:\/\/chat.whatsapp.com\/GwURnmOyPiN1XheGYvCspN\" target=\"_blank\" rel=\"noopener\"><br \/>\n<img decoding=\"async\" src=\"https:\/\/diariodobrasilnoticias.com.br\/assets-site\/images\/bot_whatsapp.png\"\/><\/a>\n<\/div>\n<div class=\"col-sm-6\">\n<a href=\"https:\/\/t.me\/+_4gTmi5LKo03OTM5\" target=\"_blank\" rel=\"noopener\"><br \/>\n<img decoding=\"async\" src=\"https:\/\/diariodobrasilnoticias.com.br\/assets-site\/images\/bot_telegram.png\"\/><\/a>\n<\/div>\n<\/div>\n<\/div>\n<p><br \/>\n<br \/><a href=\"https:\/\/diariodobrasilnoticias.com.br\/noticia\/marcal-posta-video-em-ambulancia-apos-cadeirada-de-datena-assista-66e809394b9ac\">Source link <\/a><\/p>","protected":false},"excerpt":{"rendered":"<p>Reprodu\u00e7\u00e3o O ex-coach e candidato \u00e0 Prefeitura de S\u00e3o Paulo Pablo Mar\u00e7al (PRTB) publicou um v\u00eddeo deitado em uma maca e em uma ambul\u00e2ncia depois de ter levado uma cadeirada&hellip;<\/p>","protected":false},"author":1,"featured_media":37809,"comment_status":"closed","ping_status":"open","sticky":false,"template":"","format":"standard","meta":{"content-type":"","footnotes":""},"categories":[16],"tags":[123,2448,5313,1267],"class_list":["post-37808","post","type-post","status-publish","format-standard","has-post-thumbnail","hentry","category-noticias","tag-brasil","tag-diario","tag-noticia","tag-noticias"],"_links":{"self":[{"href":"https:\/\/tvbrazilusa.com\/pt\/wp-json\/wp\/v2\/posts\/37808","targetHints":{"allow":["GET"]}}],"collection":[{"href":"https:\/\/tvbrazilusa.com\/pt\/wp-json\/wp\/v2\/posts"}],"about":[{"href":"https:\/\/tvbrazilusa.com\/pt\/wp-json\/wp\/v2\/types\/post"}],"author":[{"embeddable":true,"href":"https:\/\/tvbrazilusa.com\/pt\/wp-json\/wp\/v2\/users\/1"}],"replies":[{"embeddable":true,"href":"https:\/\/tvbrazilusa.com\/pt\/wp-json\/wp\/v2\/comments?post=37808"}],"version-history":[{"count":1,"href":"https:\/\/tvbrazilusa.com\/pt\/wp-json\/wp\/v2\/posts\/37808\/revisions"}],"predecessor-version":[{"id":37810,"href":"https:\/\/tvbrazilusa.com\/pt\/wp-json\/wp\/v2\/posts\/37808\/revisions\/37810"}],"wp:featuredmedia":[{"embeddable":true,"href":"https:\/\/tvbrazilusa.com\/pt\/wp-json\/wp\/v2\/media\/37809"}],"wp:attachment":[{"href":"https:\/\/tvbrazilusa.com\/pt\/wp-json\/wp\/v2\/media?parent=37808"}],"wp:term":[{"taxonomy":"category","embeddable":true,"href":"https:\/\/tvbrazilusa.com\/pt\/wp-json\/wp\/v2\/categories?post=37808"},{"taxonomy":"post_tag","embeddable":true,"href":"https:\/\/tvbrazilusa.com\/pt\/wp-json\/wp\/v2\/tags?post=37808"}],"curies":[{"name":"wp","href":"https:\/\/api.w.org\/{rel}","templated":true}]}}