{"id":37814,"date":"2024-09-16T12:13:10","date_gmt":"2024-09-16T12:13:10","guid":{"rendered":"https:\/\/tvbrazilusa.com\/2024\/09\/16\/veja-a-pergunta-que-fez-o-apresentador-datena-agredir-pablo-marcal-veja-video\/"},"modified":"2024-09-16T12:13:11","modified_gmt":"2024-09-16T12:13:11","slug":"veja-a-pergunta-que-fez-o-apresentador-datena-agredir-pablo-marcal-veja-video","status":"publish","type":"post","link":"https:\/\/tvbrazilusa.com\/pt\/2024\/09\/16\/veja-a-pergunta-que-fez-o-apresentador-datena-agredir-pablo-marcal-veja-video\/","title":{"rendered":"Veja a pergunta que fez o apresentador Datena agredir Pablo Mar\u00e7al; VEJA V\u00cdDEO"},"content":{"rendered":"<p> <script async src=\"https:\/\/pagead2.googlesyndication.com\/pagead\/js\/adsbygoogle.js?client=ca-pub-8864793242727901\"\r\n     crossorigin=\"anonymous\"><\/script><br \/>\n<\/p>\n<div id=\"taboola-read-more\" style=\"display:block; width:100%\">\n<p>No debate realizado pela TV Cultura, o candidato Pablo Mar\u00e7al recordou a den\u00fancia de ass\u00e9dio sexual cometida pelo candidato do PSDB, Jos\u00e9 Luiz Datena. O tucano disse que o caso foi arquivado pela Justi\u00e7a. Em 2019, Bruna Drews, ent\u00e3o rep\u00f3rter do programa Brasil Urgente, disse ter sido assediada por Datena. Ela afirmou, na \u00e9poca, que o apresentador frequentemente fazia coment\u00e1rios sobre seu corpo e de cunho sexual. Ap\u00f3s a repercuss\u00e3o, ela se retratou e protocolou uma declara\u00e7\u00e3o no cart\u00f3rio em que afirma ter mentido. Dias depois, no entanto, afirmou nas redes ter sido induzida a se retratar.<\/p>\n<p>ASSISTA:<\/p>\n<p>V\u00eddeo:\u00a0<a class=\"x1i10hfl xjbqb8w x1ejq31n xd10rxx x1sy0etr x17r0tee x972fbf xcfux6l x1qhh985 xm0m39n x9f619 x1ypdohk xt0psk2 xe8uvvx xdj266r x11i5rnm xat24cr x1mh8g0r xexx8yu x4uap5 x18d9i69 xkhd6sd x16tdsg8 x1hl2dhg xggy1nq x1a2a7pz notranslate _a6hd\" tabindex=\"0\" href=\"https:\/\/www.instagram.com\/tvcultura\/\">@tvcultura<\/a><\/p>\n<p>Fonte: Folha de S. Paulo<\/p>\n<\/p><\/div>\n<p><script async src=\"\/\/www.instagram.com\/embed.js\"><\/script><br \/>\n<br \/><br \/>\n<br \/><a href=\"https:\/\/diariodobrasilnoticias.com.br\/noticia\/veja-a-pergunta-que-fez-o-apresentador-datena-agredir-pablo-marcal-veja-video-66e807b72e874\">Source link <\/a><\/p>","protected":false},"excerpt":{"rendered":"<p>No debate realizado pela TV Cultura, o candidato Pablo Mar\u00e7al recordou a den\u00fancia de ass\u00e9dio sexual cometida pelo candidato do PSDB, Jos\u00e9 Luiz Datena. O tucano disse que o caso&hellip;<\/p>","protected":false},"author":1,"featured_media":37815,"comment_status":"closed","ping_status":"open","sticky":false,"template":"","format":"standard","meta":{"content-type":"","footnotes":""},"categories":[16],"tags":[123,2448,5313,1267],"class_list":["post-37814","post","type-post","status-publish","format-standard","has-post-thumbnail","hentry","category-noticias","tag-brasil","tag-diario","tag-noticia","tag-noticias"],"_links":{"self":[{"href":"https:\/\/tvbrazilusa.com\/pt\/wp-json\/wp\/v2\/posts\/37814","targetHints":{"allow":["GET"]}}],"collection":[{"href":"https:\/\/tvbrazilusa.com\/pt\/wp-json\/wp\/v2\/posts"}],"about":[{"href":"https:\/\/tvbrazilusa.com\/pt\/wp-json\/wp\/v2\/types\/post"}],"author":[{"embeddable":true,"href":"https:\/\/tvbrazilusa.com\/pt\/wp-json\/wp\/v2\/users\/1"}],"replies":[{"embeddable":true,"href":"https:\/\/tvbrazilusa.com\/pt\/wp-json\/wp\/v2\/comments?post=37814"}],"version-history":[{"count":1,"href":"https:\/\/tvbrazilusa.com\/pt\/wp-json\/wp\/v2\/posts\/37814\/revisions"}],"predecessor-version":[{"id":37816,"href":"https:\/\/tvbrazilusa.com\/pt\/wp-json\/wp\/v2\/posts\/37814\/revisions\/37816"}],"wp:featuredmedia":[{"embeddable":true,"href":"https:\/\/tvbrazilusa.com\/pt\/wp-json\/wp\/v2\/media\/37815"}],"wp:attachment":[{"href":"https:\/\/tvbrazilusa.com\/pt\/wp-json\/wp\/v2\/media?parent=37814"}],"wp:term":[{"taxonomy":"category","embeddable":true,"href":"https:\/\/tvbrazilusa.com\/pt\/wp-json\/wp\/v2\/categories?post=37814"},{"taxonomy":"post_tag","embeddable":true,"href":"https:\/\/tvbrazilusa.com\/pt\/wp-json\/wp\/v2\/tags?post=37814"}],"curies":[{"name":"wp","href":"https:\/\/api.w.org\/{rel}","templated":true}]}}