{"id":37817,"date":"2024-09-16T12:00:00","date_gmt":"2024-09-16T12:00:00","guid":{"rendered":"https:\/\/tvbrazilusa.com\/2024\/09\/16\/elizabeth-warren-comparece-ao-forum-de-boston-sobre-membros-do-servico-e-divulga-relatorio\/"},"modified":"2024-09-16T12:18:14","modified_gmt":"2024-09-16T12:18:14","slug":"elizabeth-warren-comparece-ao-forum-de-boston-sobre-membros-do-servico-e-divulga-relatorio","status":"publish","type":"post","link":"https:\/\/tvbrazilusa.com\/pt\/2024\/09\/16\/elizabeth-warren-comparece-ao-forum-de-boston-sobre-membros-do-servico-e-divulga-relatorio\/","title":{"rendered":"Elizabeth Warren comparece ao f\u00f3rum de Boston sobre membros do servi\u00e7o e divulga relat\u00f3rio"},"content":{"rendered":"<p> <script async src=\"https:\/\/pagead2.googlesyndication.com\/pagead\/js\/adsbygoogle.js?client=ca-pub-8864793242727901\"\r\n     crossorigin=\"anonymous\"><\/script><br \/>\n<\/p>\n<div id=\"\">\n<header class=\"m-article-header m-article-header--standard\">\n\t\t\t\t\t\t\t\t\t\t\t\t<span id=\"article-header-primary-term\"><br \/>\n\t\t\t\t\t\t\t\t<a class=\"a-term a-term--primary\" href=\"https:\/\/www.boston.com\/tag\/politics\/\"><\/p>\n<p>\t\t\t\t\t\t\t\tPol\u00edtica\t\t\t\t\t\t\t\t<\/a><br \/>\n\t\t\t\t\t\t\t<\/span><\/p>\n<h2 class=\"m-article-header__sub-headline\">\u201cOs republicanos querem tirar os direitos das pessoas que arriscam suas vidas para nos manter seguros\u201d, disse o senador.<\/h2>\n<figure class=\"a-photo m-article-header__photo\"><figcaption class=\"a-photo__caption\">\n<p>\tA senadora Elizabeth Warren, D-Massachusetts, discursa durante a Conven\u00e7\u00e3o Nacional Democrata, quinta-feira, 22 de agosto de 2024, em Chicago. <em> Brynn Anderson \/ AP<\/em>\t<\/figcaption><\/figure>\n<\/header>\n<p>Senador. <a href=\"https:\/\/www.boston.com\/tag\/elizabeth-warren\/\">Elizabeth Warren<\/a> est\u00e1 divulgando um relat\u00f3rio sobre suas realiza\u00e7\u00f5es como membro do Comit\u00ea de Servi\u00e7os Armados do Senado na segunda-feira, ap\u00f3s seus coment\u00e1rios <a href=\"https:\/\/www.bostonglobe.com\/2024\/09\/08\/metro\/traumatic-brain-injury-robert-card\/\">em um f\u00f3rum em Boston<\/a> 6 de setembro, pedindo mais ferramentas para prevenir e tratar les\u00f5es cerebrais traum\u00e1ticas em militares.<\/p>\n<p>\u201cTodos os meus tr\u00eas irm\u00e3os serviram no ex\u00e9rcito, ent\u00e3o apoiar nossos membros do servi\u00e7o ativo e nossos veteranos \u00e9 algo pessoal para mim\u201d, disse Warren no painel no Spaulding Rehabilitation Hospital em Charlestown. \u201cOs membros do servi\u00e7o colocam suas vidas em risco e, em troca, temos o dever de fazer tudo o que pudermos para mant\u00ea-los seguros, proteg\u00ea-los de riscos desnecess\u00e1rios e dar a eles o cuidado que merecem.\u201d<\/p>\n<p>Warren <a href=\"https:\/\/www.ernst.senate.gov\/news\/press-releases\/ernst-warren-announce-bipartisan-bill-to-mitigate-blast-overpressure-and-protect-servicemembers\">legisla\u00e7\u00e3o recentemente introduzida<\/a> que ajudaria a mitigar a sobrepress\u00e3o da explos\u00e3o aumentando as medidas de triagem, rastreamento, preven\u00e7\u00e3o e tratamento. <\/p>\n<p>\u201cH\u00e1 cada vez mais evid\u00eancias de que a sobrepress\u00e3o das explos\u00f5es est\u00e1 causando danos f\u00edsicos substanciais aos c\u00e9rebros de nossos militares\u201d, disse Warren, que falou com v\u00e1rios senadores em Washington para discutir as descobertas da reuni\u00e3o de Boston, ao Boston.com.<\/p>\n<p>Como membro do Comit\u00ea de Servi\u00e7os Armados do Senado por oito anos, Warren apresentou 41 projetos de lei encaminhados ao Comit\u00ea e foi coautor de outros 63, de acordo com um relat\u00f3rio exclusivo compartilhado com o Boston.com. <\/p>\n<p>Warren tamb\u00e9m tentou resolver outros problemas de sa\u00fade dos militares.<\/p>\n<p>Seguindo o <a href=\"https:\/\/www.boston.com\/news\/politics\/2022\/06\/24\/supreme-court-overturns-roe-v-wade-states-can-ban-abortion\/\">Decis\u00e3o do Supremo Tribunal Roe v. Wade<\/a>que fez com que 40% dos militares da ativa perdessem o acesso ao aborto, Warren disse que pressionou o Departamento de Defesa para <a href=\"https:\/\/www.defense.gov\/News\/Releases\/Release\/Article\/3301006\/dod-releases-policies-to-ensure-access-to-non-covered-reproductive-health-care\/\">implementar pol\u00edticas<\/a> para proteger o acesso ao aborto, incluindo subs\u00eddios de viagem para militares caso servi\u00e7os de sa\u00fade reprodutiva n\u00e3o estejam dispon\u00edveis em seu local de servi\u00e7o permanente.<\/p>\n<p>Warren, uma defensora ferrenha dos direitos reprodutivos, <a href=\"https:\/\/www.boston.com\/news\/politics\/2024\/08\/30\/elizabeth-warren-harris-walz-reproductive-freedom-bus-tour\/\">promoveu a liberdade reprodutiva da campanha da vice-presidente Kamala Harris<\/a> excurs\u00e3o de \u00f4nibus pelo pa\u00eds no m\u00eas passado.<\/p>\n<p>\u201cEstou nas For\u00e7as Armadas do Senado para defender os membros do servi\u00e7o e proteger seus direitos ao aborto e a todos os cuidados de sa\u00fade\u201d, ela disse. \u201cOs republicanos querem tirar os direitos das pessoas que arriscam suas vidas para nos manter seguros.\u201d<\/p>\n<p>Metade de todos os gastos federais vai para o Departamento de Defesa, disse Warren, o que tem \u201cum impacto profundo na sa\u00fade financeira da nossa na\u00e7\u00e3o\u201d.<\/p>\n<p>\u201cIsso nos afeta aqui mesmo em Massachusetts\u201d, ela disse. \u201cComo tratamos nossos militares da ativa, nossos veteranos e nossas fam\u00edlias militares tem um impacto importante em quem serve e como s\u00e3o suas experi\u00eancias.\u201d<\/p>\n<p>Warren trabalhou para arrecadar US$ 490 milh\u00f5es para a constru\u00e7\u00e3o de bases e instala\u00e7\u00f5es militares, incluindo moradias familiares e melhorias de seguran\u00e7a em Massachusetts, de acordo com o relat\u00f3rio, e obteve um compromisso para que os F-35 fossem estacionados na Base da Guarda A\u00e9rea Nacional de Barnes.<\/p>\n<p>\u201cTrabalhei duro para garantir que Massachusetts fosse efetivamente representado\u201d, disse Warren. \u201cGaranti que Massachusetts tivesse um assento \u00e0 mesa quando decis\u00f5es fossem tomadas sobre gastos militares.\u201d<\/p>\n<p>Candidato republicano e veterano da Marinha <a href=\"https:\/\/www.boston.com\/news\/politics\/2024\/09\/03\/live-updates-massachusetts-sept-3-primary-election-results\/\">John Deaton est\u00e1 tentando destituir Warren<\/a>que \u00e9 o atual candidato democrata na disputa pelo Senado dos EUA em novembro, <a href=\"https:\/\/www.boston.com\/news\/local-news\/2024\/09\/04\/debate-negotiations-already-underway-between-warren-and-deaton\/\">desafiando-a para cinco debates<\/a>Warren concordou em realizar dois debates em outubro.<\/p>\n<div class=\"m-block m-generic-cta\t m-generic-cta--post-content\t m-generic-cta--dark\t m-generic-cta--homepage\t m-generic-cta--email-signup\t\t m-generic-cta-block-style--default \tt-amp__generic-cta\"><\/p>\n<div class=\"m-generic-cta__wrap\">\n<div class=\"m-generic-cta__content\">\n<h3 class=\"m-generic-cta__title\">Boston.com Hoje<\/h3>\n<p class=\"m-generic-cta__subtitle\">Inscreva-se para receber as \u00faltimas manchetes na sua caixa de entrada todas as manh\u00e3s.<\/p>\n<\/p><\/div>\n<\/p><\/div>\n<\/div><\/div>\n<p><script>\n\t\tvar consent=\"grant\";\n\t\t\/* The above code is parsing the JSON data from the local storage and storing it in a variable. *\/\n\t\t\t\t\tconst onetrustStorageConsent = JSON.parse(localStorage.getItem( 'consent_one_trust_bdc' ) );\n\t\t\tif ( ( onetrustStorageConsent !== null ) ) {\n\t\t\t\t\/* Checking to see if the user has consented to the use of cookies.\n\t\t\t\t* If they have not, it is deleting the cookie.\n\t\t\t\t* This will comment for now, until further notice.\n\t\t\t\t*\/\n\t\t\t\t\/\/if ( onetrustStorageConsent.C0002 === false ) {\n\t\t\t\t\/\/\tdocument.cookie=\"_fbp=;expires=Thu, 01 Jan 2010 00:00:00 UTC; path=\/; domain=.boston.com\";\n\t\t\t\t\/\/}\n\t\t\t\t\/* Checking if the user has given consent for the cookie C0002.\n\t\t\t\t* If the user has given consent, the variable consent will be set to 'grant'.\n\t\t\t\t* If the user has not given consent,the variable consent will be set to 'revoke'.\n\t\t\t\t* Documentation https:\/\/developers.facebook.com\/docs\/meta-pixel\/implementation\/gdpr\n\t\t\t\t*\/\n\t\t\t\tif ( onetrustStorageConsent.C0002 !== true ) {\n\t\t\t\t\tconsent=\"revoke\";\n\t\t\t\t}\n\t\t\t}\n\t\t\t\t!function(f,b,e,v,n,t,s)\n\t\t{if(f.fbq)return;n=f.fbq=function(){n.callMethod?\n\t\tn.callMethod.apply(n,arguments):n.queue.push(arguments)};\n\t\tif(!f._fbq)f._fbq=n;n.push=n;n.loaded=!0;n.version='2.0';\n\t\tn.queue=[];t=b.createElement(e);t.async=!0;\n\t\tt.src=v;s=b.getElementsByTagName(e)[0];\n\t\ts.parentNode.insertBefore(t,s)}(window, document,'script',\n\t\t'https:\/\/connect.facebook.net\/en_US\/fbevents.js');\n\t\tfbq('consent', consent);\n\t\tfbq('init', '989222871864976');\n\t\tfbq('track', 'PageView');\n\t<\/script><script type=\"module\">\n\t\tvar consent=\"grant\";\n\t\t\/* The above code is parsing the JSON data from the local storage and storing it in a variable. *\/\n\t\t\tconst onetrustStorageConsent = JSON.parse(localStorage.getItem( 'consent_one_trust_bdc' ) );\n\t\t\t\/* Checking to see if the user has consented to the use of cookies.\n\t\t\t* If they have not, it is deleting the cookie.\n\t\t\t* This will comment for now, until further notice.\n\t\t\t*\/\n\t\t\t\/\/if ( onetrustStorageConsent.C0002 === false ) {\n\t\t\t\/\/\tdocument.cookie=\"_fbp=;expires=Thu, 01 Jan 2010 00:00:00 UTC; path=\/; domain=.boston.com\";\n\t\t\t\/\/}\n\t\t\t\/* Checking if the user has given consent for the cookie C0002.\n\t\t\t* If the user has given consent, the variable consent will be set to 'grant'.\n\t\t\t* If the user has not given consent,the variable consent will be set to 'revoke'.\n\t\t\t* Documentation https:\/\/developers.facebook.com\/docs\/meta-pixel\/implementation\/gdpr\n\t\t\t*\/\n\t\t\tif ( ( onetrustStorageConsent !== null ) && (onetrustStorageConsent.C0002 !== true ) ) {\n\t\t\t\tconsent=\"revoke\";\n\t\t\t}\n\t\t\t\t!function(f,b,e,v,n,t,s){if(f.fbq)return;n=f.fbq=function()\n\t\t{n.callMethod? n.callMethod.apply(n,arguments):n.queue.push(arguments)}\n\t\t;if(!f._fbq)f._fbq=n;\n\t\tn.push=n;n.loaded=!0;n.version='2.0';n.queue=[];t=b.createElement(e);t.async=!0;\n\t\tt.src=v;s=b.getElementsByTagName(e)[0];s.parentNode.insertBefore(t,s)}(window,\n\t\tdocument,'script','https:\/\/connect.facebook.net\/en_US\/fbevents.js');\n\t\tfbq('consent', consent);\n\t\tfbq('init', '813236348753005');\n\t\tfbq('track', \"PageView\");\n\t<\/script><br \/>\n<br \/><br \/>\n<br \/><a href=\"https:\/\/www.boston.com\/news\/politics\/2024\/09\/16\/elizabeth-warren-attends-boston-forum-on-service-members-releases-report\/\">Source link <\/a><\/p>","protected":false},"excerpt":{"rendered":"<p>Pol\u00edtica \u201cOs republicanos querem tirar os direitos das pessoas que arriscam suas vidas para nos manter seguros\u201d, disse o senador. A senadora Elizabeth Warren, D-Massachusetts, discursa durante a Conven\u00e7\u00e3o Nacional&hellip;<\/p>","protected":false},"author":1,"featured_media":37818,"comment_status":"closed","ping_status":"open","sticky":false,"template":"","format":"standard","meta":{"content-type":"","footnotes":""},"categories":[1],"tags":[],"class_list":["post-37817","post","type-post","status-publish","format-standard","has-post-thumbnail","hentry","category-uncategorized"],"_links":{"self":[{"href":"https:\/\/tvbrazilusa.com\/pt\/wp-json\/wp\/v2\/posts\/37817","targetHints":{"allow":["GET"]}}],"collection":[{"href":"https:\/\/tvbrazilusa.com\/pt\/wp-json\/wp\/v2\/posts"}],"about":[{"href":"https:\/\/tvbrazilusa.com\/pt\/wp-json\/wp\/v2\/types\/post"}],"author":[{"embeddable":true,"href":"https:\/\/tvbrazilusa.com\/pt\/wp-json\/wp\/v2\/users\/1"}],"replies":[{"embeddable":true,"href":"https:\/\/tvbrazilusa.com\/pt\/wp-json\/wp\/v2\/comments?post=37817"}],"version-history":[{"count":1,"href":"https:\/\/tvbrazilusa.com\/pt\/wp-json\/wp\/v2\/posts\/37817\/revisions"}],"predecessor-version":[{"id":37819,"href":"https:\/\/tvbrazilusa.com\/pt\/wp-json\/wp\/v2\/posts\/37817\/revisions\/37819"}],"wp:featuredmedia":[{"embeddable":true,"href":"https:\/\/tvbrazilusa.com\/pt\/wp-json\/wp\/v2\/media\/37818"}],"wp:attachment":[{"href":"https:\/\/tvbrazilusa.com\/pt\/wp-json\/wp\/v2\/media?parent=37817"}],"wp:term":[{"taxonomy":"category","embeddable":true,"href":"https:\/\/tvbrazilusa.com\/pt\/wp-json\/wp\/v2\/categories?post=37817"},{"taxonomy":"post_tag","embeddable":true,"href":"https:\/\/tvbrazilusa.com\/pt\/wp-json\/wp\/v2\/tags?post=37817"}],"curies":[{"name":"wp","href":"https:\/\/api.w.org\/{rel}","templated":true}]}}