{"id":37834,"date":"2024-09-16T12:54:19","date_gmt":"2024-09-16T12:54:19","guid":{"rendered":"https:\/\/tvbrazilusa.com\/2024\/09\/16\/presidente-do-psdb-define-futuro-de-datena-apos-cadeirada-confira\/"},"modified":"2024-09-16T12:54:19","modified_gmt":"2024-09-16T12:54:19","slug":"presidente-do-psdb-define-futuro-de-datena-apos-cadeirada-confira","status":"publish","type":"post","link":"https:\/\/tvbrazilusa.com\/pt\/2024\/09\/16\/presidente-do-psdb-define-futuro-de-datena-apos-cadeirada-confira\/","title":{"rendered":"Presidente do PSDB define futuro de Datena ap\u00f3s cadeirada; CONFIRA"},"content":{"rendered":"<p> <script async src=\"https:\/\/pagead2.googlesyndication.com\/pagead\/js\/adsbygoogle.js?client=ca-pub-8864793242727901\"\r\n     crossorigin=\"anonymous\"><\/script><br \/>\n<\/p>\n<div id=\"taboola-read-more\" style=\"display:block; width:100%\">\n<p>O presidente do PSDB, Marconi Perillo, disse que Jos\u00e9 Luiz Datena segue na disputa pela Prefeitura de S\u00e3o Paulo, mesmo depois da cadeirada contra o candidato do PRTB, Pablo Mar\u00e7al, na noite de domingo 15, no debate da TV Cultura.<\/p>\n<p>A declara\u00e7\u00e3o foi dada \u00e0 CNN, depois de Datena ter sido expulso do debate. \u201cDatena \u00e9 e continuar\u00e1 a ser o candidato do partido\u201d, afirmou \u00e0 emissora. Al\u00e9m dessa manifesta\u00e7\u00e3o, o PSDB n\u00e3o divulgou outro posicionamento oficial.<\/p>\n<p>O candidato do PSDB partiu para cima de Mar\u00e7al com uma cadeira. O debate foi interrompido. A agress\u00e3o ocorreu depois de Mar\u00e7al chamar Datena de \u201carreg\u00e3o\u201d.<\/p>\n<p>\u201cO Brasil quer saber, S\u00e3o Paulo quer saber. Voc\u00ea \u00e9 um arreg\u00e3o. Atravessou o debate esses dias para me dar um tapa, que voc\u00ea queria ter feito. Voc\u00ea n\u00e3o \u00e9 homem nem para fazer isso\u201d, disse Mar\u00e7al.<\/p>\n<p>Depois disso, o apresentador foi at\u00e9 o candidato do PRTB e, com uma cadeira, atacou xingou Mar\u00e7al: \u201cSeu filho da p\u2026\u201d.<\/p>\n<p>O mediador, Le\u00e3o Serva, chamou os comerciais e, na volta, disse que Datena foi expulso por infringir as regras, ao agredir fisicamente Mar\u00e7al depois de ter sido \u201cagredido verbalmente\u201d.<\/p>\n<p>Mar\u00e7al foi encaminhado para o Hospital S\u00edrio-Liban\u00eas.<\/p>\n<p><strong>Datena (PSDB) diz que n\u00e3o se arrependeu de agredir Mar\u00e7al<\/strong><br \/>Depois de ser expulso do debate, Datena disse que n\u00e3o se arrependeu de ter agredido Pablo Mar\u00e7al. O apresentador disse que se descontrolou depois de o advers\u00e1rio ter citado um caso de ass\u00e9dio sexual no qual Datena foi envolvido, em 2019.<\/p>\n<p>O desgaste provocado pela den\u00fancia, que acabou arquivada pela Justi\u00e7a e teria levado a sogra do apresentador \u00e0 morte. \u201cEu senti tudo isso voltar na minha cabe\u00e7a e n\u00e3o pude me conter. Estou errado? Estou. Mas fazer o qu\u00ea? J\u00e1 foi\u201d, disse o apresentador, em entrevista \u00e0 TV Cultura, depois da expuls\u00e3o.<\/p>\n<p>Perguntado se continuaria na disputa, ele disse que a decis\u00e3o cabia ao partido.<\/p>\n<p>Fonte: Revista Oeste<\/p>\n<\/p><\/div>\n<p><br \/>\n<br \/><a href=\"https:\/\/diariodobrasilnoticias.com.br\/noticia\/presidente-do-psdb-define-futuro-de-datena-apos-cadeirada-confira-66e80da24a909\">Source link <\/a><\/p>","protected":false},"excerpt":{"rendered":"<p>O presidente do PSDB, Marconi Perillo, disse que Jos\u00e9 Luiz Datena segue na disputa pela Prefeitura de S\u00e3o Paulo, mesmo depois da cadeirada contra o candidato do PRTB, Pablo Mar\u00e7al,&hellip;<\/p>","protected":false},"author":1,"featured_media":37835,"comment_status":"closed","ping_status":"open","sticky":false,"template":"","format":"standard","meta":{"content-type":"","footnotes":""},"categories":[16],"tags":[123,2448,5313,1267],"class_list":["post-37834","post","type-post","status-publish","format-standard","has-post-thumbnail","hentry","category-noticias","tag-brasil","tag-diario","tag-noticia","tag-noticias"],"_links":{"self":[{"href":"https:\/\/tvbrazilusa.com\/pt\/wp-json\/wp\/v2\/posts\/37834","targetHints":{"allow":["GET"]}}],"collection":[{"href":"https:\/\/tvbrazilusa.com\/pt\/wp-json\/wp\/v2\/posts"}],"about":[{"href":"https:\/\/tvbrazilusa.com\/pt\/wp-json\/wp\/v2\/types\/post"}],"author":[{"embeddable":true,"href":"https:\/\/tvbrazilusa.com\/pt\/wp-json\/wp\/v2\/users\/1"}],"replies":[{"embeddable":true,"href":"https:\/\/tvbrazilusa.com\/pt\/wp-json\/wp\/v2\/comments?post=37834"}],"version-history":[{"count":1,"href":"https:\/\/tvbrazilusa.com\/pt\/wp-json\/wp\/v2\/posts\/37834\/revisions"}],"predecessor-version":[{"id":37836,"href":"https:\/\/tvbrazilusa.com\/pt\/wp-json\/wp\/v2\/posts\/37834\/revisions\/37836"}],"wp:featuredmedia":[{"embeddable":true,"href":"https:\/\/tvbrazilusa.com\/pt\/wp-json\/wp\/v2\/media\/37835"}],"wp:attachment":[{"href":"https:\/\/tvbrazilusa.com\/pt\/wp-json\/wp\/v2\/media?parent=37834"}],"wp:term":[{"taxonomy":"category","embeddable":true,"href":"https:\/\/tvbrazilusa.com\/pt\/wp-json\/wp\/v2\/categories?post=37834"},{"taxonomy":"post_tag","embeddable":true,"href":"https:\/\/tvbrazilusa.com\/pt\/wp-json\/wp\/v2\/tags?post=37834"}],"curies":[{"name":"wp","href":"https:\/\/api.w.org\/{rel}","templated":true}]}}