{"id":37837,"date":"2024-09-16T12:57:42","date_gmt":"2024-09-16T12:57:42","guid":{"rendered":"https:\/\/tvbrazilusa.com\/2024\/09\/16\/emmy-awards-lista-completa-de-vencedores\/"},"modified":"2024-09-16T13:00:09","modified_gmt":"2024-09-16T13:00:09","slug":"emmy-awards-lista-completa-de-vencedores","status":"publish","type":"post","link":"https:\/\/tvbrazilusa.com\/pt\/2024\/09\/16\/emmy-awards-lista-completa-de-vencedores\/","title":{"rendered":"Emmy Awards: Lista completa de vencedores"},"content":{"rendered":"<p> <script async src=\"https:\/\/pagead2.googlesyndication.com\/pagead\/js\/adsbygoogle.js?client=ca-pub-8864793242727901\"\r\n     crossorigin=\"anonymous\"><\/script><br \/>\n<\/p>\n<div id=\"\">\n<header class=\"m-article-header m-article-header--standard\">\n\t\t\t\t\t\t\t\t\t\t\t\t<span id=\"article-header-primary-term\"><br \/>\n\t\t\t\t\t\t\t\t<a class=\"a-term a-term--primary\" href=\"https:\/\/www.boston.com\/tag\/entertainment\/\"><\/p>\n<p>\t\t\t\t\t\t\t\tEntretenimento\t\t\t\t\t\t\t\t<\/a><br \/>\n\t\t\t\t\t\t\t<\/span><\/p>\n<h2 class=\"m-article-header__sub-headline\">\u201cHacks&#8221; ganhou o pr\u00eamio de melhor s\u00e9rie de com\u00e9dia. &#8220;Baby Reindeer&#8221; e &#8220;The Bear&#8221; ganharam quatro pr\u00eamios cada.<\/h2>\n<figure class=\"a-photo m-article-header__photo\"><figcaption class=\"a-photo__caption\">\n<p>\tLiza Colon-Zayas posa na sala de imprensa com o pr\u00eamio de melhor atriz coadjuvante em s\u00e9rie de com\u00e9dia por &#8220;The Bear&#8221; durante a 76\u00aa edi\u00e7\u00e3o do Primetime Emmy Awards no domingo, 15 de setembro de 2024, no Peacock Theater em Los Angeles.<em> AP Photo\/Jae C. Hong<\/em>\t<\/figcaption><\/figure>\n<div class=\"m-article-header__meta\">\n<div class=\"m-article-header__byline\">\n<p class=\"m-article-header__author\">\n<p>\t\t\t\t\t\t\t\tPor Associated Press\t\t\t\t\t\t\t<\/p>\n<p>\t\t\t\t\t\t    \t\t\t\t\t\t\t<time class=\"m-article-header__date\"><\/p>\n<p>        \t\t\t\t\t\t\t16 de setembro de 2024 | 8:57 AM    \t\t\t\t\t\t\t<\/time><\/p><\/div>\n<\/p><\/div>\n<\/header>\n<p>LOS ANGELES (AP) \u2014 A 76\u00aa edi\u00e7\u00e3o anual do Emmy Awards foi entregue no domingo no Peacock Theater, no centro de Los Angeles.<\/p>\n<p>\u201cShogun\u201d estabeleceu um recorde de temporada \u00fanica para mais vit\u00f3rias com 18. \u201cShogun\u201d ganhou o pr\u00eamio de melhor s\u00e9rie dram\u00e1tica, e Hiroyuki Sanada e Anna Sawai ganharam pr\u00eamios de atua\u00e7\u00e3o por seus pap\u00e9is.<\/p>\n<p>\u201cHacks\u201d ganhou o pr\u00eamio de melhor s\u00e9rie de com\u00e9dia. \u201cBaby Reindeer\u201d e \u201cThe Bear\u201d ganharam quatro pr\u00eamios cada.<\/p>\n<figure class=\"wp-block-image size-full\"><img loading=\"lazy\" decoding=\"async\" width=\"2560\" height=\"1707\" src=\"https:\/\/bdc2020.o0bc.com\/wp-content\/uploads\/2024\/09\/AP24260097158258-66e8241b4d75d-scaled.jpg\" alt=\"Richard Gadd aceita o pr\u00eamio de melhor ator principal em s\u00e9rie limitada ou antol\u00f3gica ou filme.\" class=\"wp-image-31723979\" srcset=\"https:\/\/bdc2020.o0bc.com\/wp-content\/uploads\/2024\/09\/AP24260097158258-66e8241b4d75d-scaled.jpg?width=200 200w, https:\/\/bdc2020.o0bc.com\/wp-content\/uploads\/2024\/09\/AP24260097158258-66e8241b4d75d-scaled.jpg?width=300 300w, https:\/\/bdc2020.o0bc.com\/wp-content\/uploads\/2024\/09\/AP24260097158258-66e8241b4d75d-scaled.jpg?width=400 400w, https:\/\/bdc2020.o0bc.com\/wp-content\/uploads\/2024\/09\/AP24260097158258-66e8241b4d75d-scaled.jpg?width=500 500w, https:\/\/bdc2020.o0bc.com\/wp-content\/uploads\/2024\/09\/AP24260097158258-66e8241b4d75d-scaled.jpg?width=600 600w, https:\/\/bdc2020.o0bc.com\/wp-content\/uploads\/2024\/09\/AP24260097158258-66e8241b4d75d-scaled.jpg?width=700 700w, https:\/\/bdc2020.o0bc.com\/wp-content\/uploads\/2024\/09\/AP24260097158258-66e8241b4d75d-scaled.jpg?width=800 800w, https:\/\/bdc2020.o0bc.com\/wp-content\/uploads\/2024\/09\/AP24260097158258-66e8241b4d75d-scaled.jpg?width=900 900w\" sizes=\"auto, (max-width: 2560px) 100vw, 2560px\"\/><figcaption class=\"wp-element-caption\">Richard Gadd recebe o pr\u00eamio de melhor ator principal em s\u00e9rie limitada ou antol\u00f3gica ou filme por \u201cBaby Reindeer\u201d durante o 76\u00ba Primetime Emmy Awards no domingo, 15 de setembro de 2024, no Peacock Theater em Los Angeles. <i> \u2013 Foto AP\/Chris Pizzello<\/i><\/figcaption><\/figure>\n<figure class=\"wp-block-image size-full\"><img loading=\"lazy\" decoding=\"async\" width=\"2560\" height=\"1706\" src=\"https:\/\/bdc2020.o0bc.com\/wp-content\/uploads\/2024\/09\/AP24260031535565-66e823f9270a1-scaled.jpg\" alt=\"Jean Smart recebe o pr\u00eamio de melhor atriz principal em s\u00e9rie de com\u00e9dia.\" class=\"wp-image-31723961\" srcset=\"https:\/\/bdc2020.o0bc.com\/wp-content\/uploads\/2024\/09\/AP24260031535565-66e823f9270a1-scaled.jpg?width=200 200w, https:\/\/bdc2020.o0bc.com\/wp-content\/uploads\/2024\/09\/AP24260031535565-66e823f9270a1-scaled.jpg?width=300 300w, https:\/\/bdc2020.o0bc.com\/wp-content\/uploads\/2024\/09\/AP24260031535565-66e823f9270a1-scaled.jpg?width=400 400w, https:\/\/bdc2020.o0bc.com\/wp-content\/uploads\/2024\/09\/AP24260031535565-66e823f9270a1-scaled.jpg?width=500 500w, https:\/\/bdc2020.o0bc.com\/wp-content\/uploads\/2024\/09\/AP24260031535565-66e823f9270a1-scaled.jpg?width=600 600w, https:\/\/bdc2020.o0bc.com\/wp-content\/uploads\/2024\/09\/AP24260031535565-66e823f9270a1-scaled.jpg?width=700 700w, https:\/\/bdc2020.o0bc.com\/wp-content\/uploads\/2024\/09\/AP24260031535565-66e823f9270a1-scaled.jpg?width=800 800w, https:\/\/bdc2020.o0bc.com\/wp-content\/uploads\/2024\/09\/AP24260031535565-66e823f9270a1-scaled.jpg?width=900 900w\" sizes=\"auto, (max-width: 2560px) 100vw, 2560px\"\/><figcaption class=\"wp-element-caption\">Jean Smart recebe o pr\u00eamio de melhor atriz principal em s\u00e9rie de com\u00e9dia por \u201cHacks\u201d durante o 76\u00ba Primetime Emmy Awards no domingo, 15 de setembro de 2024, no Peacock Theater em Los Angeles. <i> \u2013 Foto AP\/Chris Pizzello<\/i><\/figcaption><\/figure>\n<p>Os primeiros vencedores inclu\u00edram Ebon Moss-Bachrach, Jeremy Allen White e Liza Col\u00f3n-Zayas, que ganharam pr\u00eamios por seu trabalho na s\u00e9rie de com\u00e9dia \u201cThe Bear\u201d.<\/p>\n<p>As estrelas que entregaram o Emmy aos seus colegas inclu\u00edram: Billy Crystal, Viola Davis, Selena Gomez, Steve Martin, Maya Rudolph e Martin Sheen.<\/p>\n<p>V\u00e1rios atores e shows, incluindo Rudolph, ganharam na semana passada. Rudolph ganhou seu sexto pr\u00eamio Emmy no Creative Arts Emmys do \u00faltimo final de semana por seu trabalho de voz em \u201cBig Mouth\u201d. Jamie Lee Curtis tamb\u00e9m ganhou um Emmy de atriz coadjuvante no \u00faltimo final de semana por sua participa\u00e7\u00e3o em \u201cThe Bear\u201d.<\/p>\n<p>Aqui est\u00e1 a lista dos vencedores do Emmy de domingo:<\/p>\n<h3 class=\"wp-block-heading\" id=\"h-drama-series\">S\u00e9rie dram\u00e1tica<\/h3>\n<p>\u201cXogum\u201d<\/p>\n<h3 class=\"wp-block-heading\" id=\"h-comedy-series\">S\u00e9rie de com\u00e9dia<\/h3>\n<p>\u201cInstrumentos\u201d<\/p>\n<h3 class=\"wp-block-heading\" id=\"h-limited-anthology-series-movie\">S\u00e9rie limitada, antologia, filme<\/h3>\n<p>\u201cBeb\u00ea Rena\u201d<\/p>\n<h3 class=\"wp-block-heading\" id=\"h-actor-in-a-drama-series\">Ator em s\u00e9rie dram\u00e1tica<\/h3>\n<p>Hiroyuki Sanada, \u201cShogun\u201d<\/p>\n<h3 class=\"wp-block-heading\" id=\"h-actress-in-a-drama-series\">Atriz em s\u00e9rie dram\u00e1tica<\/h3>\n<p>Anna Sawai, \u201cXogum\u201d<\/p>\n<h3 class=\"wp-block-heading\" id=\"h-supporting-actor-in-a-drama-series\">Ator coadjuvante em s\u00e9rie dram\u00e1tica<\/h3>\n<p>Billy Crudup, \u201cO programa matinal\u201d<\/p>\n<h3 class=\"wp-block-heading\" id=\"h-supporting-actress-in-a-drama-series\">Atriz coadjuvante em s\u00e9rie dram\u00e1tica<\/h3>\n<p>Elizabeth Debicki, \u201cA Coroa\u201d<\/p>\n<h3 class=\"wp-block-heading\" id=\"h-actor-in-a-comedy-series\">Ator em s\u00e9rie de com\u00e9dia<\/h3>\n<p>Jeremy Allen White, \u201cO Urso\u201d<\/p>\n<h3 class=\"wp-block-heading\" id=\"h-actress-in-a-comedy-series\">Atriz em s\u00e9rie de com\u00e9dia<\/h3>\n<p>Jean Smart, \u201cHacks\u201d<\/p>\n<h3 class=\"wp-block-heading\" id=\"h-supporting-actress-in-a-comedy-series\">Atriz coadjuvante em s\u00e9rie de com\u00e9dia<\/h3>\n<p>Liza Col\u00f3n-Zayas, \u201cO Urso\u201d<\/p>\n<h3 class=\"wp-block-heading\" id=\"h-supporting-actor-in-a-comedy-series\">Ator coadjuvante em s\u00e9rie de com\u00e9dia<\/h3>\n<p>Ebon Moss-Bachrach, \u201cO Urso\u201d<\/p>\n<h3 class=\"wp-block-heading\" id=\"h-actor-in-a-limited-anthology-series-or-movie\">Ator em s\u00e9rie limitada, antologia ou filme<\/h3>\n<p>Richard Gadd, \u201cBeb\u00ea Rena\u201d<\/p>\n<h3 class=\"wp-block-heading\" id=\"h-actress-in-a-limited-anthology-series-or-movie\">Atriz em s\u00e9rie limitada, antologia ou filme<\/h3>\n<p>Jodie Foster, \u201cTrue Detective: Night Country\u201d<\/p>\n<h3 class=\"wp-block-heading\" id=\"h-supporting-actress-limited-anthology-series-or-movie\">Atriz coadjuvante limitada, s\u00e9rie antol\u00f3gica ou filme<\/h3>\n<p>Jessica Gunning, \u201cBeb\u00ea Rena\u201d<\/p>\n<h3 class=\"wp-block-heading\" id=\"h-supporting-actor-in-a-limited-anthology-series-or-movie\">Ator coadjuvante em s\u00e9rie limitada, antologia ou filme<\/h3>\n<p>Lamorne Morris, \u201cFargo\u201d<\/p>\n<h3 class=\"wp-block-heading\" id=\"h-reality-competition-program\">Programa de competi\u00e7\u00e3o de realidade<\/h3>\n<p>\u201cOs Traidores\u201d, Peacock<\/p>\n<h3 class=\"wp-block-heading\" id=\"h-scripted-variety-series\">S\u00e9rie de variedades com roteiro<\/h3>\n<p>\u201c\u00daltima semana esta noite com John Oliver\u201d<\/p>\n<h3 class=\"wp-block-heading\" id=\"h-talk-series\">S\u00e9rie de palestras<\/h3>\n<p>\u201cO Show Di\u00e1rio\u201d<\/p>\n<h3 class=\"wp-block-heading\" id=\"h-writing-for-a-variety-special\">Escrevendo para um especial de variedades<\/h3>\n<p>Alex Edelman, \u201cS\u00f3 para n\u00f3s\u201d<\/p>\n<h3 class=\"wp-block-heading\" id=\"h-writing-for-a-comedy-series\">Escrevendo para uma s\u00e9rie de com\u00e9dia<\/h3>\n<p>Lucia Aniello, Paul W. Downs e Jen Statsky, \u201cHacks\u201d<\/p>\n<h3 class=\"wp-block-heading\" id=\"h-writing-for-a-drama-series\">Escrevendo para uma s\u00e9rie dram\u00e1tica<\/h3>\n<p>Will Smith, \u201cCavalos Lentos\u201d<\/p>\n<h3 class=\"wp-block-heading\" id=\"h-writing-for-a-limited-series-anthology-or-movie\">Escrever para uma s\u00e9rie limitada, antologia ou filme<\/h3>\n<p>Richard Gadd, \u201cBeb\u00ea Rena\u201d<\/p>\n<h3 class=\"wp-block-heading\" id=\"h-directing-for-a-limited-or-anthology-series\">Dire\u00e7\u00e3o para uma s\u00e9rie limitada ou antol\u00f3gica<\/h3>\n<p>Steven Zaillian, \u201cRipley\u201d<\/p>\n<h3 class=\"wp-block-heading\" id=\"h-directing-for-a-comedy-series\">Dire\u00e7\u00e3o para uma s\u00e9rie de com\u00e9dia<\/h3>\n<p>Christopher Storer, \u201cO Urso\u201d<\/p>\n<h3 class=\"wp-block-heading\" id=\"h-directing-for-a-drama-series\">Dire\u00e7\u00e3o para uma s\u00e9rie dram\u00e1tica<\/h3>\n<p>Frederick E. O. Toye, \u201cShogun\u201d<\/p>\n<h3 class=\"wp-block-heading\" id=\"h-governors-award\">Pr\u00eamio Governadores<\/h3>\n<p>Greg Berlanti<\/p>\n<div class=\"m-block m-generic-cta\t m-generic-cta--post-content\t m-generic-cta--dark\t m-generic-cta--homepage\t m-generic-cta--email-signup\t\t m-generic-cta-block-style--default \tt-amp__generic-cta\"><\/p>\n<div class=\"m-generic-cta__wrap\">\n<div class=\"m-generic-cta__content\">\n<h3 class=\"m-generic-cta__title\">Precisa de planos para o fim de semana?<\/h3>\n<p class=\"m-generic-cta__subtitle\">As melhores coisas para fazer na cidade, entregues na sua caixa de entrada.<\/p>\n<\/p><\/div>\n<\/p><\/div>\n<\/div><\/div>\n<p><script>\n\t\tvar consent=\"grant\";\n\t\t\/* The above code is parsing the JSON data from the local storage and storing it in a variable. *\/\n\t\t\t\t\tconst onetrustStorageConsent = JSON.parse(localStorage.getItem( 'consent_one_trust_bdc' ) );\n\t\t\tif ( ( onetrustStorageConsent !== null ) ) {\n\t\t\t\t\/* Checking to see if the user has consented to the use of cookies.\n\t\t\t\t* If they have not, it is deleting the cookie.\n\t\t\t\t* This will comment for now, until further notice.\n\t\t\t\t*\/\n\t\t\t\t\/\/if ( onetrustStorageConsent.C0002 === false ) {\n\t\t\t\t\/\/\tdocument.cookie=\"_fbp=;expires=Thu, 01 Jan 2010 00:00:00 UTC; path=\/; domain=.boston.com\";\n\t\t\t\t\/\/}\n\t\t\t\t\/* Checking if the user has given consent for the cookie C0002.\n\t\t\t\t* If the user has given consent, the variable consent will be set to 'grant'.\n\t\t\t\t* If the user has not given consent,the variable consent will be set to 'revoke'.\n\t\t\t\t* Documentation https:\/\/developers.facebook.com\/docs\/meta-pixel\/implementation\/gdpr\n\t\t\t\t*\/\n\t\t\t\tif ( onetrustStorageConsent.C0002 !== true ) {\n\t\t\t\t\tconsent=\"revoke\";\n\t\t\t\t}\n\t\t\t}\n\t\t\t\t!function(f,b,e,v,n,t,s)\n\t\t{if(f.fbq)return;n=f.fbq=function(){n.callMethod?\n\t\tn.callMethod.apply(n,arguments):n.queue.push(arguments)};\n\t\tif(!f._fbq)f._fbq=n;n.push=n;n.loaded=!0;n.version='2.0';\n\t\tn.queue=[];t=b.createElement(e);t.async=!0;\n\t\tt.src=v;s=b.getElementsByTagName(e)[0];\n\t\ts.parentNode.insertBefore(t,s)}(window, document,'script',\n\t\t'https:\/\/connect.facebook.net\/en_US\/fbevents.js');\n\t\tfbq('consent', consent);\n\t\tfbq('init', '989222871864976');\n\t\tfbq('track', 'PageView');\n\t<\/script><script type=\"module\">\n\t\tvar consent=\"grant\";\n\t\t\/* The above code is parsing the JSON data from the local storage and storing it in a variable. *\/\n\t\t\tconst onetrustStorageConsent = JSON.parse(localStorage.getItem( 'consent_one_trust_bdc' ) );\n\t\t\t\/* Checking to see if the user has consented to the use of cookies.\n\t\t\t* If they have not, it is deleting the cookie.\n\t\t\t* This will comment for now, until further notice.\n\t\t\t*\/\n\t\t\t\/\/if ( onetrustStorageConsent.C0002 === false ) {\n\t\t\t\/\/\tdocument.cookie=\"_fbp=;expires=Thu, 01 Jan 2010 00:00:00 UTC; path=\/; domain=.boston.com\";\n\t\t\t\/\/}\n\t\t\t\/* Checking if the user has given consent for the cookie C0002.\n\t\t\t* If the user has given consent, the variable consent will be set to 'grant'.\n\t\t\t* If the user has not given consent,the variable consent will be set to 'revoke'.\n\t\t\t* Documentation https:\/\/developers.facebook.com\/docs\/meta-pixel\/implementation\/gdpr\n\t\t\t*\/\n\t\t\tif ( ( onetrustStorageConsent !== null ) && (onetrustStorageConsent.C0002 !== true ) ) {\n\t\t\t\tconsent=\"revoke\";\n\t\t\t}\n\t\t\t\t!function(f,b,e,v,n,t,s){if(f.fbq)return;n=f.fbq=function()\n\t\t{n.callMethod? n.callMethod.apply(n,arguments):n.queue.push(arguments)}\n\t\t;if(!f._fbq)f._fbq=n;\n\t\tn.push=n;n.loaded=!0;n.version='2.0';n.queue=[];t=b.createElement(e);t.async=!0;\n\t\tt.src=v;s=b.getElementsByTagName(e)[0];s.parentNode.insertBefore(t,s)}(window,\n\t\tdocument,'script','https:\/\/connect.facebook.net\/en_US\/fbevents.js');\n\t\tfbq('consent', consent);\n\t\tfbq('init', '813236348753005');\n\t\tfbq('track', \"PageView\");\n\t<\/script><br \/>\n<br \/><br \/>\n<br \/><a href=\"https:\/\/www.boston.com\/culture\/entertainment\/2024\/09\/16\/emmy-awards-full-list-of-winners\/\">Source link <\/a><\/p>","protected":false},"excerpt":{"rendered":"<p>Entretenimento \u201cHacks&#8221; ganhou o pr\u00eamio de melhor s\u00e9rie de com\u00e9dia. &#8220;Baby Reindeer&#8221; e &#8220;The Bear&#8221; ganharam quatro pr\u00eamios cada. Liza Colon-Zayas posa na sala de imprensa com o pr\u00eamio de&hellip;<\/p>","protected":false},"author":1,"featured_media":37838,"comment_status":"closed","ping_status":"open","sticky":false,"template":"","format":"standard","meta":{"content-type":"","footnotes":""},"categories":[1],"tags":[],"class_list":["post-37837","post","type-post","status-publish","format-standard","has-post-thumbnail","hentry","category-uncategorized"],"_links":{"self":[{"href":"https:\/\/tvbrazilusa.com\/pt\/wp-json\/wp\/v2\/posts\/37837","targetHints":{"allow":["GET"]}}],"collection":[{"href":"https:\/\/tvbrazilusa.com\/pt\/wp-json\/wp\/v2\/posts"}],"about":[{"href":"https:\/\/tvbrazilusa.com\/pt\/wp-json\/wp\/v2\/types\/post"}],"author":[{"embeddable":true,"href":"https:\/\/tvbrazilusa.com\/pt\/wp-json\/wp\/v2\/users\/1"}],"replies":[{"embeddable":true,"href":"https:\/\/tvbrazilusa.com\/pt\/wp-json\/wp\/v2\/comments?post=37837"}],"version-history":[{"count":1,"href":"https:\/\/tvbrazilusa.com\/pt\/wp-json\/wp\/v2\/posts\/37837\/revisions"}],"predecessor-version":[{"id":37839,"href":"https:\/\/tvbrazilusa.com\/pt\/wp-json\/wp\/v2\/posts\/37837\/revisions\/37839"}],"wp:featuredmedia":[{"embeddable":true,"href":"https:\/\/tvbrazilusa.com\/pt\/wp-json\/wp\/v2\/media\/37838"}],"wp:attachment":[{"href":"https:\/\/tvbrazilusa.com\/pt\/wp-json\/wp\/v2\/media?parent=37837"}],"wp:term":[{"taxonomy":"category","embeddable":true,"href":"https:\/\/tvbrazilusa.com\/pt\/wp-json\/wp\/v2\/categories?post=37837"},{"taxonomy":"post_tag","embeddable":true,"href":"https:\/\/tvbrazilusa.com\/pt\/wp-json\/wp\/v2\/tags?post=37837"}],"curies":[{"name":"wp","href":"https:\/\/api.w.org\/{rel}","templated":true}]}}