{"id":37846,"date":"2024-09-16T13:22:15","date_gmt":"2024-09-16T13:22:15","guid":{"rendered":"https:\/\/tvbrazilusa.com\/2024\/09\/16\/datena-disse-uma-semana-antes-que-gostaria-de-agredir-marcal\/"},"modified":"2024-09-16T13:22:17","modified_gmt":"2024-09-16T13:22:17","slug":"datena-disse-uma-semana-antes-que-gostaria-de-agredir-marcal","status":"publish","type":"post","link":"https:\/\/tvbrazilusa.com\/pt\/2024\/09\/16\/datena-disse-uma-semana-antes-que-gostaria-de-agredir-marcal\/","title":{"rendered":"Datena disse uma semana antes que gostaria de agredir Mar\u00e7al"},"content":{"rendered":"<p> <script async src=\"https:\/\/pagead2.googlesyndication.com\/pagead\/js\/adsbygoogle.js?client=ca-pub-8864793242727901\"\r\n     crossorigin=\"anonymous\"><\/script><br \/>\n<\/p>\n<div id=\"taboola-read-more\" style=\"display:block; width:100%\">\n<p>O candidato do PSDB \u00e0 Prefeitura de S\u00e3o Paulo Jos\u00e9 Luiz Datena avisou desde a segunda-feira passada (9\/9) que gostaria de ter agredido o ex-coach Pablo Mar\u00e7al (PRTB), o que acabou acontecendo no domingo (15\/9).<\/p>\n<p>A declara\u00e7\u00e3o de Datena foi dada ap\u00f3s o debate da TV Gazeta, realizado no domingo (8\/9), quando o apresentador chegou a sair de seu p\u00falpito e partir para cima de Mar\u00e7al. Naquele encontro, por\u00e9m, ele n\u00e3o chegou a encostar no ex-coach.<\/p>\n<p>Em sua participa\u00e7\u00e3o no podcast Flow, um dia depois de ter se aproximado de Mar\u00e7al na TV Gazeta, Datena foi questionado se tinha se arrependido de ter amea\u00e7ado o advers\u00e1rio. Ele respondeu que se arrependia de n\u00e3o ter completado a agress\u00e3o.<\/p>\n<p>\u201cEu s\u00f3 me arrependi de n\u00e3o ter subido l\u00e1 e enchido aquele cara de porrada\u201d, disse Datena no podcast.<\/p>\n<p>Nesse domingo (15\/9), o tucano avan\u00e7ou para cima de candidato do PRTB durante o debate promovido pela TV Cultura, em S\u00e3o Paulo. A confus\u00e3o come\u00e7ou ap\u00f3s Mar\u00e7al questionar quando o tucano vai abandonar a carreira pol\u00edtica.<\/p>\n<p>Mar\u00e7al chamou Datena de \u201carreg\u00e3o\u201d, e o apresentador de programa policial reagiu atirando uma cadeira no ex-coach. Na sequ\u00eancia, o debate foi para o intervalo comercial, que durou aproximadamente 10 minutos.<\/p>\n<p>Na volta, o mediador do debate, jornalista Le\u00e3o Serva, anunciou que Datena tinha sido expulso e que Mar\u00e7al havia pedido para sair do encontro a fim de receber atendimento m\u00e9dico. O ex-coach foi levado para o Hospital S\u00edrio-Liban\u00eas, em S\u00e3o Paulo.<\/p>\n<p>Fonte: Metr\u00f3poles<\/p>\n<\/p><\/div>\n<p><br \/>\n<br \/><a href=\"https:\/\/diariodobrasilnoticias.com.br\/noticia\/datena-disse-uma-semana-antes-que-gostaria-de-agredir-marcal-66e811068e203\">Source link <\/a><\/p>","protected":false},"excerpt":{"rendered":"<p>O candidato do PSDB \u00e0 Prefeitura de S\u00e3o Paulo Jos\u00e9 Luiz Datena avisou desde a segunda-feira passada (9\/9) que gostaria de ter agredido o ex-coach Pablo Mar\u00e7al (PRTB), o que&hellip;<\/p>","protected":false},"author":1,"featured_media":37847,"comment_status":"closed","ping_status":"open","sticky":false,"template":"","format":"standard","meta":{"content-type":"","footnotes":""},"categories":[16],"tags":[123,2448,5313,1267],"class_list":["post-37846","post","type-post","status-publish","format-standard","has-post-thumbnail","hentry","category-noticias","tag-brasil","tag-diario","tag-noticia","tag-noticias"],"_links":{"self":[{"href":"https:\/\/tvbrazilusa.com\/pt\/wp-json\/wp\/v2\/posts\/37846","targetHints":{"allow":["GET"]}}],"collection":[{"href":"https:\/\/tvbrazilusa.com\/pt\/wp-json\/wp\/v2\/posts"}],"about":[{"href":"https:\/\/tvbrazilusa.com\/pt\/wp-json\/wp\/v2\/types\/post"}],"author":[{"embeddable":true,"href":"https:\/\/tvbrazilusa.com\/pt\/wp-json\/wp\/v2\/users\/1"}],"replies":[{"embeddable":true,"href":"https:\/\/tvbrazilusa.com\/pt\/wp-json\/wp\/v2\/comments?post=37846"}],"version-history":[{"count":1,"href":"https:\/\/tvbrazilusa.com\/pt\/wp-json\/wp\/v2\/posts\/37846\/revisions"}],"predecessor-version":[{"id":37848,"href":"https:\/\/tvbrazilusa.com\/pt\/wp-json\/wp\/v2\/posts\/37846\/revisions\/37848"}],"wp:featuredmedia":[{"embeddable":true,"href":"https:\/\/tvbrazilusa.com\/pt\/wp-json\/wp\/v2\/media\/37847"}],"wp:attachment":[{"href":"https:\/\/tvbrazilusa.com\/pt\/wp-json\/wp\/v2\/media?parent=37846"}],"wp:term":[{"taxonomy":"category","embeddable":true,"href":"https:\/\/tvbrazilusa.com\/pt\/wp-json\/wp\/v2\/categories?post=37846"},{"taxonomy":"post_tag","embeddable":true,"href":"https:\/\/tvbrazilusa.com\/pt\/wp-json\/wp\/v2\/tags?post=37846"}],"curies":[{"name":"wp","href":"https:\/\/api.w.org\/{rel}","templated":true}]}}