{"id":37861,"date":"2024-09-16T12:49:15","date_gmt":"2024-09-16T12:49:15","guid":{"rendered":"https:\/\/tvbrazilusa.com\/2024\/09\/16\/momentos-do-emmy-apresentadores-zombam-gentilmente-de-the-bear-enquanto-maes-da-tv-happy-days-e-west-wing-comemoram\/"},"modified":"2024-09-16T13:52:50","modified_gmt":"2024-09-16T13:52:50","slug":"momentos-do-emmy-apresentadores-zombam-gentilmente-de-the-bear-enquanto-maes-da-tv-happy-days-e-west-wing-comemoram","status":"publish","type":"post","link":"https:\/\/tvbrazilusa.com\/pt\/2024\/09\/16\/momentos-do-emmy-apresentadores-zombam-gentilmente-de-the-bear-enquanto-maes-da-tv-happy-days-e-west-wing-comemoram\/","title":{"rendered":"Momentos do Emmy: Apresentadores zombam gentilmente de &#8216;The Bear&#8217;, enquanto m\u00e3es da TV, &#8216;Happy Days&#8217; e &#8216;West Wing&#8217; comemoram"},"content":{"rendered":"<p> <script async src=\"https:\/\/pagead2.googlesyndication.com\/pagead\/js\/adsbygoogle.js?client=ca-pub-8864793242727901\"\r\n     crossorigin=\"anonymous\"><\/script><br \/>\n<\/p>\n<div id=\"\">\n<header class=\"m-article-header m-article-header--standard\">\n\t\t\t\t\t\t\t\t\t\t\t\t<span id=\"article-header-primary-term\"><br \/>\n\t\t\t\t\t\t\t\t<a class=\"a-term a-term--primary\" href=\"https:\/\/www.boston.com\/tag\/entertainment\/\"><\/p>\n<p>\t\t\t\t\t\t\t\tEntretenimento\t\t\t\t\t\t\t\t<\/a><br \/>\n\t\t\t\t\t\t\t<\/span><\/p>\n<h2 class=\"m-article-header__sub-headline\">\u201cAgora, eu amo o show, eu amo o show, e sei que alguns de voc\u00eas esperam que fa\u00e7amos uma piada sobre se &#8216;The Bear&#8217; \u00e9 realmente uma com\u00e9dia \u2014 mas no verdadeiro esp\u00edrito de &#8216;The Bear&#8217;, n\u00e3o faremos nenhuma piada\u201d, disse Eugene Levy.<\/h2>\n<figure class=\"a-photo m-article-header__photo\"><figcaption class=\"a-photo__caption\">\n<p>\tRon Howard, \u00e0 esquerda, e Henry Winkler apresentam o pr\u00eamio de melhor dire\u00e7\u00e3o para s\u00e9rie de com\u00e9dia durante a 76\u00aa edi\u00e7\u00e3o do Primetime Emmy Awards no domingo, 15 de setembro de 2024, no Peacock Theater, em Los Angeles. <em> Foto AP\/Chris Pizzello<\/em>\t<\/figcaption><\/figure>\n<div class=\"m-article-header__meta\">\n<div class=\"m-article-header__byline\">\n<p class=\"m-article-header__author\">\n<p>\t\t\t\t\t\t\t\tPor MARK KENNEDY, Associated Press\t\t\t\t\t\t\t<\/p>\n<p>\t\t\t\t\t\t    \t\t\t\t\t\t\t<time class=\"m-article-header__date\"><\/p>\n<p>        \t\t\t\t\t\t\t16 de setembro de 2024 | 8h49    \t\t\t\t\t\t\t<\/time><\/p><\/div>\n<\/p><\/div>\n<\/header>\n<p>O \u00faltimo Emmy \u2014 em janeiro, a 75\u00aa edi\u00e7\u00e3o \u2014 foi uma loucura de reuni\u00e3o em um anivers\u00e1rio t\u00e3o grande, com reuni\u00f5es de elenco de s\u00e9ries cl\u00e1ssicas como &#8220;Cheers&#8221;, &#8220;The Sopranos&#8221;, &#8220;It&#8217;s Always Sunny in Philadelphia&#8221; e &#8220;All in the Family&#8221;. O \u00faltimo Emmy disse: &#8220;Segure meus aplausos&#8221;.<\/p>\n<p>\u201cShogun\u201d, \u201cBaby Reindeer\u201d e \u201cThe Bear\u201d ganharam trof\u00e9us ao longo da noite, que foi salpicada com reuni\u00f5es de programas como \u201cSaturday Night Live\u201d e \u201cHappy Days\u201d, bem como temas como pais e m\u00e3es da TV.<\/p>\n<p>Aqui est\u00e3o alguns dos momentos marcantes da noite:<\/p>\n<h2 class=\"wp-block-heading\" id=\"h-gentle-hosts\">Anfitri\u00f5es gentis<\/h2>\n<p>A dupla de pai e filho Eugene e Dan Levy, as estrelas vencedoras do Emmy de 2020 a bordo de &#8220;Schitt&#8217;s Creek&#8221;, apresentou o programa e eles foram calorosos, zombando de si mesmos ao notar que a transmiss\u00e3o da TV estava homenageando &#8220;estrelas de cinema em servi\u00e7os de streaming&#8221;.<\/p>\n<figure class=\"wp-block-image size-full\"><img loading=\"lazy\" decoding=\"async\" width=\"2560\" height=\"1707\" src=\"https:\/\/bdc2020.o0bc.com\/wp-content\/uploads\/2024\/09\/AP24260007765482-66e82359cb9e1-scaled.jpg\" alt=\"Os apresentadores Eugene Levy e Dan Levy falam durante a 76\u00aa edi\u00e7\u00e3o do Primetime Emmy Awards.\" class=\"wp-image-31723915\" srcset=\"https:\/\/bdc2020.o0bc.com\/wp-content\/uploads\/2024\/09\/AP24260007765482-66e82359cb9e1-scaled.jpg?width=200 200w, https:\/\/bdc2020.o0bc.com\/wp-content\/uploads\/2024\/09\/AP24260007765482-66e82359cb9e1-scaled.jpg?width=300 300w, https:\/\/bdc2020.o0bc.com\/wp-content\/uploads\/2024\/09\/AP24260007765482-66e82359cb9e1-scaled.jpg?width=400 400w, https:\/\/bdc2020.o0bc.com\/wp-content\/uploads\/2024\/09\/AP24260007765482-66e82359cb9e1-scaled.jpg?width=500 500w, https:\/\/bdc2020.o0bc.com\/wp-content\/uploads\/2024\/09\/AP24260007765482-66e82359cb9e1-scaled.jpg?width=600 600w, https:\/\/bdc2020.o0bc.com\/wp-content\/uploads\/2024\/09\/AP24260007765482-66e82359cb9e1-scaled.jpg?width=700 700w, https:\/\/bdc2020.o0bc.com\/wp-content\/uploads\/2024\/09\/AP24260007765482-66e82359cb9e1-scaled.jpg?width=800 800w, https:\/\/bdc2020.o0bc.com\/wp-content\/uploads\/2024\/09\/AP24260007765482-66e82359cb9e1-scaled.jpg?width=900 900w\" sizes=\"auto, (max-width: 2560px) 100vw, 2560px\"\/><figcaption class=\"wp-element-caption\">Os apresentadores Eugene Levy e Dan Levy falam durante a 76\u00aa edi\u00e7\u00e3o do Primetime Emmy Awards no domingo, 15 de setembro de 2024, no Peacock Theater em Los Angeles. <i> \u2013 Foto AP\/Chris Pizzello<\/i><\/figcaption><\/figure>\n<p>Mesmo quando os canadenses foram atr\u00e1s de um show \u2014 como &#8220;The Bear&#8221;, competindo na categoria de melhor s\u00e9rie de com\u00e9dia, mesmo n\u00e3o sendo uma festa tradicional \u2014 foi gentil.<\/p>\n<p>\u201cAgora, eu amo o show, eu amo o show, e sei que alguns de voc\u00eas esperam que fa\u00e7amos uma piada sobre se &#8216;The Bear&#8217; \u00e9 realmente uma com\u00e9dia \u2014 mas no verdadeiro esp\u00edrito de &#8216;The Bear&#8217;, n\u00e3o faremos nenhuma piada\u201d, disse Eugene Levy.<\/p>\n<p>Em um momento, os dois se viram na plateia, mas em fileiras diferentes, confundindo a esquerda do palco com a esquerda da casa. O constrangimento se instalou. Quando tentaram passar, Eugene Levy lamentou: &#8220;N\u00e3o consigo ver o ponto!&#8221;<\/p>\n<h2 class=\"wp-block-heading\" id=\"h-the-show-goes-to-the-dogs\">O show vai para os c\u00e3es<\/h2>\n<p>John Oliver agradeceu a muitas pessoas depois que seu &#8220;Last Week Tonight&#8221; ganhou o pr\u00eamio de melhor s\u00e9rie de variedades com roteiro, mas as coisas ficaram estranhas quando ele acabou homenageando o cachorro de sua fam\u00edlia, que morreu recentemente.<\/p>\n<figure class=\"wp-block-image size-full\"><img loading=\"lazy\" decoding=\"async\" width=\"2560\" height=\"1706\" src=\"https:\/\/bdc2020.o0bc.com\/wp-content\/uploads\/2024\/09\/AP24260041785294-66e8238d5a471-scaled.jpg\" alt=\"John Oliver aceita um pr\u00eamio.\" class=\"wp-image-31723919\" srcset=\"https:\/\/bdc2020.o0bc.com\/wp-content\/uploads\/2024\/09\/AP24260041785294-66e8238d5a471-scaled.jpg?width=200 200w, https:\/\/bdc2020.o0bc.com\/wp-content\/uploads\/2024\/09\/AP24260041785294-66e8238d5a471-scaled.jpg?width=300 300w, https:\/\/bdc2020.o0bc.com\/wp-content\/uploads\/2024\/09\/AP24260041785294-66e8238d5a471-scaled.jpg?width=400 400w, https:\/\/bdc2020.o0bc.com\/wp-content\/uploads\/2024\/09\/AP24260041785294-66e8238d5a471-scaled.jpg?width=500 500w, https:\/\/bdc2020.o0bc.com\/wp-content\/uploads\/2024\/09\/AP24260041785294-66e8238d5a471-scaled.jpg?width=600 600w, https:\/\/bdc2020.o0bc.com\/wp-content\/uploads\/2024\/09\/AP24260041785294-66e8238d5a471-scaled.jpg?width=700 700w, https:\/\/bdc2020.o0bc.com\/wp-content\/uploads\/2024\/09\/AP24260041785294-66e8238d5a471-scaled.jpg?width=800 800w, https:\/\/bdc2020.o0bc.com\/wp-content\/uploads\/2024\/09\/AP24260041785294-66e8238d5a471-scaled.jpg?width=900 900w\" sizes=\"auto, (max-width: 2560px) 100vw, 2560px\"\/><figcaption class=\"wp-element-caption\">John Oliver recebe o pr\u00eamio de melhor s\u00e9rie de variedades com roteiro por &#8220;Last Week Tonight With John Oliver&#8221; durante o 76\u00ba Primetime Emmy Awards no domingo, 15 de setembro de 2024, no Peacock Theater em Los Angeles. <i> \u2013 Foto AP\/Chris Pizzello<\/i><\/figcaption><\/figure>\n<p>\u201cTemos a cadela mais fant\u00e1stica, e ela estava no nosso casamento e nos ajudou a passar pela pandemia. Ela esteve conosco em duas gesta\u00e7\u00f5es\u2026\u201d, ele disse, antes de aumentar a m\u00fasica de sa\u00edda do palco.<\/p>\n<p>Oliver n\u00e3o entendeu a indireta: \u201cTivemos que nos despedir dela. Sinto-me como Sarah McLaughlin agora. Ela era uma cadela incr\u00edvel\u201d, disse ele. Ent\u00e3o ele gritou um palavr\u00e3o e tentou fazer com que fosse mais do que sobre seu c\u00e3o falecido.<\/p>\n<p>\u201cIsso n\u00e3o \u00e9 s\u00f3 para ela. Isso \u00e9 para todos os cachorros\u201d, ele continuou enquanto o audit\u00f3rio rugia. \u201cTodos os cachorros, voc\u00eas s\u00e3o todas meninas muito boas. Voc\u00eas s\u00e3o meninos muito bons. Voc\u00eas todos merecem um agrado. Me tirem do s\u00e9rio agora! Muito obrigado.\u201d<\/p>\n<h2 class=\"wp-block-heading\" id=\"h-the-west-wing-reunited\">&#8216;The West Wing&#8217; reunido<\/h2>\n<p>\u201cThe West Wing\u201d comemorou seu 25\u00ba anivers\u00e1rio com os membros do elenco Martin Sheen, Dul\u00e9 Hill, Richard Schiff, Janel Moloney e Allison Janney se reunindo para ajudar a entregar o trof\u00e9u de melhor drama.<\/p>\n<figure class=\"wp-block-image size-full\"><img loading=\"lazy\" decoding=\"async\" width=\"2560\" height=\"1707\" src=\"https:\/\/bdc2020.o0bc.com\/wp-content\/uploads\/2024\/09\/AP24260111080420-66e8236948734-scaled.jpg\" alt=\"Janel Moloney, da esquerda para a direita, Dule Hill, Martin Sheen, Allison Janney e Richard Schiff apresentam um pr\u00eamio. \" class=\"wp-image-31723916\" srcset=\"https:\/\/bdc2020.o0bc.com\/wp-content\/uploads\/2024\/09\/AP24260111080420-66e8236948734-scaled.jpg?width=200 200w, https:\/\/bdc2020.o0bc.com\/wp-content\/uploads\/2024\/09\/AP24260111080420-66e8236948734-scaled.jpg?width=300 300w, https:\/\/bdc2020.o0bc.com\/wp-content\/uploads\/2024\/09\/AP24260111080420-66e8236948734-scaled.jpg?width=400 400w, https:\/\/bdc2020.o0bc.com\/wp-content\/uploads\/2024\/09\/AP24260111080420-66e8236948734-scaled.jpg?width=500 500w, https:\/\/bdc2020.o0bc.com\/wp-content\/uploads\/2024\/09\/AP24260111080420-66e8236948734-scaled.jpg?width=600 600w, https:\/\/bdc2020.o0bc.com\/wp-content\/uploads\/2024\/09\/AP24260111080420-66e8236948734-scaled.jpg?width=700 700w, https:\/\/bdc2020.o0bc.com\/wp-content\/uploads\/2024\/09\/AP24260111080420-66e8236948734-scaled.jpg?width=800 800w, https:\/\/bdc2020.o0bc.com\/wp-content\/uploads\/2024\/09\/AP24260111080420-66e8236948734-scaled.jpg?width=900 900w\" sizes=\"auto, (max-width: 2560px) 100vw, 2560px\"\/><figcaption class=\"wp-element-caption\">Janel Moloney, da esquerda para a direita, Dule Hill, Martin Sheen, Allison Janney e Richard Schiff apresentam o pr\u00eamio de melhor s\u00e9rie dram\u00e1tica durante a 76\u00aa edi\u00e7\u00e3o do Primetime Emmy Awards no domingo, 15 de setembro de 2024, no Peacock Theater, em Los Angeles. <i> \u2013 Foto AP\/Chris Pizzello<\/i><\/figcaption><\/figure>\n<p>Criada por Aaron Sorkin e exibida pela primeira vez na NBC no outono de 1999, \u201cThe West Wing\u201d oferecia uma representa\u00e7\u00e3o idealista do que a pol\u00edtica pode ser. Os membros do elenco se reuniram em um cen\u00e1rio imitando o Sal\u00e3o Oval. Terminou em 2006.<\/p>\n<p>\u201c\u00c9 dif\u00edcil acreditar que h\u00e1 apenas 25 anos, Aaron e os escritores realmente tiveram que usar suas imagina\u00e7\u00f5es para criar enredos interessantes para &#8216;The West Wing&#8217;\u201d, disse Janney. Schiff acrescentou: \u201cAo contr\u00e1rio de hoje, onde os enredos podem ser retirados diretamente das not\u00edcias, enredos que os escritores teriam considerado um pouco exagerados, se n\u00e3o completamente rid\u00edculos, 25 anos atr\u00e1s.\u201d<\/p>\n<h2 class=\"wp-block-heading\" id=\"h-put-me-in-coach\">Coloque-me dentro, treinador<\/h2>\n<p>Jane Lynch, que interpretou a cruel treinadora de l\u00edderes de torcida Sue Sylvester em \u201cGlee\u201d, e Brendan Hunt, o tranquilo treinador Willis Beard em \u201cTed Lasso\u201d, se uniram para ajudar a entregar o pr\u00eamio de melhor diretor de s\u00e9rie dram\u00e1tica.<\/p>\n<p>Eles apareceram em um set de vesti\u00e1rio, com Lynch provocando Hunt dizendo que ela era uma treinadora principal na TV e ele era apenas um treinador assistente. Mas o palco parecia um pouco grande demais para apenas esses dois treinadores da TV.<\/p>\n<p>Isso mudou quando o palco revelou os atletas ol\u00edmpicos de Paris Ilona Maher, Caeleb Dressel e Stephen \u201cPommel Horse Guy\u201d Nedoroscik ao lado do paral\u00edmpico Ezra Frech.<\/p>\n<h2 class=\"wp-block-heading\" id=\"h-saturday-night-live-greats-mock-its-creator\">Os grandes nomes do &#8216;Saturday Night Live&#8217; zombam do seu criador<\/h2>\n<p>O \u201cSaturday Night Live\u201d come\u00e7ou seu 50\u00ba anivers\u00e1rio no ano que vem com uma mini-reuni\u00e3o, com Kristen Wiig, Maya Rudolph, Seth Meyers e Bowen Yang apresentando o pr\u00eamio de melhor roteiro para um especial de variedades.<\/p>\n<figure class=\"wp-block-image size-full\"><img loading=\"lazy\" decoding=\"async\" width=\"2560\" height=\"1707\" src=\"https:\/\/bdc2020.o0bc.com\/wp-content\/uploads\/2024\/09\/AP24260042920628-66e8237d966d2-scaled.jpg\" alt=\"Maya Rudolph, da esquerda para a direita, Seth Meyers, Kristen Wiig e Bowen Yang apresentam um pr\u00eamio. \" class=\"wp-image-31723917\" srcset=\"https:\/\/bdc2020.o0bc.com\/wp-content\/uploads\/2024\/09\/AP24260042920628-66e8237d966d2-scaled.jpg?width=200 200w, https:\/\/bdc2020.o0bc.com\/wp-content\/uploads\/2024\/09\/AP24260042920628-66e8237d966d2-scaled.jpg?width=300 300w, https:\/\/bdc2020.o0bc.com\/wp-content\/uploads\/2024\/09\/AP24260042920628-66e8237d966d2-scaled.jpg?width=400 400w, https:\/\/bdc2020.o0bc.com\/wp-content\/uploads\/2024\/09\/AP24260042920628-66e8237d966d2-scaled.jpg?width=500 500w, https:\/\/bdc2020.o0bc.com\/wp-content\/uploads\/2024\/09\/AP24260042920628-66e8237d966d2-scaled.jpg?width=600 600w, https:\/\/bdc2020.o0bc.com\/wp-content\/uploads\/2024\/09\/AP24260042920628-66e8237d966d2-scaled.jpg?width=700 700w, https:\/\/bdc2020.o0bc.com\/wp-content\/uploads\/2024\/09\/AP24260042920628-66e8237d966d2-scaled.jpg?width=800 800w, https:\/\/bdc2020.o0bc.com\/wp-content\/uploads\/2024\/09\/AP24260042920628-66e8237d966d2-scaled.jpg?width=900 900w\" sizes=\"auto, (max-width: 2560px) 100vw, 2560px\"\/><figcaption class=\"wp-element-caption\">Maya Rudolph, da esquerda para a direita, Seth Meyers, Kristen Wiig e Bowen Yang apresentam o pr\u00eamio de roteiro excepcional para um especial de variedades durante o 76\u00ba Primetime Emmy Awards no domingo, 15 de setembro de 2024, no Peacock Theater em Los Angeles. <i> \u2013 Foto AP\/Chris Pizzello<\/i><\/figcaption><\/figure>\n<p>Tr\u00eas dos quatro zombaram do criador e produtor Lorne Michaels na plateia, que eles alegaram ter sido indicado e perdido 85 vezes no Emmy. Rudolph disse que ele foi &#8220;roubado&#8221;. Yang disse &#8220;est\u00e1 melhorando&#8221; e &#8220;continue ganhando&#8221;. Meyers corrigiu todos eles para dizer que, na verdade, Michaels ganhou 21 Emmys. Yang ent\u00e3o se inclinou para pronunciar errado o primeiro nome de seu chefe.<\/p>\n<p>Pode ter sido um gostinho de 2025, quando o show de esquetes pioneiro ser\u00e1 celebrado, incluindo um especial de tr\u00eas horas ao vivo no hor\u00e1rio nobre em fevereiro. Foi o trampolim para estrelas como Eddie Murphy, Adam Sandler, Tina Fey, Will Ferrell e Mike Myers.<\/p>\n<h2 class=\"wp-block-heading\" id=\"h-bad-guys-and-gals\">Caras e garotas maus<\/h2>\n<p>Antony Starr de \u201cThe Boys\u201d, Giancarlo Esposito de \u201cBreaking Bad\u201d e Kathy Bates de \u201cMisery\u201d surgiram para representar uma parte estranhamente importante da TV \u2014 os vil\u00f5es.<\/p>\n<p>\u201cSem vil\u00f5es ou antagonistas, n\u00e3o haveria muita hist\u00f3ria\u201d, disse Esposito. Mas isso cobra seu pre\u00e7o. \u201cVoc\u00ea sabe o qu\u00e3o dif\u00edcil foi conseguir um encontro depois de &#8216;Misery&#8217;\u201d, brincou Bates sobre seu papel de Stephen King como uma sequestradora enlouquecida.<\/p>\n<p>Esposito reclamou que traficantes de drogas interrompem seu jantar para pedir conselhos sobre como construir seus imp\u00e9rios e Starr disse que muitos cr\u00edticos de 12 anos o abordaram para dizer que seu super-her\u00f3i \u00e9 &#8220;ruim&#8221;. Ele responde que o programa tem classifica\u00e7\u00e3o R. &#8220;\u00c9 uma cria\u00e7\u00e3o desleixada, desleixada&#8221;, observou.<\/p>\n<h2 class=\"wp-block-heading\" id=\"h-moms-and-dads\">M\u00e3es e pais<\/h2>\n<p>George Lopez, Damon Wayans, Jesse Tyler Ferguson, que interpretaram pais memor\u00e1veis \u200b\u200bna TV, se reuniram para reconhecer o ator principal em uma s\u00e9rie de com\u00e9dia. Eles entraram em um cen\u00e1rio de caverna e Lopez e Wayans disseram que queriam agradecer \u00e0s suas esposas na TV, mas Ferguson hesitou, tendo estrelado com um marido na TV em vez de &#8220;Modern Family&#8221;. &#8220;Sinto muito, voc\u00eas assistiram ao meu programa ou&#8230;?&#8221;, ele perguntou a eles. &#8220;Sim, todas as 90 temporadas&#8221;, respondeu Wayans.<\/p>\n<figure class=\"wp-block-image size-full\"><img loading=\"lazy\" decoding=\"async\" width=\"2560\" height=\"1707\" src=\"https:\/\/bdc2020.o0bc.com\/wp-content\/uploads\/2024\/09\/AP24260022980572-66e823b14a86d-scaled.jpg\" alt=\"Damon Wayans, da esquerda para a direita, George Lopez e Jesse Tyler Ferguson apresentam um pr\u00eamio. \" class=\"wp-image-31723931\" srcset=\"https:\/\/bdc2020.o0bc.com\/wp-content\/uploads\/2024\/09\/AP24260022980572-66e823b14a86d-scaled.jpg?width=200 200w, https:\/\/bdc2020.o0bc.com\/wp-content\/uploads\/2024\/09\/AP24260022980572-66e823b14a86d-scaled.jpg?width=300 300w, https:\/\/bdc2020.o0bc.com\/wp-content\/uploads\/2024\/09\/AP24260022980572-66e823b14a86d-scaled.jpg?width=400 400w, https:\/\/bdc2020.o0bc.com\/wp-content\/uploads\/2024\/09\/AP24260022980572-66e823b14a86d-scaled.jpg?width=500 500w, https:\/\/bdc2020.o0bc.com\/wp-content\/uploads\/2024\/09\/AP24260022980572-66e823b14a86d-scaled.jpg?width=600 600w, https:\/\/bdc2020.o0bc.com\/wp-content\/uploads\/2024\/09\/AP24260022980572-66e823b14a86d-scaled.jpg?width=700 700w, https:\/\/bdc2020.o0bc.com\/wp-content\/uploads\/2024\/09\/AP24260022980572-66e823b14a86d-scaled.jpg?width=800 800w, https:\/\/bdc2020.o0bc.com\/wp-content\/uploads\/2024\/09\/AP24260022980572-66e823b14a86d-scaled.jpg?width=900 900w\" sizes=\"auto, (max-width: 2560px) 100vw, 2560px\"\/><figcaption class=\"wp-element-caption\">Damon Wayans, da esquerda para a direita, George Lopez e Jesse Tyler Ferguson apresentam o pr\u00eamio de melhor ator principal em s\u00e9rie de com\u00e9dia durante a 76\u00aa edi\u00e7\u00e3o do Primetime Emmy Awards no domingo, 15 de setembro de 2024, no Peacock Theater, em Los Angeles. <i> \u2013 Foto AP\/Chris Pizzello<\/i><\/figcaption><\/figure>\n<p>Mais tarde, foi a vez das m\u00e3es. Meredith Baxter, que interpretou a matriarca de \u201cFamily Ties\u201d, Connie Britton de \u201cFriday Night Lights\u201d e Susan Kelechi Watson de \u201cThis Is Us\u201d apresentaram o pr\u00eamio de melhor roteiro para uma s\u00e9rie de com\u00e9dia. \u201cN\u00f3s percorremos um longo caminho\u201d, disse Baxter. \u201cAs m\u00e3es da TV n\u00e3o s\u00e3o mais unidimensionais\u201d, disse Watson. \u201cEst\u00e1 tudo bem pedir tanto quanto um pai da TV.\u201d<\/p>\n<h2 class=\"wp-block-heading\" id=\"h-tuesday-wednesday-happy-days\">&#8216;Ter\u00e7a, quarta, dias felizes&#8217;<\/h2>\n<p>O diretor e produtor Ron Howard e o ator e autor Henry Winkler se reuniram para celebrar o 50\u00ba anivers\u00e1rio de &#8220;Happy Days&#8221;, uma vis\u00e3o romantizada da vida adolescente na d\u00e9cada de 1950 que girava em torno do humor adolescente sobre carros e namoro.<\/p>\n<figure class=\"wp-block-image size-full\"><img loading=\"lazy\" decoding=\"async\" width=\"2560\" height=\"1707\" src=\"https:\/\/bdc2020.o0bc.com\/wp-content\/uploads\/2024\/09\/AP24260066820367-66e823e31592b-scaled.jpg\" alt=\"Ron Howard, \u00e0 esquerda, e Henry Winkler apresentam um pr\u00eamio. \" class=\"wp-image-31723954\" srcset=\"https:\/\/bdc2020.o0bc.com\/wp-content\/uploads\/2024\/09\/AP24260066820367-66e823e31592b-scaled.jpg?width=200 200w, https:\/\/bdc2020.o0bc.com\/wp-content\/uploads\/2024\/09\/AP24260066820367-66e823e31592b-scaled.jpg?width=300 300w, https:\/\/bdc2020.o0bc.com\/wp-content\/uploads\/2024\/09\/AP24260066820367-66e823e31592b-scaled.jpg?width=400 400w, https:\/\/bdc2020.o0bc.com\/wp-content\/uploads\/2024\/09\/AP24260066820367-66e823e31592b-scaled.jpg?width=500 500w, https:\/\/bdc2020.o0bc.com\/wp-content\/uploads\/2024\/09\/AP24260066820367-66e823e31592b-scaled.jpg?width=600 600w, https:\/\/bdc2020.o0bc.com\/wp-content\/uploads\/2024\/09\/AP24260066820367-66e823e31592b-scaled.jpg?width=700 700w, https:\/\/bdc2020.o0bc.com\/wp-content\/uploads\/2024\/09\/AP24260066820367-66e823e31592b-scaled.jpg?width=800 800w, https:\/\/bdc2020.o0bc.com\/wp-content\/uploads\/2024\/09\/AP24260066820367-66e823e31592b-scaled.jpg?width=900 900w\" sizes=\"auto, (max-width: 2560px) 100vw, 2560px\"\/><figcaption class=\"wp-element-caption\">Ron Howard, \u00e0 esquerda, e Henry Winkler apresentam o pr\u00eamio de melhor dire\u00e7\u00e3o para s\u00e9rie de com\u00e9dia durante a 76\u00aa edi\u00e7\u00e3o do Primetime Emmy Awards no domingo, 15 de setembro de 2024, no Peacock Theater, em Los Angeles. <i> \u2013 Foto AP\/Chris Pizzello<\/i><\/figcaption><\/figure>\n<p>Winkler, que interpretou o cara legal Fonzie com seu caracter\u00edstico &#8220;Aaaayy!&#8221; com os dois polegares para cima, e Howard, que interpretou o bonzinho Richie Cunningham, se tornaram nomes conhecidos gra\u00e7as \u00e0 sitcom, que foi ao ar de 1974 a 1980. Winkler ganhou um Emmy na com\u00e9dia de humor negro da HBO &#8220;Barry&#8221; e espalhou a conscientiza\u00e7\u00e3o sobre a dislexia como um autor de best-sellers; Howard dirigiu vencedores do Oscar como &#8220;Apollo 13&#8221; e &#8220;Uma Mente Brilhante&#8221;.<\/p>\n<p>Os dois homens se encontraram no palco em um cen\u00e1rio decorado como o restaurante onde o show se passava. Winkler parabenizou Howard por seu document\u00e1rio vencedor do Emmy sobre Jim Henson. Mas, apesar de alguma insist\u00eancia de Howard, Winkler n\u00e3o quis cantar a m\u00fasica tema. &#8220;Estou sem pr\u00e1tica&#8221;, ele disse. &#8220;E \u00e9 preciso estudar.&#8221; Ent\u00e3o Winkler cutucou a jukebox com o cotovelo e a m\u00fasica tema tocou.<\/p>\n<h2 class=\"wp-block-heading\" id=\"h-order-amp-law\">Ordem e Lei<\/h2>\n<p>O sistema de justi\u00e7a criminal da TV foi representado no domingo por duas partes separadas, mas iguais. Havia os policiais \u2013 Jimmy Smits de \u201cNYPD Blue\u201d, Niecy Nash-Betts de \u201cReno 911!\u201d e Don Johnson de \u201cMiami Vice\u201d. Eles apareceram em um set com um carro da pol\u00edcia de Nova York no palco. Smits observou que ele morreu no epis\u00f3dio um de \u201cMiami Vice\u201d e depois como um membro do elenco de \u201cNYPD Blue\u201d. Nash-Betts disse que nunca morreu: \u201cEu sou negra e sobrevivi a &#8216;Dahmer&#8217;\u201d, ela brincou.<\/p>\n<p>E ent\u00e3o havia os advogados de TV que levavam os casos aos tribunais: Viola Davis de \u201cHow to Get Away with Murder\u201d, Gina Torres de \u201cSuits\u201d e Christine Baranski de \u201cThe Good Wife\u201d e \u201cThe Good Fight\u201d. (Embora, para ser honesto, Smits tamb\u00e9m fosse um bom advogado em \u201cLA Law\u201d.)<\/p>\n<p>\u201cOs advogados t\u00eam visto todas as combina\u00e7\u00f5es da condi\u00e7\u00e3o humana\u201d, disse Davis. Torres acrescentou: \u201cDe muitas maneiras, eles tentam melhorar essa condi\u00e7\u00e3o humana e nos elevar.\u201d<\/p>\n<div class=\"m-block m-generic-cta\t m-generic-cta--post-content\t m-generic-cta--dark\t m-generic-cta--homepage\t m-generic-cta--email-signup\t\t m-generic-cta-block-style--default \tt-amp__generic-cta\"><\/p>\n<div class=\"m-generic-cta__wrap\">\n<div class=\"m-generic-cta__content\">\n<h3 class=\"m-generic-cta__title\">Precisa de planos para o fim de semana?<\/h3>\n<p class=\"m-generic-cta__subtitle\">As melhores coisas para fazer na cidade, entregues na sua caixa de entrada.<\/p>\n<\/p><\/div>\n<\/p><\/div>\n<\/div><\/div>\n<p><script>\n\t\tvar consent=\"grant\";\n\t\t\/* The above code is parsing the JSON data from the local storage and storing it in a variable. *\/\n\t\t\t\t\tconst onetrustStorageConsent = JSON.parse(localStorage.getItem( 'consent_one_trust_bdc' ) );\n\t\t\tif ( ( onetrustStorageConsent !== null ) ) {\n\t\t\t\t\/* Checking to see if the user has consented to the use of cookies.\n\t\t\t\t* If they have not, it is deleting the cookie.\n\t\t\t\t* This will comment for now, until further notice.\n\t\t\t\t*\/\n\t\t\t\t\/\/if ( onetrustStorageConsent.C0002 === false ) {\n\t\t\t\t\/\/\tdocument.cookie=\"_fbp=;expires=Thu, 01 Jan 2010 00:00:00 UTC; path=\/; domain=.boston.com\";\n\t\t\t\t\/\/}\n\t\t\t\t\/* Checking if the user has given consent for the cookie C0002.\n\t\t\t\t* If the user has given consent, the variable consent will be set to 'grant'.\n\t\t\t\t* If the user has not given consent,the variable consent will be set to 'revoke'.\n\t\t\t\t* Documentation https:\/\/developers.facebook.com\/docs\/meta-pixel\/implementation\/gdpr\n\t\t\t\t*\/\n\t\t\t\tif ( onetrustStorageConsent.C0002 !== true ) {\n\t\t\t\t\tconsent=\"revoke\";\n\t\t\t\t}\n\t\t\t}\n\t\t\t\t!function(f,b,e,v,n,t,s)\n\t\t{if(f.fbq)return;n=f.fbq=function(){n.callMethod?\n\t\tn.callMethod.apply(n,arguments):n.queue.push(arguments)};\n\t\tif(!f._fbq)f._fbq=n;n.push=n;n.loaded=!0;n.version='2.0';\n\t\tn.queue=[];t=b.createElement(e);t.async=!0;\n\t\tt.src=v;s=b.getElementsByTagName(e)[0];\n\t\ts.parentNode.insertBefore(t,s)}(window, document,'script',\n\t\t'https:\/\/connect.facebook.net\/en_US\/fbevents.js');\n\t\tfbq('consent', consent);\n\t\tfbq('init', '989222871864976');\n\t\tfbq('track', 'PageView');\n\t<\/script><script type=\"module\">\n\t\tvar consent=\"grant\";\n\t\t\/* The above code is parsing the JSON data from the local storage and storing it in a variable. *\/\n\t\t\tconst onetrustStorageConsent = JSON.parse(localStorage.getItem( 'consent_one_trust_bdc' ) );\n\t\t\t\/* Checking to see if the user has consented to the use of cookies.\n\t\t\t* If they have not, it is deleting the cookie.\n\t\t\t* This will comment for now, until further notice.\n\t\t\t*\/\n\t\t\t\/\/if ( onetrustStorageConsent.C0002 === false ) {\n\t\t\t\/\/\tdocument.cookie=\"_fbp=;expires=Thu, 01 Jan 2010 00:00:00 UTC; path=\/; domain=.boston.com\";\n\t\t\t\/\/}\n\t\t\t\/* Checking if the user has given consent for the cookie C0002.\n\t\t\t* If the user has given consent, the variable consent will be set to 'grant'.\n\t\t\t* If the user has not given consent,the variable consent will be set to 'revoke'.\n\t\t\t* Documentation https:\/\/developers.facebook.com\/docs\/meta-pixel\/implementation\/gdpr\n\t\t\t*\/\n\t\t\tif ( ( onetrustStorageConsent !== null ) && (onetrustStorageConsent.C0002 !== true ) ) {\n\t\t\t\tconsent=\"revoke\";\n\t\t\t}\n\t\t\t\t!function(f,b,e,v,n,t,s){if(f.fbq)return;n=f.fbq=function()\n\t\t{n.callMethod? n.callMethod.apply(n,arguments):n.queue.push(arguments)}\n\t\t;if(!f._fbq)f._fbq=n;\n\t\tn.push=n;n.loaded=!0;n.version='2.0';n.queue=[];t=b.createElement(e);t.async=!0;\n\t\tt.src=v;s=b.getElementsByTagName(e)[0];s.parentNode.insertBefore(t,s)}(window,\n\t\tdocument,'script','https:\/\/connect.facebook.net\/en_US\/fbevents.js');\n\t\tfbq('consent', consent);\n\t\tfbq('init', '813236348753005');\n\t\tfbq('track', \"PageView\");\n\t<\/script><br \/>\n<br \/><br \/>\n<br \/><a href=\"https:\/\/www.boston.com\/culture\/entertainment\/2024\/09\/16\/emmy-awards-moments-hosts-the-bear-tv-moms-happy-days-west-wing\/\">Source link <\/a><\/p>","protected":false},"excerpt":{"rendered":"<p>Entretenimento \u201cAgora, eu amo o show, eu amo o show, e sei que alguns de voc\u00eas esperam que fa\u00e7amos uma piada sobre se &#8216;The Bear&#8217; \u00e9 realmente uma com\u00e9dia \u2014&hellip;<\/p>","protected":false},"author":1,"featured_media":37862,"comment_status":"closed","ping_status":"open","sticky":false,"template":"","format":"standard","meta":{"content-type":"","footnotes":""},"categories":[1],"tags":[],"class_list":["post-37861","post","type-post","status-publish","format-standard","has-post-thumbnail","hentry","category-uncategorized"],"_links":{"self":[{"href":"https:\/\/tvbrazilusa.com\/pt\/wp-json\/wp\/v2\/posts\/37861","targetHints":{"allow":["GET"]}}],"collection":[{"href":"https:\/\/tvbrazilusa.com\/pt\/wp-json\/wp\/v2\/posts"}],"about":[{"href":"https:\/\/tvbrazilusa.com\/pt\/wp-json\/wp\/v2\/types\/post"}],"author":[{"embeddable":true,"href":"https:\/\/tvbrazilusa.com\/pt\/wp-json\/wp\/v2\/users\/1"}],"replies":[{"embeddable":true,"href":"https:\/\/tvbrazilusa.com\/pt\/wp-json\/wp\/v2\/comments?post=37861"}],"version-history":[{"count":1,"href":"https:\/\/tvbrazilusa.com\/pt\/wp-json\/wp\/v2\/posts\/37861\/revisions"}],"predecessor-version":[{"id":37863,"href":"https:\/\/tvbrazilusa.com\/pt\/wp-json\/wp\/v2\/posts\/37861\/revisions\/37863"}],"wp:featuredmedia":[{"embeddable":true,"href":"https:\/\/tvbrazilusa.com\/pt\/wp-json\/wp\/v2\/media\/37862"}],"wp:attachment":[{"href":"https:\/\/tvbrazilusa.com\/pt\/wp-json\/wp\/v2\/media?parent=37861"}],"wp:term":[{"taxonomy":"category","embeddable":true,"href":"https:\/\/tvbrazilusa.com\/pt\/wp-json\/wp\/v2\/categories?post=37861"},{"taxonomy":"post_tag","embeddable":true,"href":"https:\/\/tvbrazilusa.com\/pt\/wp-json\/wp\/v2\/tags?post=37861"}],"curies":[{"name":"wp","href":"https:\/\/api.w.org\/{rel}","templated":true}]}}