{"id":37881,"date":"2024-09-16T14:26:24","date_gmt":"2024-09-16T14:26:24","guid":{"rendered":"https:\/\/tvbrazilusa.com\/2024\/09\/16\/tito-jackson-membro-do-jackson-5-morre-aos-70-anos\/"},"modified":"2024-09-16T14:33:23","modified_gmt":"2024-09-16T14:33:23","slug":"tito-jackson-membro-do-jackson-5-morre-aos-70-anos","status":"publish","type":"post","link":"https:\/\/tvbrazilusa.com\/pt\/2024\/09\/16\/tito-jackson-membro-do-jackson-5-morre-aos-70-anos\/","title":{"rendered":"Tito Jackson, membro do Jackson 5, morre aos 70 anos"},"content":{"rendered":"<p> <script async src=\"https:\/\/pagead2.googlesyndication.com\/pagead\/js\/adsbygoogle.js?client=ca-pub-8864793242727901\"\r\n     crossorigin=\"anonymous\"><\/script><br \/>\n<\/p>\n<div id=\"\">\n<header class=\"m-article-header m-article-header--standard\">\n\t\t\t\t\t\t\t\t\t\t\t\t<span id=\"article-header-primary-term\"><br \/>\n\t\t\t\t\t\t\t\t<a class=\"a-term a-term--primary\" href=\"https:\/\/www.boston.com\/tag\/entertainment\/\"><\/p>\n<p>\t\t\t\t\t\t\t\tEntretenimento\t\t\t\t\t\t\t\t<\/a><br \/>\n\t\t\t\t\t\t\t<\/span><\/p>\n<h2 class=\"m-article-header__sub-headline\">O Jackson 5 inclu\u00eda os irm\u00e3os Jackie, Tito, Jermaine, Marlon e Michael.<\/h2>\n<figure class=\"a-photo m-article-header__photo\"><figcaption class=\"a-photo__caption\">\n<p>\tTito Jackson, membro do famoso Jackson 5, posa para um retrato em Los Angeles, em 24 de julho de 2019.<em> Mark Von Holden\/Invision\/AP, Arquivo<\/em>\t<\/figcaption><\/figure>\n<div class=\"m-article-header__meta\">\n<div class=\"m-article-header__byline\">\n<p class=\"m-article-header__author\">\n<p>\t\t\t\t\t\t\t\tPor BRIAN PD HANNON, Associated Press\t\t\t\t\t\t\t<\/p>\n<p>\t\t\t\t\t\t    \t\t\t\t\t\t\t<time class=\"m-article-header__date\"><\/p>\n<p>        \t\t\t\t\t\t\tatualizado em 16 de setembro de 2024 | 10:26 AM    \t\t\t\t\t\t\t<\/time><\/p><\/div>\n<\/p><\/div>\n<\/header>\n<p>Tito Jackson, um dos irm\u00e3os que compunham o adorado grupo pop Jackson 5, morreu. Ele tinha 70 anos.<\/p>\n<p>Tito foi o terceiro dos nove filhos de Jackson, que incluem os astros globais Michael e sua irm\u00e3 Janet, parte de uma fam\u00edlia de m\u00fasicos cujas can\u00e7\u00f5es ainda s\u00e3o adoradas hoje em dia.<\/p>\n<p>\u201c\u00c9 com o cora\u00e7\u00e3o pesado que anunciamos que nosso amado pai, o membro do Hall da Fama do Rock &#038; Roll Tito Jackson n\u00e3o est\u00e1 mais conosco. Estamos chocados, tristes e com o cora\u00e7\u00e3o partido. Nosso pai era um homem incr\u00edvel que se importava com todos e seu bem-estar\u201d, disseram seus filhos TJ, Taj e Taryll em uma declara\u00e7\u00e3o publicada no Instagram no domingo \u00e0 noite.<\/p>\n<p>O Jackson 5 inclu\u00eda os irm\u00e3os Jackie, Tito, Jermaine, Marlon e Michael. O grupo familiar, que foi introduzido no Hall da Fama do Rock &#038; Roll em 1997, produziu v\u00e1rios hits n\u00ba 1 na d\u00e9cada de 1970, incluindo \u201cABC\u201d, \u201cI Want You Back\u201d e \u201cI&#8217;ll Be There\u201d.<\/p>\n<p>O Jackson 5 se tornou um dos maiores nomes da m\u00fasica sob a orienta\u00e7\u00e3o de seu pai, Joe Jackson, um metal\u00fargico e guitarrista que sustentava sua esposa e nove filhos em Gary, Indiana. Conforme a carreira musical da fam\u00edlia decolou, eles se mudaram para a Calif\u00f3rnia.<\/p>\n<p>Nascido em 15 de outubro de 1953, Toriano Adaryll \u201cTito\u201d Jackson foi o membro menos ouvido do grupo como um cantor de fundo que tocava viol\u00e3o. Seus irm\u00e3os lan\u00e7aram carreiras solo, incluindo Michael, que se tornou um dos maiores artistas do mundo, conhecido como O Rei do Pop.<\/p>\n<p>Michael Jackson morreu aos 50 anos em 25 de junho de 2009.<\/p>\n<p>Em declara\u00e7\u00f5es \u00e0 Associated Press em dezembro de 2009, Jackson disse que a morte de seu irm\u00e3o mais novo aproximou ainda mais a fam\u00edlia.<\/p>\n<p>\u201cEu diria que definitivamente isso nos trouxe um passo mais perto um do outro. Reconhecer o amor que temos um pelo outro quando um de n\u00f3s n\u00e3o est\u00e1 aqui, que grande perda\u201d, ele disse, acrescentando que ele pessoalmente nunca \u201cestaria em paz com isso\u201d.<\/p>\n<p>\u201cAinda h\u00e1 momentos em que simplesmente n\u00e3o consigo acreditar. Ent\u00e3o, acho que isso nunca vai passar\u201d, disse ele.<\/p>\n<p>Em 2014, Jackson disse que ele e seus irm\u00e3os ainda sentiam a aus\u00eancia de Michael Jackson em seus shows, que continuaram com turn\u00eas internacionais.<\/p>\n<p>\u201cN\u00e3o acho que algum dia nos acostumaremos a nos apresentar sem ele. Ele faz muita falta\u201d, disse ele, notando que o esp\u00edrito de Michael \u201cest\u00e1 conosco quando estamos nos apresentando. Ele nos d\u00e1 muita energia positiva e coloca muitos sorrisos em nossos rostos.\u201d<\/p>\n<p>Dias antes de sua morte, Jackson postou uma mensagem em sua p\u00e1gina do Facebook da Alemanha em 11 de setembro, onde visitou um memorial a Michael Jackson com seus irm\u00e3os.<\/p>\n<p>\u201cAntes do nosso show em Munique, meus irm\u00e3os Jackie, Marlon e eu visitamos o lindo memorial dedicado ao nosso amado irm\u00e3o, Michael Jackson. Somos profundamente gratos por este lugar especial que honra n\u00e3o apenas sua mem\u00f3ria, mas tamb\u00e9m nosso legado compartilhado. Obrigado por manter seu esp\u00edrito vivo\u201d, ele escreveu.<\/p>\n<p>Tito Jackson foi o \u00faltimo dos nove irm\u00e3os Jackson a lan\u00e7ar um projeto solo com sua estreia em 2016, &#8220;Tito Time&#8221;. Ele lan\u00e7ou uma m\u00fasica em 2017, &#8220;One Way Street&#8221;, e disse \u00e0 AP em 2019 que estava trabalhando em um segundo \u00e1lbum.<\/p>\n<p>Jackson disse que ele propositalmente se conteve de seguir carreira solo porque queria se concentrar em criar seus tr\u00eas filhos, TJ, Taj e Taryll, que formaram seu pr\u00f3prio grupo musical, 3T. O site de Jackson oferece um link para um single com 3T e Stevie Wonder intitulado &#8220;Love One Another&#8221;.<\/p>\n<p>Tito Jackson tamb\u00e9m deixa seus irm\u00e3os Jermaine, Randy, Marlon e Jackie, suas irm\u00e3s Janet, Rebbie e La Toya e sua m\u00e3e, Katherine. Seu pai morreu em 2018.<\/p>\n<p>A morte de Jackson foi relatada pela primeira vez pelo Entertainment Tonight.<\/p>\n<\/p><\/div>\n<p><script>\n\t\tvar consent=\"grant\";\n\t\t\/* The above code is parsing the JSON data from the local storage and storing it in a variable. *\/\n\t\t\t\t\tconst onetrustStorageConsent = JSON.parse(localStorage.getItem( 'consent_one_trust_bdc' ) );\n\t\t\tif ( ( onetrustStorageConsent !== null ) ) {\n\t\t\t\t\/* Checking to see if the user has consented to the use of cookies.\n\t\t\t\t* If they have not, it is deleting the cookie.\n\t\t\t\t* This will comment for now, until further notice.\n\t\t\t\t*\/\n\t\t\t\t\/\/if ( onetrustStorageConsent.C0002 === false ) {\n\t\t\t\t\/\/\tdocument.cookie=\"_fbp=;expires=Thu, 01 Jan 2010 00:00:00 UTC; path=\/; domain=.boston.com\";\n\t\t\t\t\/\/}\n\t\t\t\t\/* Checking if the user has given consent for the cookie C0002.\n\t\t\t\t* If the user has given consent, the variable consent will be set to 'grant'.\n\t\t\t\t* If the user has not given consent,the variable consent will be set to 'revoke'.\n\t\t\t\t* Documentation https:\/\/developers.facebook.com\/docs\/meta-pixel\/implementation\/gdpr\n\t\t\t\t*\/\n\t\t\t\tif ( onetrustStorageConsent.C0002 !== true ) {\n\t\t\t\t\tconsent=\"revoke\";\n\t\t\t\t}\n\t\t\t}\n\t\t\t\t!function(f,b,e,v,n,t,s)\n\t\t{if(f.fbq)return;n=f.fbq=function(){n.callMethod?\n\t\tn.callMethod.apply(n,arguments):n.queue.push(arguments)};\n\t\tif(!f._fbq)f._fbq=n;n.push=n;n.loaded=!0;n.version='2.0';\n\t\tn.queue=[];t=b.createElement(e);t.async=!0;\n\t\tt.src=v;s=b.getElementsByTagName(e)[0];\n\t\ts.parentNode.insertBefore(t,s)}(window, document,'script',\n\t\t'https:\/\/connect.facebook.net\/en_US\/fbevents.js');\n\t\tfbq('consent', consent);\n\t\tfbq('init', '989222871864976');\n\t\tfbq('track', 'PageView');\n\t<\/script><script type=\"module\">\n\t\tvar consent=\"grant\";\n\t\t\/* The above code is parsing the JSON data from the local storage and storing it in a variable. *\/\n\t\t\tconst onetrustStorageConsent = JSON.parse(localStorage.getItem( 'consent_one_trust_bdc' ) );\n\t\t\t\/* Checking to see if the user has consented to the use of cookies.\n\t\t\t* If they have not, it is deleting the cookie.\n\t\t\t* This will comment for now, until further notice.\n\t\t\t*\/\n\t\t\t\/\/if ( onetrustStorageConsent.C0002 === false ) {\n\t\t\t\/\/\tdocument.cookie=\"_fbp=;expires=Thu, 01 Jan 2010 00:00:00 UTC; path=\/; domain=.boston.com\";\n\t\t\t\/\/}\n\t\t\t\/* Checking if the user has given consent for the cookie C0002.\n\t\t\t* If the user has given consent, the variable consent will be set to 'grant'.\n\t\t\t* If the user has not given consent,the variable consent will be set to 'revoke'.\n\t\t\t* Documentation https:\/\/developers.facebook.com\/docs\/meta-pixel\/implementation\/gdpr\n\t\t\t*\/\n\t\t\tif ( ( onetrustStorageConsent !== null ) && (onetrustStorageConsent.C0002 !== true ) ) {\n\t\t\t\tconsent=\"revoke\";\n\t\t\t}\n\t\t\t\t!function(f,b,e,v,n,t,s){if(f.fbq)return;n=f.fbq=function()\n\t\t{n.callMethod? n.callMethod.apply(n,arguments):n.queue.push(arguments)}\n\t\t;if(!f._fbq)f._fbq=n;\n\t\tn.push=n;n.loaded=!0;n.version='2.0';n.queue=[];t=b.createElement(e);t.async=!0;\n\t\tt.src=v;s=b.getElementsByTagName(e)[0];s.parentNode.insertBefore(t,s)}(window,\n\t\tdocument,'script','https:\/\/connect.facebook.net\/en_US\/fbevents.js');\n\t\tfbq('consent', consent);\n\t\tfbq('init', '813236348753005');\n\t\tfbq('track', \"PageView\");\n\t<\/script><br \/>\n<br \/><br \/>\n<br \/><a href=\"https:\/\/www.boston.com\/culture\/entertainment\/2024\/09\/16\/tito-jackson-member-of-the-jackson-5-dies-at-70\/\">Source link <\/a><\/p>","protected":false},"excerpt":{"rendered":"<p>Entretenimento O Jackson 5 inclu\u00eda os irm\u00e3os Jackie, Tito, Jermaine, Marlon e Michael. Tito Jackson, membro do famoso Jackson 5, posa para um retrato em Los Angeles, em 24 de&hellip;<\/p>","protected":false},"author":1,"featured_media":37882,"comment_status":"closed","ping_status":"open","sticky":false,"template":"","format":"standard","meta":{"content-type":"","footnotes":""},"categories":[1],"tags":[],"class_list":["post-37881","post","type-post","status-publish","format-standard","has-post-thumbnail","hentry","category-uncategorized"],"_links":{"self":[{"href":"https:\/\/tvbrazilusa.com\/pt\/wp-json\/wp\/v2\/posts\/37881","targetHints":{"allow":["GET"]}}],"collection":[{"href":"https:\/\/tvbrazilusa.com\/pt\/wp-json\/wp\/v2\/posts"}],"about":[{"href":"https:\/\/tvbrazilusa.com\/pt\/wp-json\/wp\/v2\/types\/post"}],"author":[{"embeddable":true,"href":"https:\/\/tvbrazilusa.com\/pt\/wp-json\/wp\/v2\/users\/1"}],"replies":[{"embeddable":true,"href":"https:\/\/tvbrazilusa.com\/pt\/wp-json\/wp\/v2\/comments?post=37881"}],"version-history":[{"count":1,"href":"https:\/\/tvbrazilusa.com\/pt\/wp-json\/wp\/v2\/posts\/37881\/revisions"}],"predecessor-version":[{"id":37883,"href":"https:\/\/tvbrazilusa.com\/pt\/wp-json\/wp\/v2\/posts\/37881\/revisions\/37883"}],"wp:featuredmedia":[{"embeddable":true,"href":"https:\/\/tvbrazilusa.com\/pt\/wp-json\/wp\/v2\/media\/37882"}],"wp:attachment":[{"href":"https:\/\/tvbrazilusa.com\/pt\/wp-json\/wp\/v2\/media?parent=37881"}],"wp:term":[{"taxonomy":"category","embeddable":true,"href":"https:\/\/tvbrazilusa.com\/pt\/wp-json\/wp\/v2\/categories?post=37881"},{"taxonomy":"post_tag","embeddable":true,"href":"https:\/\/tvbrazilusa.com\/pt\/wp-json\/wp\/v2\/tags?post=37881"}],"curies":[{"name":"wp","href":"https:\/\/api.w.org\/{rel}","templated":true}]}}