{"id":3789,"date":"2024-07-19T11:00:00","date_gmt":"2024-07-19T11:00:00","guid":{"rendered":"https:\/\/tvbrazilusa.com\/2024\/07\/19\/lula-decreta-sigilo-de-100-anos-em-declaracao-de-conflito-de-interesses-de-ministro-de-minas-e-energia-paulo-figueiredo\/"},"modified":"2024-07-19T11:13:59","modified_gmt":"2024-07-19T11:13:59","slug":"lula-decreta-sigilo-de-100-anos-em-declaracao-de-conflito-de-interesses-de-ministro-de-minas-e-energia-paulo-figueiredo","status":"publish","type":"post","link":"https:\/\/tvbrazilusa.com\/pt\/2024\/07\/19\/lula-decreta-sigilo-de-100-anos-em-declaracao-de-conflito-de-interesses-de-ministro-de-minas-e-energia-paulo-figueiredo\/","title":{"rendered":"Lula decreta sigilo de 100 anos em declara\u00e7\u00e3o de conflito de interesses de ministro de Minas e Energia &#8211; Paulo Figueiredo"},"content":{"rendered":"<p> <script async src=\"https:\/\/pagead2.googlesyndication.com\/pagead\/js\/adsbygoogle.js?client=ca-pub-8864793242727901\"\r\n     crossorigin=\"anonymous\"><\/script><br \/>\n<\/p>\n<div id=\"wtr-content\" data-bg=\"#FFFFFF\" data-fg=\"#006d91\" data-width=\"25\" data-mute=\"1\" data-fgopacity=\"1.00\" data-mutedopacity=\"0.5\" data-placement=\"bottom\" data-placement-offset=\"0\" data-content-offset=\"262\" data-placement-touch=\"bottom\" data-placement-offset-touch=\"0\" data-transparent=\"\" data-shadow=\"0\" data-touch=\"1\" data-non-touch=\"1\" data-comments=\"0\" data-commentsbg=\"transparent\" data-location=\"page\" data-mutedfg=\"#006d91\" data-endfg=\"#006d91\" data-rtl=\"\">\n<pre class=\"wp-block-preformatted has-small-font-size\">Foto - Marcelo Camargo<\/pre>\n<h3 class=\"wp-block-heading\">Durante a campanha presidencial de 2022, o petista prometeu acabar com esse mecanismo<\/h3>\n<p>O governo Lula (PT) negou solicita\u00e7\u00e3o do UOL e decretou sigilo de 100 anos na declara\u00e7\u00e3o de conflito de interesses do ministro de Minas e Energia, Alexandre Silveira. O documento \u00e9 submetido por autoridades \u00e0 Comiss\u00e3o de \u00c9tica da Presid\u00eancia e inclui informa\u00e7\u00f5es fiscais, banc\u00e1rias, pessoais e patrimoniais.<\/p>\n<p>Al\u00e9m disso, a listagem abrange a exist\u00eancia de c\u00f4njuge, companheiro ou parente com atividades que possam causar \u201cconflitos de interesses\u201d e as atividades privadas realizadas no ano anterior \u00e0 posse.<\/p>\n<p>A decis\u00e3o partiu da\u00a0<strong>Comiss\u00e3o Mista de Reavalia\u00e7\u00e3o de Informa\u00e7\u00f5es (CMRI)<\/strong>. Esta \u00e9 a \u00faltima inst\u00e2ncia recursal no Executivo federal para pedidos baseados na Lei de Acesso \u00e0 Informa\u00e7\u00e3o (LAI).<\/p>\n<h3 class=\"wp-block-heading\" id=\"2ede462c\"><a href=\"https:\/\/wainews-homolog.streamlit.app\/~\/+\/#2ede462c\"\/>Sigilo de 100 anos pela \u2018prote\u00e7\u00e3o \u00e0 vida privada\u2019<\/h3>\n<p>A CMRI manteve o entendimento da Controladoria-Geral da Uni\u00e3o (CGU) de que as informa\u00e7\u00f5es se referem \u00e0 vida privada do ministro. Portanto, o \u00f3rg\u00e3o afirma que elas devem ficar sob sigilo de 100 anos.<\/p>\n<p>\u201cOs dados pessoais presentes no documento s\u00e3o de acesso restrito, visto que se referem a aspectos da vida privada e intimidade do titular e, portanto, n\u00e3o publiciz\u00e1veis, independentemente de classifica\u00e7\u00e3o das informa\u00e7\u00f5es e pelo prazo m\u00e1ximo de 100 anos, a contar da sua data de produ\u00e7\u00e3o\u201d, diz a decis\u00e3o.<\/p>\n<p>A CMRI tem entre seus membros titulares de dez minist\u00e9rios, incluindo Casa Civil, Justi\u00e7a, Rela\u00e7\u00f5es Exteriores, Defesa, Fazenda, Direitos Humanos, Seguran\u00e7a Institucional da Presid\u00eancia, Advocacia-Geral da Uni\u00e3o e Gest\u00e3o e Inova\u00e7\u00e3o em Servi\u00e7os P\u00fablicos. Os suplentes s\u00e3o servidores dessas pastas.<\/p>\n<h3 class=\"wp-block-heading\" id=\"f7e28c94\"><a href=\"https:\/\/wainews-homolog.streamlit.app\/~\/+\/#f7e28c94\"\/>Hist\u00f3rico do sigilo de 100 anos<\/h3>\n<p>O sigilo de 100 anos \u00e9 previsto na LAI para informa\u00e7\u00f5es privadas. Durante a campanha presidencial de 2022, Lula prometeu acabar com o sigilo de 100 anos. Uma das primeiras medidas de Lula como presidente foi ordenar a revis\u00e3o dos sigilos que ficaram de heran\u00e7a do governo Bolsonaro.<\/p>\n<\/div>\n<p><br \/>\n<br \/><a href=\"https:\/\/paulofigueiredoshow.com\/lula-decreta-sigilo-de-100-anos-em-declaracao-de-conflito-de-interesses-de-ministro-de-minas-e-energia\/\">Source link <\/a><\/p>","protected":false},"excerpt":{"rendered":"<p>Foto &#8211; Marcelo Camargo Durante a campanha presidencial de 2022, o petista prometeu acabar com esse mecanismo O governo Lula (PT) negou solicita\u00e7\u00e3o do UOL e decretou sigilo de 100&hellip;<\/p>","protected":false},"author":1,"featured_media":3790,"comment_status":"closed","ping_status":"open","sticky":false,"template":"","format":"standard","meta":{"content-type":"","footnotes":""},"categories":[16],"tags":[],"class_list":["post-3789","post","type-post","status-publish","format-standard","has-post-thumbnail","hentry","category-noticias"],"_links":{"self":[{"href":"https:\/\/tvbrazilusa.com\/pt\/wp-json\/wp\/v2\/posts\/3789","targetHints":{"allow":["GET"]}}],"collection":[{"href":"https:\/\/tvbrazilusa.com\/pt\/wp-json\/wp\/v2\/posts"}],"about":[{"href":"https:\/\/tvbrazilusa.com\/pt\/wp-json\/wp\/v2\/types\/post"}],"author":[{"embeddable":true,"href":"https:\/\/tvbrazilusa.com\/pt\/wp-json\/wp\/v2\/users\/1"}],"replies":[{"embeddable":true,"href":"https:\/\/tvbrazilusa.com\/pt\/wp-json\/wp\/v2\/comments?post=3789"}],"version-history":[{"count":1,"href":"https:\/\/tvbrazilusa.com\/pt\/wp-json\/wp\/v2\/posts\/3789\/revisions"}],"predecessor-version":[{"id":3791,"href":"https:\/\/tvbrazilusa.com\/pt\/wp-json\/wp\/v2\/posts\/3789\/revisions\/3791"}],"wp:featuredmedia":[{"embeddable":true,"href":"https:\/\/tvbrazilusa.com\/pt\/wp-json\/wp\/v2\/media\/3790"}],"wp:attachment":[{"href":"https:\/\/tvbrazilusa.com\/pt\/wp-json\/wp\/v2\/media?parent=3789"}],"wp:term":[{"taxonomy":"category","embeddable":true,"href":"https:\/\/tvbrazilusa.com\/pt\/wp-json\/wp\/v2\/categories?post=3789"},{"taxonomy":"post_tag","embeddable":true,"href":"https:\/\/tvbrazilusa.com\/pt\/wp-json\/wp\/v2\/tags?post=3789"}],"curies":[{"name":"wp","href":"https:\/\/api.w.org\/{rel}","templated":true}]}}