{"id":37893,"date":"2024-09-16T14:53:58","date_gmt":"2024-09-16T14:53:58","guid":{"rendered":"https:\/\/tvbrazilusa.com\/2024\/09\/16\/robert-f-kennedy-jr-diz-que-esta-sendo-investigado-por-carcaca-de-baleia\/"},"modified":"2024-09-16T14:57:37","modified_gmt":"2024-09-16T14:57:37","slug":"robert-f-kennedy-jr-diz-que-esta-sendo-investigado-por-carcaca-de-baleia","status":"publish","type":"post","link":"https:\/\/tvbrazilusa.com\/pt\/2024\/09\/16\/robert-f-kennedy-jr-diz-que-esta-sendo-investigado-por-carcaca-de-baleia\/","title":{"rendered":"Robert F. Kennedy Jr. diz que est\u00e1 sendo investigado por carca\u00e7a de baleia"},"content":{"rendered":"<p> <script async src=\"https:\/\/pagead2.googlesyndication.com\/pagead\/js\/adsbygoogle.js?client=ca-pub-8864793242727901\"\r\n     crossorigin=\"anonymous\"><\/script><br \/>\n<\/p>\n<div id=\"\">\n<header class=\"m-article-header m-article-header--standard\">\n\t\t\t\t\t\t\t\t\t\t\t\t<span id=\"article-header-primary-term\"><br \/>\n\t\t\t\t\t\t\t\t<a class=\"a-term a-term--primary\" href=\"https:\/\/www.boston.com\/tag\/national-news\/\"><\/p>\n<p>\t\t\t\t\t\t\t\tNot\u00edcias Nacionais\t\t\t\t\t\t\t\t<\/a><br \/>\n\t\t\t\t\t\t\t<\/span><\/p>\n<h2 class=\"m-article-header__sub-headline\">Ele fez a afirma\u00e7\u00e3o em um evento de campanha do ex-presidente Donald Trump, a quem ele apoiou ap\u00f3s encerrar sua problem\u00e1tica candidatura independente \u00e0 presid\u00eancia.<\/h2>\n<figure class=\"a-photo m-article-header__photo\"><figcaption class=\"a-photo__caption\">\n<p>\tO ex-candidato independente \u00e0 presid\u00eancia Robert F. Kennedy Jr., \u00e0 esquerda, responde a uma pergunta enquanto a ex-deputada democrata Tulsi Gabbard ouve enquanto eles se encontram com a m\u00eddia ap\u00f3s um evento de campanha do candidato presidencial republicano, ex-presidente Donald Trump, no s\u00e1bado, 14 de setembro de 2024, em Glendale, Arizona.<em> Ross D. Franklin \/ AP<\/em>\t<\/figcaption><\/figure>\n<div class=\"m-article-header__meta\">\n<div class=\"m-article-header__byline\">\n<p class=\"m-article-header__author\">\n<p>\t\t\t\t\t\t\t\tPor Simon J. Levien, New York Times Service\t\t\t\t\t\t\t<\/p>\n<p>\t\t\t\t\t\t    \t\t\t\t\t\t\t<time class=\"m-article-header__date\"><\/p>\n<p>        \t\t\t\t\t\t\tatualizado em 16 de setembro de 2024 | 10:54 AM    \t\t\t\t\t\t\t<\/time><\/p><\/div>\n<\/p><\/div>\n<\/header>\n<p>GLENDALE, Arizona \u2014 Em seu primeiro grande evento de campanha para o ex-presidente Donald Trump, Robert F. Kennedy Jr. disse a uma multid\u00e3o na noite de s\u00e1bado que estava sendo investigado pelo manuseio de uma carca\u00e7a de baleia d\u00e9cadas atr\u00e1s.<\/p>\n<p>Kennedy, que apoiou Trump no m\u00eas passado ap\u00f3s encerrar sua pr\u00f3pria corrida independente para a presid\u00eancia, disse no evento em Glendale, Arizona, que recebeu uma carta de um instituto nacional de pesca &#8220;dizendo que eles estavam me investigando por coletar um esp\u00e9cime de baleia h\u00e1 20 anos&#8221;. Ele sugeriu que o inqu\u00e9rito foi motivado politicamente e disse que acreditava estar protegido pelo estatuto de limita\u00e7\u00f5es.<\/p>\n<p>O epis\u00f3dio da baleia veio \u00e0 tona durante o ver\u00e3o depois que Kennedy reconheceu que havia deixado um filhote de urso morto no Central Park, na cidade de Nova York, em 2014, como uma brincadeira. Isso chamou a aten\u00e7\u00e3o para <a href=\"https:\/\/www.townandcountrymag.com\/society\/tradition\/a924\/kick-kennedy-interview\/\">um artigo de 2012 da Town &#038; Country<\/a> em que sua filha Kick Kennedy disse que Kennedy certa vez cortou com uma motosserra a cabe\u00e7a de uma baleia morta na costa de Hyannis Port, Massachusetts, e fez uma viagem de cinco horas at\u00e9 sua casa em Mount Kisco, Nova York, com a cabe\u00e7a afixada no teto de uma minivan.<\/p>\n<p>A men\u00e7\u00e3o \u00e0 investiga\u00e7\u00e3o foi um momento estranho em uma parada de campanha, onde Kennedy alternou entre pedir a seus seguidores que apoiassem Trump e continuar tentando vender suas pr\u00f3prias pol\u00edticas sobre quest\u00f5es de sa\u00fade e meio ambiente, agora com uma inflex\u00e3o MAGA renovada.<\/p>\n<p>\u201cFa\u00e7a a Am\u00e9rica saud\u00e1vel novamente!\u201d Kennedy, um c\u00e9tico da vacina que promoveu uma liga\u00e7\u00e3o refutada entre vacinas e autismo, declarou sob aplausos de centenas de pessoas no gin\u00e1sio da Arizona Christian University. \u201cEle vai acabar com a epidemia de doen\u00e7as cr\u00f4nicas e queria minha ajuda para fazer isso.\u201d<\/p>\n<p>Quando Kennedy estava ponderando se deveria encerrar sua candidatura, ele abordou a vice-presidente Kamala Harris e Trump para ver se eles poderiam lhe oferecer uma posi\u00e7\u00e3o no Gabinete. A campanha de Harris se recusou a se encontrar com ele, mas ele encontrou um p\u00fablico receptivo em Trump, embora eles tivessem trocado insultos como rivais. O ex-presidente n\u00e3o prometeu publicamente a Kennedy uma posi\u00e7\u00e3o no Gabinete, mas indicou que trabalharia com Kennedy em uma for\u00e7a-tarefa sobre problemas cr\u00f4nicos de sa\u00fade.<\/p>\n<p>No evento, onde apareceu com a ex-deputada Tulsi Gabbard do Hava\u00ed, outra ex-democrata, Kennedy atribuiu a polariza\u00e7\u00e3o pol\u00edtica no pa\u00eds \u00e0 &#8220;hipnose e a uma opera\u00e7\u00e3o psicol\u00f3gica&#8221; orquestrada por aqueles no poder.<\/p>\n<p>No m\u00eas passado, o bra\u00e7o pol\u00edtico do Centro para Diversidade Biol\u00f3gica, um grupo ambientalista progressista, enviou uma carta \u00e0 Administra\u00e7\u00e3o Oce\u00e2nica e Atmosf\u00e9rica Nacional e pediu uma investiga\u00e7\u00e3o sobre o epis\u00f3dio das baleias, argumentando que Kennedy pode ter violado leis de conserva\u00e7\u00e3o.<\/p>\n<p>\u00c9 uma viola\u00e7\u00e3o da lei federal coletar partes de um animal marinho protegido enquanto ainda houver \u201ctecidos moles\u201d na carca\u00e7a.<\/p>\n<p>No palco do com\u00edcio, Kennedy disse que recebeu uma carta logo ap\u00f3s endossar Trump do \u201cNational Marine Fisheries Institute\u201d. Kennedy pode ter se referido ao National Marine Fisheries Service, comumente conhecido como NOAA Fisheries, que supervisiona a prote\u00e7\u00e3o marinha. Representantes da NOAA Fisheries n\u00e3o responderam imediatamente a um pedido de coment\u00e1rio.<\/p>\n<p>Kennedy disse no com\u00edcio que havia escrito de volta aos seus poss\u00edveis investigadores de baleias, acusando o governo de permitir parques e\u00f3licos offshore que matam baleias em massa, uma alega\u00e7\u00e3o que Trump tamb\u00e9m fez e para a qual n\u00e3o h\u00e1 evid\u00eancias.<\/p>\n<p>Questionado ap\u00f3s o com\u00edcio sobre a investiga\u00e7\u00e3o, Kennedy se recusou a fornecer mais detalhes, dizendo que o assunto era \u201cfofoca sem sentido\u201d.<\/p>\n<p><em>Este artigo foi publicado originalmente em <a href=\"https:\/\/www.nytimes.com\/2024\/09\/15\/us\/politics\/robert-f-kennedy-jr-trump-whale-carcass.html\">O jornal New York Times<\/a>.<\/em><\/p>\n<\/p><\/div>\n<p><script>\n\t\tvar consent=\"grant\";\n\t\t\/* The above code is parsing the JSON data from the local storage and storing it in a variable. *\/\n\t\t\t\t\tconst onetrustStorageConsent = JSON.parse(localStorage.getItem( 'consent_one_trust_bdc' ) );\n\t\t\tif ( ( onetrustStorageConsent !== null ) ) {\n\t\t\t\t\/* Checking to see if the user has consented to the use of cookies.\n\t\t\t\t* If they have not, it is deleting the cookie.\n\t\t\t\t* This will comment for now, until further notice.\n\t\t\t\t*\/\n\t\t\t\t\/\/if ( onetrustStorageConsent.C0002 === false ) {\n\t\t\t\t\/\/\tdocument.cookie=\"_fbp=;expires=Thu, 01 Jan 2010 00:00:00 UTC; path=\/; domain=.boston.com\";\n\t\t\t\t\/\/}\n\t\t\t\t\/* Checking if the user has given consent for the cookie C0002.\n\t\t\t\t* If the user has given consent, the variable consent will be set to 'grant'.\n\t\t\t\t* If the user has not given consent,the variable consent will be set to 'revoke'.\n\t\t\t\t* Documentation https:\/\/developers.facebook.com\/docs\/meta-pixel\/implementation\/gdpr\n\t\t\t\t*\/\n\t\t\t\tif ( onetrustStorageConsent.C0002 !== true ) {\n\t\t\t\t\tconsent=\"revoke\";\n\t\t\t\t}\n\t\t\t}\n\t\t\t\t!function(f,b,e,v,n,t,s)\n\t\t{if(f.fbq)return;n=f.fbq=function(){n.callMethod?\n\t\tn.callMethod.apply(n,arguments):n.queue.push(arguments)};\n\t\tif(!f._fbq)f._fbq=n;n.push=n;n.loaded=!0;n.version='2.0';\n\t\tn.queue=[];t=b.createElement(e);t.async=!0;\n\t\tt.src=v;s=b.getElementsByTagName(e)[0];\n\t\ts.parentNode.insertBefore(t,s)}(window, document,'script',\n\t\t'https:\/\/connect.facebook.net\/en_US\/fbevents.js');\n\t\tfbq('consent', consent);\n\t\tfbq('init', '989222871864976');\n\t\tfbq('track', 'PageView');\n\t<\/script><script type=\"module\">\n\t\tvar consent=\"grant\";\n\t\t\/* The above code is parsing the JSON data from the local storage and storing it in a variable. *\/\n\t\t\tconst onetrustStorageConsent = JSON.parse(localStorage.getItem( 'consent_one_trust_bdc' ) );\n\t\t\t\/* Checking to see if the user has consented to the use of cookies.\n\t\t\t* If they have not, it is deleting the cookie.\n\t\t\t* This will comment for now, until further notice.\n\t\t\t*\/\n\t\t\t\/\/if ( onetrustStorageConsent.C0002 === false ) {\n\t\t\t\/\/\tdocument.cookie=\"_fbp=;expires=Thu, 01 Jan 2010 00:00:00 UTC; path=\/; domain=.boston.com\";\n\t\t\t\/\/}\n\t\t\t\/* Checking if the user has given consent for the cookie C0002.\n\t\t\t* If the user has given consent, the variable consent will be set to 'grant'.\n\t\t\t* If the user has not given consent,the variable consent will be set to 'revoke'.\n\t\t\t* Documentation https:\/\/developers.facebook.com\/docs\/meta-pixel\/implementation\/gdpr\n\t\t\t*\/\n\t\t\tif ( ( onetrustStorageConsent !== null ) && (onetrustStorageConsent.C0002 !== true ) ) {\n\t\t\t\tconsent=\"revoke\";\n\t\t\t}\n\t\t\t\t!function(f,b,e,v,n,t,s){if(f.fbq)return;n=f.fbq=function()\n\t\t{n.callMethod? n.callMethod.apply(n,arguments):n.queue.push(arguments)}\n\t\t;if(!f._fbq)f._fbq=n;\n\t\tn.push=n;n.loaded=!0;n.version='2.0';n.queue=[];t=b.createElement(e);t.async=!0;\n\t\tt.src=v;s=b.getElementsByTagName(e)[0];s.parentNode.insertBefore(t,s)}(window,\n\t\tdocument,'script','https:\/\/connect.facebook.net\/en_US\/fbevents.js');\n\t\tfbq('consent', consent);\n\t\tfbq('init', '813236348753005');\n\t\tfbq('track', \"PageView\");\n\t<\/script><br \/>\n<br \/><br \/>\n<br \/><a href=\"https:\/\/www.boston.com\/news\/national-news\/2024\/09\/16\/robert-f-kennedy-jr-says-he-is-being-investigated-for-whale-carcass\/\">Source link <\/a><\/p>","protected":false},"excerpt":{"rendered":"<p>Not\u00edcias Nacionais Ele fez a afirma\u00e7\u00e3o em um evento de campanha do ex-presidente Donald Trump, a quem ele apoiou ap\u00f3s encerrar sua problem\u00e1tica candidatura independente \u00e0 presid\u00eancia. O ex-candidato independente&hellip;<\/p>","protected":false},"author":1,"featured_media":37894,"comment_status":"closed","ping_status":"open","sticky":false,"template":"","format":"standard","meta":{"content-type":"","footnotes":""},"categories":[1],"tags":[],"class_list":["post-37893","post","type-post","status-publish","format-standard","has-post-thumbnail","hentry","category-uncategorized"],"_links":{"self":[{"href":"https:\/\/tvbrazilusa.com\/pt\/wp-json\/wp\/v2\/posts\/37893","targetHints":{"allow":["GET"]}}],"collection":[{"href":"https:\/\/tvbrazilusa.com\/pt\/wp-json\/wp\/v2\/posts"}],"about":[{"href":"https:\/\/tvbrazilusa.com\/pt\/wp-json\/wp\/v2\/types\/post"}],"author":[{"embeddable":true,"href":"https:\/\/tvbrazilusa.com\/pt\/wp-json\/wp\/v2\/users\/1"}],"replies":[{"embeddable":true,"href":"https:\/\/tvbrazilusa.com\/pt\/wp-json\/wp\/v2\/comments?post=37893"}],"version-history":[{"count":1,"href":"https:\/\/tvbrazilusa.com\/pt\/wp-json\/wp\/v2\/posts\/37893\/revisions"}],"predecessor-version":[{"id":37895,"href":"https:\/\/tvbrazilusa.com\/pt\/wp-json\/wp\/v2\/posts\/37893\/revisions\/37895"}],"wp:featuredmedia":[{"embeddable":true,"href":"https:\/\/tvbrazilusa.com\/pt\/wp-json\/wp\/v2\/media\/37894"}],"wp:attachment":[{"href":"https:\/\/tvbrazilusa.com\/pt\/wp-json\/wp\/v2\/media?parent=37893"}],"wp:term":[{"taxonomy":"category","embeddable":true,"href":"https:\/\/tvbrazilusa.com\/pt\/wp-json\/wp\/v2\/categories?post=37893"},{"taxonomy":"post_tag","embeddable":true,"href":"https:\/\/tvbrazilusa.com\/pt\/wp-json\/wp\/v2\/tags?post=37893"}],"curies":[{"name":"wp","href":"https:\/\/api.w.org\/{rel}","templated":true}]}}